{"id":262313,"date":"2024-05-06T15:03:20","date_gmt":"2024-05-06T19:03:20","guid":{"rendered":"https:\/\/www.prwrestling.com\/nw\/?p=262313"},"modified":"2024-05-06T15:03:20","modified_gmt":"2024-05-06T19:03:20","slug":"nueva-faccion-podria-empanar-el-legado-de-bray-wyatt-dice-veterano-de-la-wwe","status":"publish","type":"post","link":"https:\/\/www.prwrestling.com\/nw\/nueva-faccion-podria-empanar-el-legado-de-bray-wyatt-dice-veterano-de-la-wwe\/","title":{"rendered":"Nueva facci\u00f3n podr\u00eda empa\u00f1ar el legado de Bray Wyatt, dice veterano de la WWE"},"content":{"rendered":"<p><span style=\"vertical-align: inherit;\"><span style=\"vertical-align: inherit;\">Seg\u00fan se informa, una nueva facci\u00f3n con tem\u00e1tica de Bray Wyatt debutar\u00e1 pronto en la WWE. Vince Russo respeta la decisi\u00f3n de WWE de rendir homenaje a la fallecida superestrella, pero tiene reservas sobre la idea.<\/span><\/span><\/p>\n<p><!--more--><\/p>\n<div id=\"ad-slot\" style=\"min-width: 300px; min-height: 250px;\">\r\n<p style=\"text-align: center;\">\r\n<script async src=\"https:\/\/pagead2.googlesyndication.com\/pagead\/js\/adsbygoogle.js\"><\/script>\r\n<!-- 300x250 sc a -->\r\n<ins class=\"adsbygoogle\"\r\n     style=\"display:inline-block;width:300px;height:250px\"\r\n     data-ad-client=\"ca-pub-1244235910658811\"\r\n     data-ad-slot=\"8592682546\"><\/ins>\r\n<script>\r\n     (adsbygoogle = window.adsbygoogle || []).push({});\r\n<\/script><\/center>\r\n<\/p><\/div>\n<p><span style=\"vertical-align: inherit;\"><span style=\"vertical-align: inherit;\">El 24 de agosto de 2023, Wyatt falleci\u00f3 a la edad de 36 a\u00f1os tras sufrir un infarto. Seg\u00fan\u00a0 <\/span><\/span><em><a href=\"https:\/\/pwinsider.com\/article\/183402\/where-all-the-latest-wwe-qr-codes-are-heading-spoiler.html\" target=\"_blank\" rel=\"nofollow noopener noreferrer\" data-is-sponsored=\"false\"><span style=\"vertical-align: inherit;\"><span style=\"vertical-align: inherit;\">PW Insider<\/span><\/span><\/a><\/em><span style=\"vertical-align: inherit;\"><span style=\"vertical-align: inherit;\"> , los recientes avances del c\u00f3digo QR en la televisi\u00f3n de la WWE conducir\u00e1n a la introducci\u00f3n de un\u00a0 <\/span><\/span><a href=\"https:\/\/www.prwrestling.com\/nw\/el-regreso-de-una-nueva-version-de-la-familia-wyatt-a-la-wwe-con-varios-integrantes-es-posible-tras-nueva-pista\/\"><span style=\"vertical-align: inherit;\"><span style=\"vertical-align: inherit;\">nuevo grupo<\/span><\/span><\/a><span style=\"vertical-align: inherit;\"><span style=\"vertical-align: inherit;\">.<\/span><\/span><\/p>\n<p><span style=\"vertical-align: inherit;\"><span style=\"vertical-align: inherit;\">Russo tiene una vasta experiencia en el negocio de la lucha libre como escritor para TNA, WCW y WWE. Hablando con el presentador Dr. Chris Featherstone en <\/span><\/span><em><span style=\"vertical-align: inherit;\"><span style=\"vertical-align: inherit;\">Writing With Russo<\/span><\/span><\/em><span style=\"vertical-align: inherit;\"><span style=\"vertical-align: inherit;\">\u00a0<\/span><span style=\"vertical-align: inherit;\">, cuestion\u00f3 si la idea de la facci\u00f3n funcionar\u00eda:<\/span><\/span><\/p>\n<div id=\"ad-slot\" style=\"min-width: 300px; min-height: 250px;\"><p style=\"text-align: center;\">\r\n<script async src=\"https:\/\/pagead2.googlesyndication.com\/pagead\/js\/adsbygoogle.js\"><\/script>\r\n<!-- Responsive sc c -->\r\n<ins class=\"adsbygoogle\"\r\n     style=\"display:block\"\r\n     data-ad-client=\"ca-pub-1244235910658811\"\r\n     data-ad-slot=\"4234005358\"\r\n     data-ad-format=\"auto\"\r\n     data-full-width-responsive=\"true\"><\/ins>\r\n<script>\r\n     (adsbygoogle = window.adsbygoogle || []).push({});\r\n<\/script><\/p><\/div>\n<blockquote><p><span style=\"vertical-align: inherit;\"><span style=\"vertical-align: inherit;\">&#8220;Esto es muy, muy, muy, muy peligroso porque me quito el sombrero ante lo que est\u00e1n intentando hacer&#8221;, dijo Russo. &#8220;Est\u00e1n buscando honrar su legado, y me quito el sombrero por eso. Les doy cr\u00e9dito por eso. No tengo ning\u00fan problema con eso. Pero, Chris, esto es una pendiente resbaladiza si no es bueno porque si no es bueno, empa\u00f1ar\u00e1n su legado. Y, hermano, solo voy a seguir el historial, hermano, no la tengo.&#8221;<\/span><\/span><\/p><\/blockquote>\n<div class=\"yt-wrapper\"><iframe loading=\"lazy\" src=\"https:\/\/www.youtube.com\/embed\/J2fAIX5T8ec\" width=\"660\" height=\"370\" frameborder=\"0\" allowfullscreen=\"allowfullscreen\" data-mce-fragment=\"1\"><\/iframe><\/div>\n<p><span style=\"vertical-align: inherit;\"><span style=\"vertical-align: inherit;\">Mire el video de arriba para escuchar la opini\u00f3n de Russo sobre si The Undertaker podr\u00eda ser una buena incorporaci\u00f3n al grupo.<\/span><\/span><\/p>\n<h2><span style=\"vertical-align: inherit;\"><span style=\"vertical-align: inherit;\">Vince Russo compara el grupo de Bray Wyatt con la idea rechazada de la WWE<\/span><\/span><\/h2>\n<p><span style=\"vertical-align: inherit;\"><span style=\"vertical-align: inherit;\">\u00a0En 2020, Shane McMahon introdujo por primera vez <\/span><span style=\"vertical-align: inherit;\">el concepto RAW Underground en\u00a0 la televisi\u00f3n <\/span><\/span><a href=\"https:\/\/www.prwrestling.com\/nw\/category\/noticias-wwe\/\" target=\"_blank\" rel=\"noopener noreferrer\" data-is-sponsored=\"false\"><span style=\"vertical-align: inherit;\"><span style=\"vertical-align: inherit;\">de la WWE<\/span><\/span><\/a><span style=\"vertical-align: inherit;\"><span style=\"vertical-align: inherit;\"> . Los segmentos semanales enfrentaban a dos luchadores entre s\u00ed en peleas estilo shoot mientras otros competidores observaban.<\/span><\/span><\/p>\n<p><span style=\"vertical-align: inherit;\"><span style=\"vertical-align: inherit;\">Al igual que RAW Underground, Vince Russo cree que la facci\u00f3n con tem\u00e1tica de Bray Wyatt podr\u00eda durar poco tiempo si no es bien recibida por los fans:<\/span><\/span><\/p>\n<blockquote><p><span style=\"vertical-align: inherit;\"><span style=\"vertical-align: inherit;\">&#8220;Respeto lo que est\u00e1n intentando hacer, pero, hombre, si no lo logran y esto se convierte en otro RAW Underground, ser\u00e1 terrible y realmente, realmente, realmente dejar\u00e1 un mal sabor de boca en todos. Esto realmente es tirar un dado y arriesgarse&#8221;.\u00a0<\/span><\/span><\/p><\/blockquote>\n<blockquote class=\"instagram-media\" style=\"background: #FFF; border: 0; border-radius: 3px; box-shadow: 0 0 1px 0 rgba(0,0,0,0.5),0 1px 10px 0 rgba(0,0,0,0.15); margin: 1px; max-width: 540px; min-width: 326px; padding: 0; width: calc(100% - 2px);\" data-instgrm-captioned=\"\" data-instgrm-permalink=\"https:\/\/www.instagram.com\/p\/CDvDydtgXrb\/?utm_source=ig_embed&amp;utm_campaign=loading\" data-instgrm-version=\"14\">\n<div style=\"padding: 16px;\">\n<p>&nbsp;<\/p>\n<div style=\"display: flex; flex-direction: row; align-items: center;\">\n<div style=\"background-color: #f4f4f4; border-radius: 50%; flex-grow: 0; height: 40px; margin-right: 14px; width: 40px;\"><\/div>\n<div style=\"display: flex; flex-direction: column; flex-grow: 1; justify-content: center;\">\n<div style=\"background-color: #f4f4f4; border-radius: 4px; flex-grow: 0; height: 14px; margin-bottom: 6px; width: 100px;\"><\/div>\n<div style=\"background-color: #f4f4f4; border-radius: 4px; flex-grow: 0; height: 14px; width: 60px;\"><\/div>\n<\/div>\n<\/div>\n<div style=\"padding: 19% 0;\"><\/div>\n<div style=\"display: block; height: 50px; margin: 0 auto 12px; width: 50px;\"><\/div>\n<div style=\"padding-top: 8px;\">\n<div style=\"color: #3897f0; font-family: Arial,sans-serif; font-size: 14px; font-style: normal; font-weight: 550; line-height: 18px;\">View this post on Instagram<\/div>\n<\/div>\n<div style=\"padding: 12.5% 0;\"><\/div>\n<div style=\"display: flex; flex-direction: row; margin-bottom: 14px; align-items: center;\">\n<div>\n<div style=\"background-color: #f4f4f4; border-radius: 50%; height: 12.5px; width: 12.5px; transform: translateX(0px) translateY(7px);\"><\/div>\n<div style=\"background-color: #f4f4f4; height: 12.5px; transform: rotate(-45deg) translateX(3px) translateY(1px); width: 12.5px; flex-grow: 0; margin-right: 14px; margin-left: 2px;\"><\/div>\n<div style=\"background-color: #f4f4f4; border-radius: 50%; height: 12.5px; width: 12.5px; transform: translateX(9px) translateY(-18px);\"><\/div>\n<\/div>\n<div style=\"margin-left: 8px;\">\n<div style=\"background-color: #f4f4f4; border-radius: 50%; flex-grow: 0; height: 20px; width: 20px;\"><\/div>\n<div style=\"width: 0; height: 0; border-top: 2px solid transparent; border-left: 6px solid #f4f4f4; border-bottom: 2px solid transparent; transform: translateX(16px) translateY(-4px) rotate(30deg);\"><\/div>\n<\/div>\n<div style=\"margin-left: auto;\">\n<div style=\"width: 0px; border-top: 8px solid #F4F4F4; border-right: 8px solid transparent; transform: translateY(16px);\"><\/div>\n<div style=\"background-color: #f4f4f4; flex-grow: 0; height: 12px; width: 16px; transform: translateY(-4px);\"><\/div>\n<div style=\"width: 0; height: 0; border-top: 8px solid #F4F4F4; border-left: 8px solid transparent; transform: translateY(-4px) translateX(8px);\"><\/div>\n<\/div>\n<\/div>\n<div style=\"display: flex; flex-direction: column; flex-grow: 1; justify-content: center; margin-bottom: 24px;\">\n<div style=\"background-color: #f4f4f4; border-radius: 4px; flex-grow: 0; height: 14px; margin-bottom: 6px; width: 224px;\"><\/div>\n<div style=\"background-color: #f4f4f4; border-radius: 4px; flex-grow: 0; height: 14px; width: 144px;\"><\/div>\n<\/div>\n<p>&nbsp;<\/p>\n<p style=\"color: #c9c8cd; font-family: Arial,sans-serif; font-size: 14px; line-height: 17px; margin-bottom: 0; margin-top: 8px; overflow: hidden; padding: 8px 0 7px; text-align: center; text-overflow: ellipsis; white-space: nowrap;\"><a style=\"color: #c9c8cd; font-family: Arial,sans-serif; font-size: 14px; font-style: normal; font-weight: normal; line-height: 17px; text-decoration: none;\" href=\"https:\/\/www.instagram.com\/p\/CDvDydtgXrb\/?utm_source=ig_embed&amp;utm_campaign=loading\" target=\"_blank\" rel=\"noopener\">A post shared by Shayna Baszler \u2660\ufe0f (@qosbaszler)<\/a><\/p>\n<\/div>\n<\/blockquote>\n<p><script async src=\"\/\/www.instagram.com\/embed.js\"><\/script><\/p>\n","protected":false},"excerpt":{"rendered":"<p>Seg\u00fan se informa, una nueva facci\u00f3n con tem\u00e1tica de Bray Wyatt debutar\u00e1 pronto en la WWE. Vince Russo respeta la decisi\u00f3n de WWE de rendir homenaje a la fallecida superestrella, pero tiene reservas sobre la idea.<\/p>\n","protected":false},"author":1,"featured_media":262315,"comment_status":"closed","ping_status":"closed","sticky":false,"template":"","format":"standard","meta":{"footnotes":""},"categories":[5,38],"tags":[],"class_list":{"0":"post-262313","1":"post","2":"type-post","3":"status-publish","4":"format-standard","5":"has-post-thumbnail","7":"category-noticias","8":"category-noticias-y-rumores-de-la-wwe"},"_links":{"self":[{"href":"https:\/\/www.prwrestling.com\/nw\/wp-json\/wp\/v2\/posts\/262313","targetHints":{"allow":["GET"]}}],"collection":[{"href":"https:\/\/www.prwrestling.com\/nw\/wp-json\/wp\/v2\/posts"}],"about":[{"href":"https:\/\/www.prwrestling.com\/nw\/wp-json\/wp\/v2\/types\/post"}],"author":[{"embeddable":true,"href":"https:\/\/www.prwrestling.com\/nw\/wp-json\/wp\/v2\/users\/1"}],"replies":[{"embeddable":true,"href":"https:\/\/www.prwrestling.com\/nw\/wp-json\/wp\/v2\/comments?post=262313"}],"version-history":[{"count":2,"href":"https:\/\/www.prwrestling.com\/nw\/wp-json\/wp\/v2\/posts\/262313\/revisions"}],"predecessor-version":[{"id":262316,"href":"https:\/\/www.prwrestling.com\/nw\/wp-json\/wp\/v2\/posts\/262313\/revisions\/262316"}],"wp:featuredmedia":[{"embeddable":true,"href":"https:\/\/www.prwrestling.com\/nw\/wp-json\/wp\/v2\/media\/262315"}],"wp:attachment":[{"href":"https:\/\/www.prwrestling.com\/nw\/wp-json\/wp\/v2\/media?parent=262313"}],"wp:term":[{"taxonomy":"category","embeddable":true,"href":"https:\/\/www.prwrestling.com\/nw\/wp-json\/wp\/v2\/categories?post=262313"},{"taxonomy":"post_tag","embeddable":true,"href":"https:\/\/www.prwrestling.com\/nw\/wp-json\/wp\/v2\/tags?post=262313"}],"curies":[{"name":"wp","href":"https:\/\/api.w.org\/{rel}","templated":true}]}}