{"id":2637,"date":"2015-01-16T00:35:15","date_gmt":"2015-01-16T05:35:15","guid":{"rendered":"http:\/\/prwrestling.com\/nw\/?p=2637"},"modified":"2022-08-12T08:26:58","modified_gmt":"2022-08-12T12:26:58","slug":"archivos-prw-estrellas-de-wwe-visitan-la-isla","status":"publish","type":"post","link":"https:\/\/www.prwrestling.com\/nw\/archivos-prw-estrellas-de-wwe-visitan-la-isla\/","title":{"rendered":"Benoit, Batista y otras estrellas de WWE visitan Puerto Rico (2005)"},"content":{"rendered":"<p><em>Recordamos las giras promocionales previo a &#8220;New Year&#8217;s Revolution&#8221; en la Isla en antesala al evento.<!--more--><\/em><\/p>\n<p><strong>BATISTA Y JIM ROSS EN CAROLINA 1\/8\/2005<\/strong><\/p>\n<p>Este s\u00e1bado hubo muchas personas en el local de Burger King (como de 400 a 600) de Los Colobos, Carolina, todo iba marchando muy bien, el \u00fanico problema que hubo fue que hab\u00eda personas que estuvieron mucho tiempo haciendo fila, pero no cojieron el ticket azul, que era lo que le daba derecho a obtener un aut\u00f3grafo y a tirarse una foto con Batista o Jim Ross, o sea no tuvieron la oportunidad porque era para 400 personas nada mas. Jim Ross se mostr\u00f3 muy simp\u00e1tico con la fanaticada, desde que llego hasta el momento que se fue. Batista fue el preferido de toda la fanaticada, y por cierto, Batista fue muy simp\u00e1tico y alegre con los ni\u00f1os y las damas de temprana edad (18 &#8211; 20) el los atendi\u00f3 a todos muy bien.<br \/>\n<div id=\"ad-slot\" style=\"min-width: 300px; min-height: 250px;\">\r\n<p style=\"text-align: center;\">\r\n<script async src=\"https:\/\/pagead2.googlesyndication.com\/pagead\/js\/adsbygoogle.js\"><\/script>\r\n<!-- 300x250 sc a -->\r\n<ins class=\"adsbygoogle\"\r\n     style=\"display:inline-block;width:300px;height:250px\"\r\n     data-ad-client=\"ca-pub-1244235910658811\"\r\n     data-ad-slot=\"8592682546\"><\/ins>\r\n<script>\r\n     (adsbygoogle = window.adsbygoogle || []).push({});\r\n<\/script><\/center>\r\n<\/p><\/div><br \/>\nHasta se hizo una encuesta de quien es el preferido de la c\u00e1mara de la eliminaci\u00f3n en New Years Revolution, Chris Jericho, Edge y Benoit apenas recibieron gritos y aplausos el que se pudo salvar un poco fue Triple H, los que si recibieron gritos y aplausos en cantidad fueron Batista y Randy Orton en mayor cantidad Batista. La \u00fanica queja que los fan\u00e1ticos podr\u00edan encontrar seria que los guardias de seguridad eran muy antip\u00e1ticos, se encontraba un guardia en especial Barrabas (antiguo luchador) el estaba ah\u00ed de guardia de seguridad y manteniendo el orden para Jim Ross y Batista. Todos estuvieron muy satisfechos. Batista y Jim Ross llegaron a las 6:00 PM y se fueron exactamente a las 8:00 PM.<\/p>\n<p><a href=\"http:\/\/prwrestling.com\/nw\/wp-content\/uploads\/2015\/01\/100_0030.jpg\" target=\"_blank\" rel=\"noopener\"><img loading=\"lazy\" decoding=\"async\" class=\"alignnone wp-image-2638\" src=\"http:\/\/prwrestling.com\/nw\/wp-content\/uploads\/2015\/01\/100_0030.jpg\" alt=\"100_0030\" width=\"587\" height=\"443\" srcset=\"https:\/\/www.prwrestling.com\/nw\/wp-content\/uploads\/2015\/01\/100_0030.jpg 1632w, https:\/\/www.prwrestling.com\/nw\/wp-content\/uploads\/2015\/01\/100_0030-300x226.jpg 300w, https:\/\/www.prwrestling.com\/nw\/wp-content\/uploads\/2015\/01\/100_0030-1024x773.jpg 1024w\" sizes=\"auto, (max-width: 587px) 100vw, 587px\" \/><\/a><br \/>\n<a href=\"http:\/\/prwrestling.com\/nw\/wp-content\/uploads\/2015\/01\/100_0053.jpg\" target=\"_blank\" rel=\"noopener\"><img loading=\"lazy\" decoding=\"async\" class=\"alignnone wp-image-2640\" src=\"http:\/\/prwrestling.com\/nw\/wp-content\/uploads\/2015\/01\/100_0053.jpg\" alt=\"100_0053\" width=\"490\" height=\"370\" srcset=\"https:\/\/www.prwrestling.com\/nw\/wp-content\/uploads\/2015\/01\/100_0053.jpg 816w, https:\/\/www.prwrestling.com\/nw\/wp-content\/uploads\/2015\/01\/100_0053-300x226.jpg 300w\" sizes=\"auto, (max-width: 490px) 100vw, 490px\" \/><\/a> <a href=\"http:\/\/prwrestling.com\/nw\/wp-content\/uploads\/2015\/01\/100_0044.jpg\" target=\"_blank\" rel=\"noopener\"><img loading=\"lazy\" decoding=\"async\" class=\"alignnone wp-image-2639\" src=\"http:\/\/prwrestling.com\/nw\/wp-content\/uploads\/2015\/01\/100_0044.jpg\" alt=\"100_0044\" width=\"587\" height=\"443\" srcset=\"https:\/\/www.prwrestling.com\/nw\/wp-content\/uploads\/2015\/01\/100_0044.jpg 1632w, https:\/\/www.prwrestling.com\/nw\/wp-content\/uploads\/2015\/01\/100_0044-300x226.jpg 300w, https:\/\/www.prwrestling.com\/nw\/wp-content\/uploads\/2015\/01\/100_0044-1024x773.jpg 1024w\" sizes=\"auto, (max-width: 587px) 100vw, 587px\" \/><\/a><\/p>\n<p><strong>\u00a0EUGENE, REGAL, HURRICANE Y GARCIA EN PLAZA LAS AMERICAS 1\/9\/2005<\/strong><\/p>\n<p><a href=\"http:\/\/prwrestling.com\/nw\/wp-content\/uploads\/2015\/01\/2.jpg\" target=\"_blank\" rel=\"noopener\"><img loading=\"lazy\" decoding=\"async\" class=\"alignnone size-full wp-image-2643\" src=\"http:\/\/prwrestling.com\/nw\/wp-content\/uploads\/2015\/01\/2.jpg\" alt=\"2\" width=\"480\" height=\"356\" srcset=\"https:\/\/www.prwrestling.com\/nw\/wp-content\/uploads\/2015\/01\/2.jpg 480w, https:\/\/www.prwrestling.com\/nw\/wp-content\/uploads\/2015\/01\/2-300x222.jpg 300w\" sizes=\"auto, (max-width: 480px) 100vw, 480px\" \/><\/a> <a href=\"http:\/\/prwrestling.com\/nw\/wp-content\/uploads\/2015\/01\/3.jpg\" target=\"_blank\" rel=\"noopener\"><img loading=\"lazy\" decoding=\"async\" class=\"alignnone size-full wp-image-2644\" src=\"http:\/\/prwrestling.com\/nw\/wp-content\/uploads\/2015\/01\/3.jpg\" alt=\"3\" width=\"480\" height=\"356\" srcset=\"https:\/\/www.prwrestling.com\/nw\/wp-content\/uploads\/2015\/01\/3.jpg 480w, https:\/\/www.prwrestling.com\/nw\/wp-content\/uploads\/2015\/01\/3-300x222.jpg 300w\" sizes=\"auto, (max-width: 480px) 100vw, 480px\" \/><\/a><\/p>\n<p><strong>CHRIS BENOIT EN GUAYNABO 1\/8\/2005<\/strong><\/p>\n<p>El ex-campe\u00f3n mundial de WWE Chris Benoit estuvo presente en la tarde del s\u00e1bado en las cercan\u00edas de la tienda Wrestling Store en Guaynabo firmando aut\u00f3grafos para la fanaticada.<br \/>\n<script type=\"text\/javascript\">\/\/ <![CDATA[ google_ad_client = \"ca-pub-1244235910658811\"; \/* 300x250 derecha main page *\/ google_ad_slot = \"1988061967\"; google_ad_width = 300; google_ad_height = 250; \/\/ ]]><\/script><br \/>\n<script type=\"text\/javascript\" src=\"http:\/\/pagead2.googlesyndication.com\/pagead\/show_ads.js\">\/\/ <![CDATA[ \/\/ ]]><\/script><br \/>\nEl evento comenz\u00f3 a las 3:30pm ante cientos de fans con Hugo Savinovich, Carlos Cabrera y Luz Nereida Velez de bateadora emergente d\u00e1ndole la bienvenida a los presentes mientras que la banda Papa Jack rockeaba el ambiente.<br \/>\n<div id=\"ad-slot\" style=\"min-width: 300px; min-height: 250px;\"><p style=\"text-align: center;\">\r\n<script async src=\"https:\/\/pagead2.googlesyndication.com\/pagead\/js\/adsbygoogle.js\"><\/script>\r\n<!-- Responsive sc c -->\r\n<ins class=\"adsbygoogle\"\r\n     style=\"display:block\"\r\n     data-ad-client=\"ca-pub-1244235910658811\"\r\n     data-ad-slot=\"4234005358\"\r\n     data-ad-format=\"auto\"\r\n     data-full-width-responsive=\"true\"><\/ins>\r\n<script>\r\n     (adsbygoogle = window.adsbygoogle || []).push({});\r\n<\/script><\/p><\/div><br \/>\nBenoit luego lleg\u00f3 ante una tremenda ovaci\u00f3n y mientras el publico coreaba a Benoit, este fue entrevistado brevemente por Hugo y Carlos en la cual dijo que era un honor estar en Puerto Rico, luego de esto comenzo la firma.<\/p>\n<p>A pesar que la actividad era hasta la 5:00pm, Benoit accedi\u00f3 a quedarse hasta las 6:00pm debido a la larga fila, caso igual sucedio con Batista que estuvo hasta las 2:00pm. Benoit luci\u00f3 muy contento y emocionado, incluso onde\u00f3 una bandera de Puerto Rico.<\/p>\n<p><a href=\"http:\/\/prwrestling.com\/nw\/wp-content\/uploads\/2015\/01\/benoit2.jpg\" target=\"_blank\" rel=\"noopener\"><img loading=\"lazy\" decoding=\"async\" class=\"alignnone size-full wp-image-2653\" src=\"http:\/\/prwrestling.com\/nw\/wp-content\/uploads\/2015\/01\/benoit2.jpg\" alt=\"benoit2\" width=\"640\" height=\"480\" srcset=\"https:\/\/www.prwrestling.com\/nw\/wp-content\/uploads\/2015\/01\/benoit2.jpg 640w, https:\/\/www.prwrestling.com\/nw\/wp-content\/uploads\/2015\/01\/benoit2-300x225.jpg 300w\" sizes=\"auto, (max-width: 640px) 100vw, 640px\" \/><\/a><\/p>\n<p><strong>BATISTA EN GUAYNABO\u00a01\/8\/2005<\/strong><\/p>\n<p>Dave Batista estuvo presente en la ma\u00f1ana del s\u00e1bado en las cercan\u00edas de la tienda Wrestling Store en Guaynabo firmando aut\u00f3grafos para la fanaticada.<\/p>\n<p>El evento comenz\u00f3 ante cientos de fans con Hugo Savinovich y Carlos Cabrera d\u00e1ndole la bienvenida a los presentes mientras que una banda de rock tocaba. Batista luego lleg\u00f3 ante una tremenda ovaci\u00f3n y fue entrevistado brevemente por Hugo y Carlos antes de sentarse a comenzar la firma.<br \/>\n<div id=\"ad-slot\" style=\"min-width: 300px; min-height: 250px;\">\r\n<p style=\"text-align: center;\">\r\n<script async src=\"https:\/\/pagead2.googlesyndication.com\/pagead\/js\/adsbygoogle.js\"><\/script>\r\n<!-- 300x250 sc a -->\r\n<ins class=\"adsbygoogle\"\r\n     style=\"display:inline-block;width:300px;height:250px\"\r\n     data-ad-client=\"ca-pub-1244235910658811\"\r\n     data-ad-slot=\"8592682546\"><\/ins>\r\n<script>\r\n     (adsbygoogle = window.adsbygoogle || []).push({});\r\n<\/script><\/center>\r\n<\/p><\/div><br \/>\nLa fila era una larga, con fan\u00e1ticos trayendo de todo para firmar. Desde art\u00edculos como figuras de acci\u00f3n, fotos y t\u00edtulos hasta figuras hechas a mano y fotos del luchador en sus comienzos en OVW. Batista luci\u00f3 muy cordial con todos y nos dijo que estaba muy feliz de estar en la isla (esperen la entrevista pronto).<\/p>\n<p>Entre los presentes se encontraban Eric Alexander, Wilfredo Alejandro y la reportera Luz Nereida V\u00e9lez. La actividad fluy\u00f3 muy bien dado a que estaba bien organizada.<\/p>\n<p><a href=\"http:\/\/prwrestling.com\/nw\/wp-content\/uploads\/2015\/01\/2-1.jpg\" target=\"_blank\" rel=\"noopener\"><img loading=\"lazy\" decoding=\"async\" class=\"alignnone size-full wp-image-2646\" src=\"http:\/\/prwrestling.com\/nw\/wp-content\/uploads\/2015\/01\/2-1.jpg\" alt=\"2 (1)\" width=\"640\" height=\"480\" srcset=\"https:\/\/www.prwrestling.com\/nw\/wp-content\/uploads\/2015\/01\/2-1.jpg 640w, https:\/\/www.prwrestling.com\/nw\/wp-content\/uploads\/2015\/01\/2-1-300x225.jpg 300w\" sizes=\"auto, (max-width: 640px) 100vw, 640px\" \/><\/a> <a href=\"http:\/\/prwrestling.com\/nw\/wp-content\/uploads\/2015\/01\/6.jpg\" target=\"_blank\" rel=\"noopener\"><img loading=\"lazy\" decoding=\"async\" class=\"alignnone size-full wp-image-2647\" src=\"http:\/\/prwrestling.com\/nw\/wp-content\/uploads\/2015\/01\/6.jpg\" alt=\"6\" width=\"640\" height=\"480\" srcset=\"https:\/\/www.prwrestling.com\/nw\/wp-content\/uploads\/2015\/01\/6.jpg 640w, https:\/\/www.prwrestling.com\/nw\/wp-content\/uploads\/2015\/01\/6-300x225.jpg 300w\" sizes=\"auto, (max-width: 640px) 100vw, 640px\" \/><\/a> <a href=\"http:\/\/prwrestling.com\/nw\/wp-content\/uploads\/2015\/01\/10.jpg\" target=\"_blank\" rel=\"noopener\"><img loading=\"lazy\" decoding=\"async\" class=\"alignnone size-full wp-image-2648\" src=\"http:\/\/prwrestling.com\/nw\/wp-content\/uploads\/2015\/01\/10.jpg\" alt=\"10\" width=\"640\" height=\"480\" srcset=\"https:\/\/www.prwrestling.com\/nw\/wp-content\/uploads\/2015\/01\/10.jpg 640w, https:\/\/www.prwrestling.com\/nw\/wp-content\/uploads\/2015\/01\/10-300x225.jpg 300w\" sizes=\"auto, (max-width: 640px) 100vw, 640px\" \/><\/a><\/p>\n","protected":false},"excerpt":{"rendered":"<p>Recordamos las giras promocionales previo a &#8220;New Year&#8217;s Revolution&#8221; en la Isla en antesala al evento.<\/p>\n","protected":false},"author":1,"featured_media":2653,"comment_status":"closed","ping_status":"closed","sticky":false,"template":"","format":"standard","meta":{"footnotes":""},"categories":[7,5,38],"tags":[9,7334],"class_list":{"0":"post-2637","1":"post","2":"type-post","3":"status-publish","4":"format-standard","5":"has-post-thumbnail","7":"category-archivos","8":"category-noticias","9":"category-noticias-y-rumores-de-la-wwe","10":"tag-wwe","11":"tag-wwe-en-puerto-rico"},"_links":{"self":[{"href":"https:\/\/www.prwrestling.com\/nw\/wp-json\/wp\/v2\/posts\/2637","targetHints":{"allow":["GET"]}}],"collection":[{"href":"https:\/\/www.prwrestling.com\/nw\/wp-json\/wp\/v2\/posts"}],"about":[{"href":"https:\/\/www.prwrestling.com\/nw\/wp-json\/wp\/v2\/types\/post"}],"author":[{"embeddable":true,"href":"https:\/\/www.prwrestling.com\/nw\/wp-json\/wp\/v2\/users\/1"}],"replies":[{"embeddable":true,"href":"https:\/\/www.prwrestling.com\/nw\/wp-json\/wp\/v2\/comments?post=2637"}],"version-history":[{"count":14,"href":"https:\/\/www.prwrestling.com\/nw\/wp-json\/wp\/v2\/posts\/2637\/revisions"}],"predecessor-version":[{"id":183234,"href":"https:\/\/www.prwrestling.com\/nw\/wp-json\/wp\/v2\/posts\/2637\/revisions\/183234"}],"wp:featuredmedia":[{"embeddable":true,"href":"https:\/\/www.prwrestling.com\/nw\/wp-json\/wp\/v2\/media\/2653"}],"wp:attachment":[{"href":"https:\/\/www.prwrestling.com\/nw\/wp-json\/wp\/v2\/media?parent=2637"}],"wp:term":[{"taxonomy":"category","embeddable":true,"href":"https:\/\/www.prwrestling.com\/nw\/wp-json\/wp\/v2\/categories?post=2637"},{"taxonomy":"post_tag","embeddable":true,"href":"https:\/\/www.prwrestling.com\/nw\/wp-json\/wp\/v2\/tags?post=2637"}],"curies":[{"name":"wp","href":"https:\/\/api.w.org\/{rel}","templated":true}]}}