{"id":263973,"date":"2024-06-02T11:21:24","date_gmt":"2024-06-02T15:21:24","guid":{"rendered":"https:\/\/www.prwrestling.com\/nw\/?p=263973"},"modified":"2024-06-02T11:21:35","modified_gmt":"2024-06-02T15:21:35","slug":"nic-nemeth-vs-edie-colon-entre-los-combates-oficiales-para-wwc-summer-madness","status":"publish","type":"post","link":"https:\/\/www.prwrestling.com\/nw\/nic-nemeth-vs-edie-colon-entre-los-combates-oficiales-para-wwc-summer-madness\/","title":{"rendered":"Nic Nemeth vs Eddie Col\u00f3n entre los combates oficiales para WWC Summer Madness"},"content":{"rendered":"<p><a href=\"https:\/\/www.prwrestling.com\/nw\/tag\/wwc\">WWC<\/a> ya ha anunciado el cartel para su evento principal del verano, Summer Madness, el s\u00e1bado 22 de junio en el Coliseo de Trujillo Alto. A continuaci\u00f3n las luchas anunciadas hasta el momento.<!--more--><div id=\"ad-slot\" style=\"min-width: 300px; min-height: 250px;\">\r\n<p style=\"text-align: center;\">\r\n<script async src=\"https:\/\/pagead2.googlesyndication.com\/pagead\/js\/adsbygoogle.js\"><\/script>\r\n<!-- 300x250 sc a -->\r\n<ins class=\"adsbygoogle\"\r\n     style=\"display:inline-block;width:300px;height:250px\"\r\n     data-ad-client=\"ca-pub-1244235910658811\"\r\n     data-ad-slot=\"8592682546\"><\/ins>\r\n<script>\r\n     (adsbygoogle = window.adsbygoogle || []).push({});\r\n<\/script><\/center>\r\n<\/p><\/div><\/p>\n<p><strong>Por orden del presidente de W.W.C, V\u00edctor Jovica<\/strong><\/p>\n<p>El m\u00e1s buscado, Nic Nemeth vs Eddie Col\u00f3n<\/p>\n<p><strong>Por el Campeonato de Puerto Rico<\/strong><\/p>\n<p>El h\u00e9roe de la Naci\u00f3n Xavant vs Gilbert<\/p>\n<p><strong>Triple amenaza para elegir al primer retador al Campeonato Universal<\/strong><\/p>\n<p>Mr. Big vs El Drag\u00f3n Nihan vs Black Pain<\/p>\n<p><strong>Mano a mano<\/strong><\/p>\n<p>Ryan Nemeth vs Bryan Idol<\/p>\n<div id=\"ad-slot\" style=\"min-width: 300px; min-height: 250px;\"><p style=\"text-align: center;\">\r\n<script async src=\"https:\/\/pagead2.googlesyndication.com\/pagead\/js\/adsbygoogle.js\"><\/script>\r\n<!-- Responsive sc c -->\r\n<ins class=\"adsbygoogle\"\r\n     style=\"display:block\"\r\n     data-ad-client=\"ca-pub-1244235910658811\"\r\n     data-ad-slot=\"4234005358\"\r\n     data-ad-format=\"auto\"\r\n     data-full-width-responsive=\"true\"><\/ins>\r\n<script>\r\n     (adsbygoogle = window.adsbygoogle || []).push({});\r\n<\/script><\/p><\/div>\n<p><strong>Por el Campeonato de Televisi\u00f3n<\/strong><\/p>\n<p>Lightning vs Zion R.T. 1<\/p>\n<p><strong>Pelea ordenada por el director de operaciones, Eddie Col\u00f3n<\/strong><\/p>\n<p><strong>Por los campeonatos en pareja<\/strong><\/p>\n<p>Mike Nice y Chicano vs Tony Legenda y Julio Jim\u00e9nez<br \/>\n<iframe loading=\"lazy\" style=\"border: none; overflow: hidden;\" src=\"https:\/\/www.facebook.com\/plugins\/video.php?height=314&amp;href=https%3A%2F%2Fwww.facebook.com%2FWWC1973%2Fvideos%2F3709752952634842%2F&amp;show_text=false&amp;width=560&amp;t=0\" width=\"560\" height=\"314\" frameborder=\"0\" scrolling=\"no\" allowfullscreen=\"allowfullscreen\"><\/iframe><\/p>\n<h2>Ray Gonzalez lanza reto a Intelecto 5 Estrellas<\/h2>\n<p>Este fin de semana en SuperEstrellas WWC <a href=\"https:\/\/www.prwrestling.com\/nw\/tag\/ray-gonzalez\">Ray Gonz\u00e1lez<\/a> lanz\u00f3 un desafiante reto a Intelecto 5 Estrellas tras ser traicionado. Gonz\u00e1lez expres\u00f3 p\u00fablicamente su decepci\u00f3n y enojo hacia Intelecto 5 Estrellas, quien seg\u00fan \u00e9l, rompi\u00f3 la confianza que compart\u00edan. Decidido a resolver esta situaci\u00f3n, Ray Gonz\u00e1lez ret\u00f3 a Intelecto 5 Estrellas a una lucha, en la que buscar\u00e1 no solo reivindicar su honor, sino tambi\u00e9n demostrar que la historia ser\u00e1 otra frente a frente.<\/p>\n<p>A pesar del fuerte desaf\u00edo, no se especific\u00f3 una fecha concreta para la esperada confrontaci\u00f3n.<br \/>\n<iframe loading=\"lazy\" style=\"border: none; overflow: hidden;\" src=\"https:\/\/www.facebook.com\/plugins\/video.php?height=476&amp;href=https%3A%2F%2Fwww.facebook.com%2FWWC1973%2Fvideos%2F773260871661126%2F&amp;show_text=false&amp;width=267&amp;t=0\" width=\"267\" height=\"476\" frameborder=\"0\" scrolling=\"no\" allowfullscreen=\"allowfullscreen\"><\/iframe><\/p>\n","protected":false},"excerpt":{"rendered":"<p>WWC ya ha anunciado el cartel para su evento principal del verano, Summer Madness, el s\u00e1bado 22 de junio en el Coliseo de Trujillo Alto. A continuaci\u00f3n las luchas anunciadas hasta el momento.<\/p>\n","protected":false},"author":1,"featured_media":263975,"comment_status":"closed","ping_status":"closed","sticky":false,"template":"","format":"standard","meta":{"footnotes":""},"categories":[7409,5],"tags":[34],"class_list":{"0":"post-263973","1":"post","2":"type-post","3":"status-publish","4":"format-standard","5":"has-post-thumbnail","7":"category-lucha-libre-de-puerto-rico","8":"category-noticias","9":"tag-wwc"},"_links":{"self":[{"href":"https:\/\/www.prwrestling.com\/nw\/wp-json\/wp\/v2\/posts\/263973","targetHints":{"allow":["GET"]}}],"collection":[{"href":"https:\/\/www.prwrestling.com\/nw\/wp-json\/wp\/v2\/posts"}],"about":[{"href":"https:\/\/www.prwrestling.com\/nw\/wp-json\/wp\/v2\/types\/post"}],"author":[{"embeddable":true,"href":"https:\/\/www.prwrestling.com\/nw\/wp-json\/wp\/v2\/users\/1"}],"replies":[{"embeddable":true,"href":"https:\/\/www.prwrestling.com\/nw\/wp-json\/wp\/v2\/comments?post=263973"}],"version-history":[{"count":4,"href":"https:\/\/www.prwrestling.com\/nw\/wp-json\/wp\/v2\/posts\/263973\/revisions"}],"predecessor-version":[{"id":263978,"href":"https:\/\/www.prwrestling.com\/nw\/wp-json\/wp\/v2\/posts\/263973\/revisions\/263978"}],"wp:featuredmedia":[{"embeddable":true,"href":"https:\/\/www.prwrestling.com\/nw\/wp-json\/wp\/v2\/media\/263975"}],"wp:attachment":[{"href":"https:\/\/www.prwrestling.com\/nw\/wp-json\/wp\/v2\/media?parent=263973"}],"wp:term":[{"taxonomy":"category","embeddable":true,"href":"https:\/\/www.prwrestling.com\/nw\/wp-json\/wp\/v2\/categories?post=263973"},{"taxonomy":"post_tag","embeddable":true,"href":"https:\/\/www.prwrestling.com\/nw\/wp-json\/wp\/v2\/tags?post=263973"}],"curies":[{"name":"wp","href":"https:\/\/api.w.org\/{rel}","templated":true}]}}