{"id":265489,"date":"2024-06-21T14:40:46","date_gmt":"2024-06-21T18:40:46","guid":{"rendered":"https:\/\/www.prwrestling.com\/nw\/?p=265489"},"modified":"2024-06-21T14:40:46","modified_gmt":"2024-06-21T18:40:46","slug":"mvp-revela-triple-h-se-nego-en-traer-de-vuelta-a-the-hurt-business","status":"publish","type":"post","link":"https:\/\/www.prwrestling.com\/nw\/mvp-revela-triple-h-se-nego-en-traer-de-vuelta-a-the-hurt-business\/","title":{"rendered":"MVP revela Triple H se neg\u00f3 en traer de vuelta a The Hurt Business"},"content":{"rendered":"<div class=\"cntn-wrp artl-cnt\">\n<p><span style=\"vertical-align: inherit;\"><span style=\"vertical-align: inherit;\">The Hurt Business, formado por Bobby Lashley, MVP, Cedric Alexander y Shelton Benjamin, tuvo un impacto significativo durante su tiempo en la WWE. Desafortunadamente, el grupo se disolvi\u00f3 en 2021, para gran decepci\u00f3n de sus seguidores. Recientemente, MVP afirm\u00f3 que Triple H se ha negado a traer de vuelta la facci\u00f3n.<\/span><\/span><br \/>\n<!--more--><div id=\"ad-slot\" style=\"min-width: 300px; min-height: 250px;\">\r\n<p style=\"text-align: center;\">\r\n<script async src=\"https:\/\/pagead2.googlesyndication.com\/pagead\/js\/adsbygoogle.js\"><\/script>\r\n<!-- 300x250 sc a -->\r\n<ins class=\"adsbygoogle\"\r\n     style=\"display:inline-block;width:300px;height:250px\"\r\n     data-ad-client=\"ca-pub-1244235910658811\"\r\n     data-ad-slot=\"8592682546\"><\/ins>\r\n<script>\r\n     (adsbygoogle = window.adsbygoogle || []).push({});\r\n<\/script><\/center>\r\n<\/p><\/div><\/p>\n<p>Incluso hasta el mismo <span style=\"vertical-align: inherit;\"><span style=\"vertical-align: inherit;\"><a href=\"https:\/\/www.prwrestling.com\/nw\/bobby-lashley-quiere-ver-el-regreso-del-hurt-business\/\">Bobby Lashley ha dicho que quiere ver el regreso del Hurt Business<\/a>\u00a0. Si bien hubo un breve intento de reuni\u00f3n, en \u00faltima instancia fue de corta duraci\u00f3n, lo que dej\u00f3 a los fan\u00e1ticos sin expectativas de un futuro regreso de la facci\u00f3n. Bobby Lashley dijo anteriormente que la ruptura\u00a0 <\/span><\/span><span style=\"vertical-align: inherit;\"><span style=\"vertical-align: inherit;\">&#8220;le doli\u00f3 el coraz\u00f3n<\/span><\/span><span style=\"vertical-align: inherit;\"><span style=\"vertical-align: inherit;\"> &#8220;.\u00a0<\/span><\/span><\/p>\n<p><a href=\"https:\/\/www.instagram.com\/p\/C8WpPIPOB-m\/\" target=\"_blank\" rel=\"noopener\"><span style=\"vertical-align: inherit;\"><span style=\"vertical-align: inherit;\">Recientemente, MVP us\u00f3 su Instagram<\/span><\/span><\/a><span style=\"vertical-align: inherit;\"><span style=\"vertical-align: inherit;\"> y subi\u00f3 una publicaci\u00f3n en la que aparec\u00eda The Hurt Business cuando estaban en la cima de la WWE. Esto provoc\u00f3 que muchos fan\u00e1ticos le pidieran a MVP que hablara con Triple H sobre el regreso de la facci\u00f3n. Sorprendentemente, MVP afirm\u00f3 que ya le hab\u00eda pedido a Triple H que volviera a traer a The Hurt Business, pero Triple H rechaz\u00f3 su pedido.<\/span><\/span><\/p>\n<blockquote class=\"wp-block-quote is-layout-flow wp-block-quote-is-layout-flow\"><p><em><span style=\"vertical-align: inherit;\"><span style=\"vertical-align: inherit;\">\u00a0&#8220;Triple H ten\u00eda el poder de solucionarlo. Decidi\u00f3 no hacerlo. Vaya a saber por qu\u00e9&#8221;.<\/span><\/span><\/em><\/p>\n<p><em><span style=\"vertical-align: inherit;\"><span style=\"vertical-align: inherit;\">Lo hicimos. Dijo que no.<\/span><\/span><\/em><\/p><\/blockquote>\n<p><span style=\"vertical-align: inherit;\"><span style=\"vertical-align: inherit;\">Shelton Benjamin ya no est\u00e1 en la WWE, por lo que las posibilidades de que The Hurt Business se re\u00fana son escasas. De todos modos, no se sabe por qu\u00e9 Triple H se neg\u00f3 a traer de vuelta a la facci\u00f3n, ya que habr\u00edan dominado el panorama si hubieran regresado.<\/span><\/span><\/p>\n<blockquote class=\"instagram-media\" style=\"background: #FFF; border: 0; border-radius: 3px; box-shadow: 0 0 1px 0 rgba(0,0,0,0.5),0 1px 10px 0 rgba(0,0,0,0.15); margin: 1px; max-width: 540px; min-width: 326px; padding: 0; width: calc(100% - 2px);\" data-instgrm-captioned=\"\" data-instgrm-permalink=\"https:\/\/www.instagram.com\/reel\/C8WpPIPOB-m\/?utm_source=ig_embed&amp;utm_campaign=loading\" data-instgrm-version=\"14\">\n<div style=\"padding: 16px;\">\n<p>&nbsp;<\/p>\n<div style=\"display: flex; flex-direction: row; align-items: center;\">\n<div style=\"background-color: #f4f4f4; border-radius: 50%; flex-grow: 0; height: 40px; margin-right: 14px; width: 40px;\"><\/div>\n<div style=\"display: flex; flex-direction: column; flex-grow: 1; justify-content: center;\">\n<div style=\"background-color: #f4f4f4; border-radius: 4px; flex-grow: 0; height: 14px; margin-bottom: 6px; width: 100px;\"><\/div>\n<div style=\"background-color: #f4f4f4; border-radius: 4px; flex-grow: 0; height: 14px; width: 60px;\"><\/div>\n<\/div>\n<\/div>\n<div style=\"padding: 19% 0;\"><\/div>\n<div style=\"display: block; height: 50px; margin: 0 auto 12px; width: 50px;\"><\/div>\n<div style=\"padding-top: 8px;\">\n<div style=\"color: #3897f0; font-family: Arial,sans-serif; font-size: 14px; font-style: normal; font-weight: 550; line-height: 18px;\">View this post on Instagram<\/div>\n<\/div>\n<div style=\"padding: 12.5% 0;\"><\/div>\n<div style=\"display: flex; flex-direction: row; margin-bottom: 14px; align-items: center;\">\n<div>\n<div style=\"background-color: #f4f4f4; border-radius: 50%; height: 12.5px; width: 12.5px; transform: translateX(0px) translateY(7px);\"><\/div>\n<div style=\"background-color: #f4f4f4; height: 12.5px; transform: rotate(-45deg) translateX(3px) translateY(1px); width: 12.5px; flex-grow: 0; margin-right: 14px; margin-left: 2px;\"><\/div>\n<div style=\"background-color: #f4f4f4; border-radius: 50%; height: 12.5px; width: 12.5px; transform: translateX(9px) translateY(-18px);\"><\/div>\n<\/div>\n<div style=\"margin-left: 8px;\">\n<div style=\"background-color: #f4f4f4; border-radius: 50%; flex-grow: 0; height: 20px; width: 20px;\"><\/div>\n<div style=\"width: 0; height: 0; border-top: 2px solid transparent; border-left: 6px solid #f4f4f4; border-bottom: 2px solid transparent; transform: translateX(16px) translateY(-4px) rotate(30deg);\"><\/div>\n<\/div>\n<div style=\"margin-left: auto;\">\n<div style=\"width: 0px; border-top: 8px solid #F4F4F4; border-right: 8px solid transparent; transform: translateY(16px);\"><\/div>\n<div style=\"background-color: #f4f4f4; flex-grow: 0; height: 12px; width: 16px; transform: translateY(-4px);\"><\/div>\n<div style=\"width: 0; height: 0; border-top: 8px solid #F4F4F4; border-left: 8px solid transparent; transform: translateY(-4px) translateX(8px);\"><\/div>\n<\/div>\n<\/div>\n<div style=\"display: flex; flex-direction: column; flex-grow: 1; justify-content: center; margin-bottom: 24px;\">\n<div style=\"background-color: #f4f4f4; border-radius: 4px; flex-grow: 0; height: 14px; margin-bottom: 6px; width: 224px;\"><\/div>\n<div style=\"background-color: #f4f4f4; border-radius: 4px; flex-grow: 0; height: 14px; width: 144px;\"><\/div>\n<\/div>\n<p>&nbsp;<\/p>\n<p style=\"color: #c9c8cd; font-family: Arial,sans-serif; font-size: 14px; line-height: 17px; margin-bottom: 0; margin-top: 8px; overflow: hidden; padding: 8px 0 7px; text-align: center; text-overflow: ellipsis; white-space: nowrap;\"><a style=\"color: #c9c8cd; font-family: Arial,sans-serif; font-size: 14px; font-style: normal; font-weight: normal; line-height: 17px; text-decoration: none;\" href=\"https:\/\/www.instagram.com\/reel\/C8WpPIPOB-m\/?utm_source=ig_embed&amp;utm_campaign=loading\" target=\"_blank\" rel=\"noopener\">A post shared by The 305 MVP (@the305mvp)<\/a><\/p>\n<\/div>\n<\/blockquote>\n<p><script async src=\"\/\/www.instagram.com\/embed.js\"><\/script><\/p>\n<\/div>\n","protected":false},"excerpt":{"rendered":"<p>The Hurt Business, formado por Bobby Lashley, MVP, Cedric Alexander y Shelton Benjamin, tuvo un impacto significativo durante su tiempo en la WWE. Desafortunadamente, el grupo se disolvi\u00f3 en 2021, para gran decepci\u00f3n de sus seguidores. Recientemente, MVP afirm\u00f3 que Triple H se ha negado a traer de vuelta la facci\u00f3n.<\/p>\n","protected":false},"author":1,"featured_media":128168,"comment_status":"closed","ping_status":"closed","sticky":false,"template":"","format":"standard","meta":{"footnotes":""},"categories":[5,38],"tags":[],"class_list":{"0":"post-265489","1":"post","2":"type-post","3":"status-publish","4":"format-standard","5":"has-post-thumbnail","7":"category-noticias","8":"category-noticias-y-rumores-de-la-wwe"},"_links":{"self":[{"href":"https:\/\/www.prwrestling.com\/nw\/wp-json\/wp\/v2\/posts\/265489","targetHints":{"allow":["GET"]}}],"collection":[{"href":"https:\/\/www.prwrestling.com\/nw\/wp-json\/wp\/v2\/posts"}],"about":[{"href":"https:\/\/www.prwrestling.com\/nw\/wp-json\/wp\/v2\/types\/post"}],"author":[{"embeddable":true,"href":"https:\/\/www.prwrestling.com\/nw\/wp-json\/wp\/v2\/users\/1"}],"replies":[{"embeddable":true,"href":"https:\/\/www.prwrestling.com\/nw\/wp-json\/wp\/v2\/comments?post=265489"}],"version-history":[{"count":3,"href":"https:\/\/www.prwrestling.com\/nw\/wp-json\/wp\/v2\/posts\/265489\/revisions"}],"predecessor-version":[{"id":265492,"href":"https:\/\/www.prwrestling.com\/nw\/wp-json\/wp\/v2\/posts\/265489\/revisions\/265492"}],"wp:featuredmedia":[{"embeddable":true,"href":"https:\/\/www.prwrestling.com\/nw\/wp-json\/wp\/v2\/media\/128168"}],"wp:attachment":[{"href":"https:\/\/www.prwrestling.com\/nw\/wp-json\/wp\/v2\/media?parent=265489"}],"wp:term":[{"taxonomy":"category","embeddable":true,"href":"https:\/\/www.prwrestling.com\/nw\/wp-json\/wp\/v2\/categories?post=265489"},{"taxonomy":"post_tag","embeddable":true,"href":"https:\/\/www.prwrestling.com\/nw\/wp-json\/wp\/v2\/tags?post=265489"}],"curies":[{"name":"wp","href":"https:\/\/api.w.org\/{rel}","templated":true}]}}