{"id":265649,"date":"2024-06-23T14:41:10","date_gmt":"2024-06-23T18:41:10","guid":{"rendered":"https:\/\/www.prwrestling.com\/nw\/?p=265649"},"modified":"2024-06-23T14:41:10","modified_gmt":"2024-06-23T18:41:10","slug":"jeff-hardy-no-se-sintio-querido-por-la-gerencia-de-aew-revela-su-hermano-matt","status":"publish","type":"post","link":"https:\/\/www.prwrestling.com\/nw\/jeff-hardy-no-se-sintio-querido-por-la-gerencia-de-aew-revela-su-hermano-matt\/","title":{"rendered":"Jeff Hardy no se sinti\u00f3 querido por la gerencia de AEW, revela su hermano Matt"},"content":{"rendered":"<p><span style=\"vertical-align: inherit;\"><span style=\"vertical-align: inherit;\"><a href=\"https:\/\/www.prwrestling.com\/nw\/tag\/jeff-hardy\">Jeff Hardy<\/a> ya no est\u00e1 en AEW y parece que no le ofrecieron una extensi\u00f3n de contrato. Mientras hablaba en &#8220;The Extreme Life of Matt Hardy&#8221;, el presentador titular revel\u00f3 que su hermano menor no se sinti\u00f3 querido por la promoci\u00f3n de Tony Khan y que no dud\u00f3 en seguir adelante despu\u00e9s de que su contrato expirara.<\/span><\/span><!--more--><\/p>\n<div id=\"ad-slot\" style=\"min-width: 300px; min-height: 250px;\">\r\n<p style=\"text-align: center;\">\r\n<script async src=\"https:\/\/pagead2.googlesyndication.com\/pagead\/js\/adsbygoogle.js\"><\/script>\r\n<!-- 300x250 sc a -->\r\n<ins class=\"adsbygoogle\"\r\n     style=\"display:inline-block;width:300px;height:250px\"\r\n     data-ad-client=\"ca-pub-1244235910658811\"\r\n     data-ad-slot=\"8592682546\"><\/ins>\r\n<script>\r\n     (adsbygoogle = window.adsbygoogle || []).push({});\r\n<\/script><\/center>\r\n<\/p><\/div>\n<blockquote><p><span style=\"vertical-align: inherit;\"><span style=\"vertical-align: inherit;\">&#8220;La \u00fanica vez que le ofrecieron un contrato a Jeff fue cuando me lo ofrecieron a m\u00ed. A Jeff no le import\u00f3. A menos que le ofrecieran algo que le gustara, estaba bien. No iba a acercarse. Como Jeff dec\u00eda, &#8216;Nadie se ha acercado a mi, mi contrato podr\u00eda terminar&#8217;. Yo dije, &#8216;Estoy disfrutando mi tiempo en TNA. Jeff no est\u00e1 buscando renovar su contrato, nadie se estaba acercando, Jeff no sent\u00eda que necesariamente lo quieran all\u00ed. As\u00ed que la reuni\u00f3n de los Hardy Boys en AEW lleg\u00f3 a su fin.<\/span><\/span><\/p><\/blockquote>\n<p><span style=\"vertical-align: inherit;\"><span style=\"vertical-align: inherit;\">Hardy dijo que TNA Wrestling estaba interesada en trabajar con Hardy tan pronto como su contrato con AEW expirara, y el resto es historia. La ex estrella de AEW y WWE apareci\u00f3 en Against All Odds de este mes, y parece que trabajar\u00e1 con la promoci\u00f3n en el futuro previsible. <\/span><\/span><\/p>\n<p><span style=\"vertical-align: inherit;\"><span style=\"vertical-align: inherit;\">A principios de este a\u00f1o, Matt Hardy dej\u00f3 AEW despu\u00e9s de rechazar un nuevo contrato, ya que el veterano no estaba contento con la forma en que lo estaban utilizando en la promoci\u00f3n. Ha indicado que quiere que sus a\u00f1os restantes como luchador activo sean significativos, y aparentemente tuvo que dejar AEW para lograrlo.<\/span><\/span><\/p>\n<p><span style=\"vertical-align: inherit;\"><span style=\"vertical-align: inherit;\">A pesar de trabajar actualmente para TNA, ambos hermanos Hardy son agentes libres. En teor\u00eda, a\u00fan podr\u00edan volver a firmar con AEW o incluso regresar a sus antiguos territorios en la <a href=\"https:\/\/www.prwrestling.com\/nw\/category\/noticias-wwe\/\">WWE<\/a>.<\/span><\/span><\/p>\n","protected":false},"excerpt":{"rendered":"<p>Jeff Hardy ya no est\u00e1 en AEW y parece que no le ofrecieron una extensi\u00f3n de contrato. Mientras hablaba en &#8220;The Extreme Life of Matt Hardy&#8221;, el presentador titular revel\u00f3 que su hermano menor no se sinti\u00f3 querido por la promoci\u00f3n de Tony Khan y que no dud\u00f3 en seguir adelante despu\u00e9s de que su<\/p>\n","protected":false},"author":1,"featured_media":265651,"comment_status":"closed","ping_status":"closed","sticky":false,"template":"","format":"standard","meta":{"footnotes":""},"categories":[5,38],"tags":[1725],"class_list":{"0":"post-265649","1":"post","2":"type-post","3":"status-publish","4":"format-standard","5":"has-post-thumbnail","7":"category-noticias","8":"category-noticias-y-rumores-de-la-wwe","9":"tag-jeff-hardy"},"_links":{"self":[{"href":"https:\/\/www.prwrestling.com\/nw\/wp-json\/wp\/v2\/posts\/265649","targetHints":{"allow":["GET"]}}],"collection":[{"href":"https:\/\/www.prwrestling.com\/nw\/wp-json\/wp\/v2\/posts"}],"about":[{"href":"https:\/\/www.prwrestling.com\/nw\/wp-json\/wp\/v2\/types\/post"}],"author":[{"embeddable":true,"href":"https:\/\/www.prwrestling.com\/nw\/wp-json\/wp\/v2\/users\/1"}],"replies":[{"embeddable":true,"href":"https:\/\/www.prwrestling.com\/nw\/wp-json\/wp\/v2\/comments?post=265649"}],"version-history":[{"count":2,"href":"https:\/\/www.prwrestling.com\/nw\/wp-json\/wp\/v2\/posts\/265649\/revisions"}],"predecessor-version":[{"id":265652,"href":"https:\/\/www.prwrestling.com\/nw\/wp-json\/wp\/v2\/posts\/265649\/revisions\/265652"}],"wp:featuredmedia":[{"embeddable":true,"href":"https:\/\/www.prwrestling.com\/nw\/wp-json\/wp\/v2\/media\/265651"}],"wp:attachment":[{"href":"https:\/\/www.prwrestling.com\/nw\/wp-json\/wp\/v2\/media?parent=265649"}],"wp:term":[{"taxonomy":"category","embeddable":true,"href":"https:\/\/www.prwrestling.com\/nw\/wp-json\/wp\/v2\/categories?post=265649"},{"taxonomy":"post_tag","embeddable":true,"href":"https:\/\/www.prwrestling.com\/nw\/wp-json\/wp\/v2\/tags?post=265649"}],"curies":[{"name":"wp","href":"https:\/\/api.w.org\/{rel}","templated":true}]}}