{"id":265670,"date":"2024-06-23T22:39:04","date_gmt":"2024-06-24T02:39:04","guid":{"rendered":"https:\/\/www.prwrestling.com\/nw\/?p=265670"},"modified":"2024-06-23T22:39:04","modified_gmt":"2024-06-24T02:39:04","slug":"mvp-acusa-a-wwe-de-adaptar-elementos-del-hurt-business-para-the-bloodline","status":"publish","type":"post","link":"https:\/\/www.prwrestling.com\/nw\/mvp-acusa-a-wwe-de-adaptar-elementos-del-hurt-business-para-the-bloodline\/","title":{"rendered":"MVP acusa a WWE de adaptar elementos del Hurt Business para The Bloodline"},"content":{"rendered":"<div class=\"cntn-wrp artl-cnt\">\n<p><span style=\"vertical-align: inherit;\"><span style=\"vertical-align: inherit;\">The Hurt Business, con Bobby Lashley, MVP, Cedric Alexander y Shelton Benjamin, dej\u00f3 una huella importante durante su paso por la WWE. No solo elevaron la carrera de cada uno de sus miembros, sino que tambi\u00e9n consiguieron una gran cantidad de seguidores fieles.<!--more--><\/span><\/span><\/p>\n<div id=\"ad-slot\" style=\"min-width: 300px; min-height: 250px;\">\r\n<p style=\"text-align: center;\">\r\n<script async src=\"https:\/\/pagead2.googlesyndication.com\/pagead\/js\/adsbygoogle.js\"><\/script>\r\n<!-- 300x250 sc a -->\r\n<ins class=\"adsbygoogle\"\r\n     style=\"display:inline-block;width:300px;height:250px\"\r\n     data-ad-client=\"ca-pub-1244235910658811\"\r\n     data-ad-slot=\"8592682546\"><\/ins>\r\n<script>\r\n     (adsbygoogle = window.adsbygoogle || []).push({});\r\n<\/script><\/center>\r\n<\/p><\/div>\n<p>A pesar de su \u00e9xito, el grupo se disolvi\u00f3 en 2021 y dej\u00f3 a los fans decepcionados. Recientemente, MVP expres\u00f3 su opini\u00f3n de que la WWE tom\u00f3 el concepto de The Hurt Business y se lo dio a The Bloodline.<\/p>\n<div class=\"amp-ad-wrapper amp_ad_1 ampforwp-incontent-custom-banner ampforwp-incontent-ad1\"><\/div>\n<p><span style=\"vertical-align: inherit;\"><span style=\"vertical-align: inherit;\">Incluso Bobby Lashley dijo anteriormente que la ruptura\u00a0 <a href=\"https:\/\/www.prwrestling.com\/nw\/bobby-lashley-quiere-ver-el-regreso-del-hurt-business\/\">&#8220;le doli\u00f3 el coraz\u00f3n<\/a> &#8220;, y hasta Roman Reigns <\/span><\/span><span style=\"vertical-align: inherit;\"><span style=\"vertical-align: inherit;\">\u00a0sinti\u00f3 que la facci\u00f3n se disolvi\u00f3 demasiado pronto<\/span><\/span><span style=\"vertical-align: inherit;\"><span style=\"vertical-align: inherit;\"> . Si bien hubo un breve intento de reuni\u00f3n, en \u00faltima instancia fue de corta duraci\u00f3n, lo que dej\u00f3 a los fan\u00e1ticos sin expectativas de un futuro regreso de la facci\u00f3n. <\/span><\/span><\/p>\n<div id=\"ad-slot\" style=\"min-width: 300px; min-height: 250px;\"><p style=\"text-align: center;\">\r\n<script async src=\"https:\/\/pagead2.googlesyndication.com\/pagead\/js\/adsbygoogle.js\"><\/script>\r\n<!-- Responsive sc c -->\r\n<ins class=\"adsbygoogle\"\r\n     style=\"display:block\"\r\n     data-ad-client=\"ca-pub-1244235910658811\"\r\n     data-ad-slot=\"4234005358\"\r\n     data-ad-format=\"auto\"\r\n     data-full-width-responsive=\"true\"><\/ins>\r\n<script>\r\n     (adsbygoogle = window.adsbygoogle || []).push({});\r\n<\/script><\/p><\/div>\n<p><a href=\"https:\/\/www.instagram.com\/p\/C8WpPIPOB-m\/\" target=\"_blank\" rel=\"noopener\"><span style=\"vertical-align: inherit;\"><span style=\"vertical-align: inherit;\">Recientemente, MVP subi\u00f3 a su Instagram<\/span><\/span><\/a><span style=\"vertical-align: inherit;\"><span style=\"vertical-align: inherit;\"> \u00a0una publicaci\u00f3n en la que aparec\u00eda The Hurt Business cuando estaban en la cima de la WWE. Esto provoc\u00f3 que muchos fan\u00e1ticos le hicieran preguntas sobre The Bloodline. Un fan\u00e1tico se\u00f1al\u00f3 c\u00f3mo la WWE tom\u00f3 el personaje de The Hurt Business y se lo dio a The Bloodline. MVP le respondi\u00f3 al fan\u00e1tico admitiendo que ese era el caso.<\/span><\/span><\/p>\n<blockquote class=\"wp-block-quote is-layout-flow wp-block-quote-is-layout-flow\"><p><span style=\"vertical-align: inherit;\"><span style=\"vertical-align: inherit;\">&#8221; <\/span><\/span><em><span style=\"vertical-align: inherit;\"><span style=\"vertical-align: inherit;\">Ellos tomaron sus personajes y su atuendo y se los dieron a los Bloodline. Eso fue lo que pas\u00f3. Ustedes eran tan geniales, los trajes, la actitud y el oro. \u00a1Una unidad completa!<\/span><\/span><\/em><\/p>\n<p><em><span style=\"vertical-align: inherit;\"><span style=\"vertical-align: inherit;\">Historia verdadera.<\/span><\/span><\/em><span style=\"vertical-align: inherit;\"><span style=\"vertical-align: inherit;\"> &#8220;<\/span><\/span><\/p>\n<div class=\"amp-ad-wrapper amp_ad_1 ampforwp-incontent-custom-banner ampforwp-incontent-ad3\"><\/div>\n<\/blockquote>\n<p><span style=\"vertical-align: inherit;\"><span style=\"vertical-align: inherit;\">MVP tambi\u00e9n afirm\u00f3 que <\/span><\/span><a href=\"https:\/\/www.prwrestling.com\/nw\/mvp-revela-triple-h-se-nego-en-traer-de-vuelta-a-the-hurt-business\/\"><span style=\"vertical-align: inherit;\"><span style=\"vertical-align: inherit;\">Triple H se neg\u00f3 a traer de vuelta a The Hurt Business<\/span><\/span><\/a><span style=\"vertical-align: inherit;\"><span style=\"vertical-align: inherit;\"> . De todos modos, no se sabe si la WWE realmente termin\u00f3 tomando el concepto de The Hurt Business y d\u00e1ndoselo a The Bloodline, pero MVP ciertamente cree que ese es el caso.<\/span><\/span><\/p>\n<figure class=\"wp-block-embed is-type-rich is-provider-instagram wp-block-embed-instagram\">\n<div class=\"wp-block-embed__wrapper\"><\/div>\n<\/figure>\n<figure class=\"wp-block-image size-full\"><img decoding=\"async\" class=\"i-amphtml-intrinsic-sizer\" role=\"presentation\" src=\"data:image\/svg+xml;base64,PHN2ZyBoZWlnaHQ9IjQwMCIgd2lkdGg9IjEwMDAiIHhtbG5zPSJodHRwOi8vd3d3LnczLm9yZy8yMDAwL3N2ZyIgdmVyc2lvbj0iMS4xIi8+\" alt=\"\" aria-hidden=\"true\" \/><img decoding=\"async\" class=\"i-amphtml-intrinsic-sizer\" role=\"presentation\" src=\"data:image\/svg+xml;base64,PHN2ZyBoZWlnaHQ9IjQwMCIgd2lkdGg9IjEwMDAiIHhtbG5zPSJodHRwOi8vd3d3LnczLm9yZy8yMDAwL3N2ZyIgdmVyc2lvbj0iMS4xIi8+\" alt=\"\" aria-hidden=\"true\" \/><\/figure>\n<p><span style=\"vertical-align: inherit;\"><span style=\"vertical-align: inherit;\">\u00bfQu\u00e9 opinas sobre esta afirmaci\u00f3n de MVP sobre The Bloodline? \u00a1Cu\u00e9ntanoslo en la secci\u00f3n de comentarios a continuaci\u00f3n!<\/span><\/span><\/p>\n<\/div>\n","protected":false},"excerpt":{"rendered":"<p>The Hurt Business, con Bobby Lashley, MVP, Cedric Alexander y Shelton Benjamin, dej\u00f3 una huella importante durante su paso por la WWE. No solo elevaron la carrera de cada uno de sus miembros, sino que tambi\u00e9n consiguieron una gran cantidad de seguidores fieles.<\/p>\n","protected":false},"author":1,"featured_media":265683,"comment_status":"closed","ping_status":"closed","sticky":false,"template":"","format":"standard","meta":{"footnotes":""},"categories":[5,38],"tags":[1459],"class_list":{"0":"post-265670","1":"post","2":"type-post","3":"status-publish","4":"format-standard","5":"has-post-thumbnail","7":"category-noticias","8":"category-noticias-y-rumores-de-la-wwe","9":"tag-mvp"},"_links":{"self":[{"href":"https:\/\/www.prwrestling.com\/nw\/wp-json\/wp\/v2\/posts\/265670","targetHints":{"allow":["GET"]}}],"collection":[{"href":"https:\/\/www.prwrestling.com\/nw\/wp-json\/wp\/v2\/posts"}],"about":[{"href":"https:\/\/www.prwrestling.com\/nw\/wp-json\/wp\/v2\/types\/post"}],"author":[{"embeddable":true,"href":"https:\/\/www.prwrestling.com\/nw\/wp-json\/wp\/v2\/users\/1"}],"replies":[{"embeddable":true,"href":"https:\/\/www.prwrestling.com\/nw\/wp-json\/wp\/v2\/comments?post=265670"}],"version-history":[{"count":3,"href":"https:\/\/www.prwrestling.com\/nw\/wp-json\/wp\/v2\/posts\/265670\/revisions"}],"predecessor-version":[{"id":265682,"href":"https:\/\/www.prwrestling.com\/nw\/wp-json\/wp\/v2\/posts\/265670\/revisions\/265682"}],"wp:featuredmedia":[{"embeddable":true,"href":"https:\/\/www.prwrestling.com\/nw\/wp-json\/wp\/v2\/media\/265683"}],"wp:attachment":[{"href":"https:\/\/www.prwrestling.com\/nw\/wp-json\/wp\/v2\/media?parent=265670"}],"wp:term":[{"taxonomy":"category","embeddable":true,"href":"https:\/\/www.prwrestling.com\/nw\/wp-json\/wp\/v2\/categories?post=265670"},{"taxonomy":"post_tag","embeddable":true,"href":"https:\/\/www.prwrestling.com\/nw\/wp-json\/wp\/v2\/tags?post=265670"}],"curies":[{"name":"wp","href":"https:\/\/api.w.org\/{rel}","templated":true}]}}