{"id":266640,"date":"2024-07-06T13:46:33","date_gmt":"2024-07-06T17:46:33","guid":{"rendered":"https:\/\/www.prwrestling.com\/nw\/?p=266640"},"modified":"2024-07-06T13:46:33","modified_gmt":"2024-07-06T17:46:33","slug":"brock-lesnar-comparte-con-fanaticos-mientras-continua-su-tiempo-fuera-de-la-wwe","status":"publish","type":"post","link":"https:\/\/www.prwrestling.com\/nw\/brock-lesnar-comparte-con-fanaticos-mientras-continua-su-tiempo-fuera-de-la-wwe\/","title":{"rendered":"Brock Lesnar comparte con fan\u00e1ticos mientras contin\u00faa su tiempo fuera de la WWE"},"content":{"rendered":"<p><span style=\"vertical-align: inherit;\"><span style=\"vertical-align: inherit;\">Brock Lesnar ha aparecido en el foro p\u00fablico en una rara aparici\u00f3n en medio de su distanciamiento con la WWE. <\/span><\/span><!--more--><\/p>\n<p><span style=\"vertical-align: inherit;\"><span style=\"vertical-align: inherit;\">Lesnar fue identificado en la demanda por tr\u00e1fico sexual ahora suspendida presentada contra Vince McMahon, John Laurinaitis y la WWE en enero, durante la cual Janel Grant describi\u00f3 haber sido v\u00edctima de tr\u00e1fico y abuso por parte de McMahon y Laurinaitis, siendo un caso en el que fue utilizada como suavizadora de acuerdos en las negociaciones del contrato de un ex campe\u00f3n de peso pesado de la UFC en 2020.<\/span><\/span><\/p>\n<p><span style=\"vertical-align: inherit;\"><span style=\"vertical-align: inherit;\"><div id=\"ad-slot\" style=\"min-width: 300px; min-height: 250px;\">\r\n<p style=\"text-align: center;\">\r\n<script async src=\"https:\/\/pagead2.googlesyndication.com\/pagead\/js\/adsbygoogle.js\"><\/script>\r\n<!-- 300x250 sc a -->\r\n<ins class=\"adsbygoogle\"\r\n     style=\"display:inline-block;width:300px;height:250px\"\r\n     data-ad-client=\"ca-pub-1244235910658811\"\r\n     data-ad-slot=\"8592682546\"><\/ins>\r\n<script>\r\n     (adsbygoogle = window.adsbygoogle || []).push({});\r\n<\/script><\/center>\r\n<\/p><\/div> <\/span><\/span><\/p>\n<p><span style=\"vertical-align: inherit;\"><span style=\"vertical-align: inherit;\">Luego se inform\u00f3 en los medios que a causa de las acusaciones y para evita alguna asociaci\u00f3n con la empresa, Lesnar <a href=\"https:\/\/www.prwrestling.com\/nw\/brock-lesnar-ha-sido-removido-del-paquete-de-apertura-de-wwe\/\">fue eliminado<\/a> de los planes creativos inmediatos a la luz de los acontecimientos, aunque el CCO de la WWE, Paul Levesque, ha confirmado que todav\u00eda est\u00e1 en la WWE y &#8220;simplemente es Brock&#8221;.<\/span><\/span><\/p>\n<p><span style=\"vertical-align: inherit;\"><span style=\"vertical-align: inherit;\">El ex campe\u00f3n de la WWE fue visto recientemente, y se lo vio en varias publicaciones en las redes sociales, junto a un joven fan\u00e1tico. Su hija, Mya Lesnar, se puede ver en el fondo de la foto.<\/span><\/span><\/p>\n<blockquote class=\"twitter-tweet\">\n<p dir=\"ltr\" lang=\"en\">Recent photo of WWE star Brock Lesnar. <a href=\"https:\/\/t.co\/PMptccFWKI\">pic.twitter.com\/PMptccFWKI<\/a><\/p>\n<p>\u2014 BuzzTrendy &#8211; Pro Wrestling &amp; Entertainment (@BuzzTrendyNews) <a href=\"https:\/\/twitter.com\/BuzzTrendyNews\/status\/1809468915958915360?ref_src=twsrc%5Etfw\" target=\"_blank\" rel=\"noopener\">July 6, 2024<\/a><\/p><\/blockquote>\n<p><script async src=\"https:\/\/platform.twitter.com\/widgets.js\" charset=\"utf-8\"><\/script><br \/>\n<span style=\"vertical-align: inherit;\"><span style=\"vertical-align: inherit;\">La presentaci\u00f3n inicial de Grant nunca mencion\u00f3 a Lesnar por su nombre, pero la descripci\u00f3n del ex campe\u00f3n de peso pesado de UFC en negociaciones con WWE en 2020 se se\u00f1al\u00f3 como apropiada para la &#8220;Bestia Encarnada&#8221; en su situaci\u00f3n despu\u00e9s de perder el Campeonato de la WWE en WrestleMania ese a\u00f1o antes de que expirara su contrato. <\/span><\/span><\/p>\n<p><span style=\"vertical-align: inherit;\"><span style=\"vertical-align: inherit;\">Finalmente regres\u00f3 a la promoci\u00f3n, pele\u00e1ndose con Roman Reigns y luego con Cody Rhodes, con el \u00faltimo de los cuales luch\u00f3 m\u00e1s recientemente en SummerSlam 2023. M\u00e1s tarde surgieron informes que identificaban directamente a Lesnar como la persona descrita en la presentaci\u00f3n de Grant, aparentemente frenando una aparici\u00f3n en Royal Rumble y una posterior disputa con Gunther.<\/span><\/span><\/p>\n<p><span style=\"vertical-align: inherit;\"><span style=\"vertical-align: inherit;\"> La demanda de Grant se detuvo en mayo en cooperaci\u00f3n con una investigaci\u00f3n del Departamento de Justicia sobre McMahon.<\/span><\/span><\/p>\n","protected":false},"excerpt":{"rendered":"<p>Brock Lesnar ha aparecido en el foro p\u00fablico en una rara aparici\u00f3n en medio de su distanciamiento con la WWE.<\/p>\n","protected":false},"author":1,"featured_media":253853,"comment_status":"closed","ping_status":"closed","sticky":false,"template":"","format":"standard","meta":{"footnotes":""},"categories":[5,38],"tags":[10],"class_list":{"0":"post-266640","1":"post","2":"type-post","3":"status-publish","4":"format-standard","5":"has-post-thumbnail","7":"category-noticias","8":"category-noticias-y-rumores-de-la-wwe","9":"tag-brock-lesnar"},"_links":{"self":[{"href":"https:\/\/www.prwrestling.com\/nw\/wp-json\/wp\/v2\/posts\/266640","targetHints":{"allow":["GET"]}}],"collection":[{"href":"https:\/\/www.prwrestling.com\/nw\/wp-json\/wp\/v2\/posts"}],"about":[{"href":"https:\/\/www.prwrestling.com\/nw\/wp-json\/wp\/v2\/types\/post"}],"author":[{"embeddable":true,"href":"https:\/\/www.prwrestling.com\/nw\/wp-json\/wp\/v2\/users\/1"}],"replies":[{"embeddable":true,"href":"https:\/\/www.prwrestling.com\/nw\/wp-json\/wp\/v2\/comments?post=266640"}],"version-history":[{"count":2,"href":"https:\/\/www.prwrestling.com\/nw\/wp-json\/wp\/v2\/posts\/266640\/revisions"}],"predecessor-version":[{"id":266642,"href":"https:\/\/www.prwrestling.com\/nw\/wp-json\/wp\/v2\/posts\/266640\/revisions\/266642"}],"wp:featuredmedia":[{"embeddable":true,"href":"https:\/\/www.prwrestling.com\/nw\/wp-json\/wp\/v2\/media\/253853"}],"wp:attachment":[{"href":"https:\/\/www.prwrestling.com\/nw\/wp-json\/wp\/v2\/media?parent=266640"}],"wp:term":[{"taxonomy":"category","embeddable":true,"href":"https:\/\/www.prwrestling.com\/nw\/wp-json\/wp\/v2\/categories?post=266640"},{"taxonomy":"post_tag","embeddable":true,"href":"https:\/\/www.prwrestling.com\/nw\/wp-json\/wp\/v2\/tags?post=266640"}],"curies":[{"name":"wp","href":"https:\/\/api.w.org\/{rel}","templated":true}]}}