{"id":267912,"date":"2024-07-21T20:29:13","date_gmt":"2024-07-22T00:29:13","guid":{"rendered":"https:\/\/www.prwrestling.com\/nw\/?p=267912"},"modified":"2024-07-21T20:29:13","modified_gmt":"2024-07-22T00:29:13","slug":"desafortunada-actualizacion-sobre-el-estado-de-tamina-en-la-wwe","status":"publish","type":"post","link":"https:\/\/www.prwrestling.com\/nw\/desafortunada-actualizacion-sobre-el-estado-de-tamina-en-la-wwe\/","title":{"rendered":"Desafortunada actualizaci\u00f3n sobre el estado de Tamina en la WWE"},"content":{"rendered":"<p><a href=\"https:\/\/www.prwrestling.com\/nw\/tag\/tamina\"><span style=\"vertical-align: inherit;\"><span style=\"vertical-align: inherit;\">Tamina\u00a0Snuka<\/span><\/span><\/a><span style=\"vertical-align: inherit;\"><span style=\"vertical-align: inherit;\"> \u00a0no ha luchado en la WWE en casi 18 meses. Su \u00faltima aparici\u00f3n fue en Royal Rumble 2023 y desde entonces no ha aparecido en ninguna historia en curso.<\/span><\/span><!--more--><div id=\"ad-slot\" style=\"min-width: 300px; min-height: 250px;\">\r\n<p style=\"text-align: center;\">\r\n<script async src=\"https:\/\/pagead2.googlesyndication.com\/pagead\/js\/adsbygoogle.js\"><\/script>\r\n<!-- 300x250 sc a -->\r\n<ins class=\"adsbygoogle\"\r\n     style=\"display:inline-block;width:300px;height:250px\"\r\n     data-ad-client=\"ca-pub-1244235910658811\"\r\n     data-ad-slot=\"8592682546\"><\/ins>\r\n<script>\r\n     (adsbygoogle = window.adsbygoogle || []).push({});\r\n<\/script><\/center>\r\n<\/p><\/div><\/p>\n<p><span style=\"vertical-align: inherit;\"><span style=\"vertical-align: inherit;\">Parece que finalmente hay una actualizaci\u00f3n sobre el estado de Tamina y no es positiva, ya que parece que la ex Campeona de Parejas Femenina ha sido eliminada del roster interno de la WWE seg\u00fan un informe de PWNexus.<\/span><\/span><\/p>\n<p><span style=\"vertical-align: inherit;\"><span style=\"vertical-align: inherit;\">Esto significa que no se espera que Tamina aparezca en la televisi\u00f3n de World Wrestling Entertainment en el corto plazo, lo que se insinu\u00f3 cuando no fue utilizada como parte del Draft anual m\u00e1s reciente.<\/span><\/span><\/p>\n<div id=\"ad-slot\" style=\"min-width: 300px; min-height: 250px;\"><p style=\"text-align: center;\">\r\n<script async src=\"https:\/\/pagead2.googlesyndication.com\/pagead\/js\/adsbygoogle.js\"><\/script>\r\n<!-- Responsive sc c -->\r\n<ins class=\"adsbygoogle\"\r\n     style=\"display:block\"\r\n     data-ad-client=\"ca-pub-1244235910658811\"\r\n     data-ad-slot=\"4234005358\"\r\n     data-ad-format=\"auto\"\r\n     data-full-width-responsive=\"true\"><\/ins>\r\n<script>\r\n     (adsbygoogle = window.adsbygoogle || []).push({});\r\n<\/script><\/p><\/div>\n<p><span style=\"vertical-align: inherit;\"><span style=\"vertical-align: inherit;\">Tamina es la hija del miembro del Sal\u00f3n de la Fama, Jimmy Snuka y fue considerada una gran amenaza en la divisi\u00f3n femenina como parte de los primeros a\u00f1os de su mandato en la WWE. En 2010, hizo su debut junto a The\u00a0 <\/span><\/span><a href=\"https:\/\/www.prwrestling.com\/nw\/tag\/usos\" target=\"_blank\" rel=\"noopener noreferrer\" data-is-sponsored=\"false\"><span style=\"vertical-align: inherit;\"><span style=\"vertical-align: inherit;\">Usos<\/span><\/span><\/a><span style=\"vertical-align: inherit;\"><span style=\"vertical-align: inherit;\"> \u00a0y desde entonces ha habido rumores de que podr\u00eda unirse a The\u00a0 <\/span><\/span><a href=\"https:\/\/www.prwrestling.com\/nw\/tag\/bloodline\" target=\"_blank\" rel=\"noopener noreferrer\" data-is-sponsored=\"false\"><span style=\"vertical-align: inherit;\"><span style=\"vertical-align: inherit;\">Bloodline<\/span><\/span><\/a><span style=\"vertical-align: inherit;\"><span style=\"vertical-align: inherit;\"> , pero a\u00fan no se ha agregado ninguna integrante femenina al grupo.<\/span><\/span><\/p>\n<blockquote class=\"twitter-tweet\">\n<p dir=\"ltr\" lang=\"en\">As per <a href=\"https:\/\/twitter.com\/hashtagPWN?ref_src=twsrc%5Etfw\" target=\"_blank\" rel=\"noopener\">@hashtagPWN<\/a>,<a href=\"https:\/\/twitter.com\/hashtag\/Tamina?src=hash&amp;ref_src=twsrc%5Etfw\" target=\"_blank\" rel=\"noopener\">#Tamina<\/a>, <a href=\"https:\/\/twitter.com\/hashtag\/BobbyLashley?src=hash&amp;ref_src=twsrc%5Etfw\" target=\"_blank\" rel=\"noopener\">#BobbyLashley<\/a> &amp; <a href=\"https:\/\/twitter.com\/hashtag\/MVP?src=hash&amp;ref_src=twsrc%5Etfw\" target=\"_blank\" rel=\"noopener\">#MVP<\/a> are not listed on <a href=\"https:\/\/twitter.com\/hashtag\/WWE?src=hash&amp;ref_src=twsrc%5Etfw\" target=\"_blank\" rel=\"noopener\">#WWE<\/a>&#8216;s internal roster anymore. <a href=\"https:\/\/t.co\/biME1j0n1q\">pic.twitter.com\/biME1j0n1q<\/a><\/p>\n<p>\u2014 Sportskeeda Wrestling (@SKWrestling_) <a href=\"https:\/\/twitter.com\/SKWrestling_\/status\/1815130119016444295?ref_src=twsrc%5Etfw\" target=\"_blank\" rel=\"noopener\">July 21, 2024<\/a><\/p><\/blockquote>\n<p><script async src=\"https:\/\/platform.twitter.com\/widgets.js\" charset=\"utf-8\"><\/script><br \/>\nLa noticia de la posible salida de Tamina sucede al mismo tiempo que se conoci\u00f3 que MVP y <a href=\"https:\/\/www.prwrestling.com\/nw\/bobby-lash-key-podria-estar-fuera-de-la-wwe-en-varias-semanas-reporte\/\">Bobby Lashley tambi\u00e9n podr\u00edan estar en sus \u00faltimas semanas en la WWE<\/a>.<\/p>\n<h2><span style=\"vertical-align: inherit;\"><span style=\"vertical-align: inherit;\">Nia Jax insinu\u00f3 que la carrera de Tamina en la WWE podr\u00eda haber terminado<\/span><\/span><\/h2>\n<p><span style=\"vertical-align: inherit;\"><span style=\"vertical-align: inherit;\">Nia Jax regres\u00f3 a la empresa en el Royal Rumble 2023 despu\u00e9s de haber sido liberada inicialmente por la promoci\u00f3n, para sorprender al mundo.<\/span><\/span><\/p>\n<p><span style=\"vertical-align: inherit;\"><span style=\"vertical-align: inherit;\">Ella revel\u00f3 como parte de una entrevista con\u00a0 <\/span><\/span><em><span style=\"vertical-align: inherit;\"><span style=\"vertical-align: inherit;\">Busted Open Radio<\/span><\/span><\/em><span style=\"vertical-align: inherit;\"><span style=\"vertical-align: inherit;\"> , que solo hizo su regreso en ese momento porque su prima, Tamina, le hab\u00eda dicho que este ser\u00eda su \u00faltimo &#8216;Rumble&#8217;. Fue m\u00e1s una decisi\u00f3n emocional para ella regresar al PLE m\u00e1s que cualquier otra cosa.<\/span><\/span><\/p>\n<blockquote><p><span style=\"vertical-align: inherit;\"><span style=\"vertical-align: inherit;\">&#8220;Es gracioso porque en el Rumble anterior no iba a volver&#8221;, dijo Jax. &#8220;Me pidieron que volviera y yo les dije: &#8216;Absolutamente no&#8217;. No estuve all\u00ed. Pero en este \u00faltimo, mi prima Tamina y yo hablamos de ello y ella dijo que podr\u00eda ser su \u00faltimo, y yo les dije: &#8216;Bueno, si ese va a ser el \u00faltimo Rumble de Tamina, definitivamente quiero ser parte de \u00e9l&#8217;, si quer\u00edan que yo fuera parte de \u00e9l&#8221;.<\/span><\/span><\/p><\/blockquote>\n<p><span style=\"vertical-align: inherit;\"><span style=\"vertical-align: inherit;\">Curiosamente, este parece haber sido el \u00faltimo combate de Tamina dada la actualizaci\u00f3n m\u00e1s reciente.<\/span><\/span><\/p>\n","protected":false},"excerpt":{"rendered":"<p>Tamina\u00a0Snuka \u00a0no ha luchado en la WWE en casi 18 meses. Su \u00faltima aparici\u00f3n fue en Royal Rumble 2023 y desde entonces no ha aparecido en ninguna historia en curso.<\/p>\n","protected":false},"author":1,"featured_media":267915,"comment_status":"closed","ping_status":"closed","sticky":false,"template":"","format":"standard","meta":{"footnotes":""},"categories":[5,38],"tags":[4412],"class_list":{"0":"post-267912","1":"post","2":"type-post","3":"status-publish","4":"format-standard","5":"has-post-thumbnail","7":"category-noticias","8":"category-noticias-y-rumores-de-la-wwe","9":"tag-tamina"},"_links":{"self":[{"href":"https:\/\/www.prwrestling.com\/nw\/wp-json\/wp\/v2\/posts\/267912","targetHints":{"allow":["GET"]}}],"collection":[{"href":"https:\/\/www.prwrestling.com\/nw\/wp-json\/wp\/v2\/posts"}],"about":[{"href":"https:\/\/www.prwrestling.com\/nw\/wp-json\/wp\/v2\/types\/post"}],"author":[{"embeddable":true,"href":"https:\/\/www.prwrestling.com\/nw\/wp-json\/wp\/v2\/users\/1"}],"replies":[{"embeddable":true,"href":"https:\/\/www.prwrestling.com\/nw\/wp-json\/wp\/v2\/comments?post=267912"}],"version-history":[{"count":2,"href":"https:\/\/www.prwrestling.com\/nw\/wp-json\/wp\/v2\/posts\/267912\/revisions"}],"predecessor-version":[{"id":267916,"href":"https:\/\/www.prwrestling.com\/nw\/wp-json\/wp\/v2\/posts\/267912\/revisions\/267916"}],"wp:featuredmedia":[{"embeddable":true,"href":"https:\/\/www.prwrestling.com\/nw\/wp-json\/wp\/v2\/media\/267915"}],"wp:attachment":[{"href":"https:\/\/www.prwrestling.com\/nw\/wp-json\/wp\/v2\/media?parent=267912"}],"wp:term":[{"taxonomy":"category","embeddable":true,"href":"https:\/\/www.prwrestling.com\/nw\/wp-json\/wp\/v2\/categories?post=267912"},{"taxonomy":"post_tag","embeddable":true,"href":"https:\/\/www.prwrestling.com\/nw\/wp-json\/wp\/v2\/tags?post=267912"}],"curies":[{"name":"wp","href":"https:\/\/api.w.org\/{rel}","templated":true}]}}