{"id":267936,"date":"2024-07-22T13:15:57","date_gmt":"2024-07-22T17:15:57","guid":{"rendered":"https:\/\/www.prwrestling.com\/nw\/?p=267936"},"modified":"2024-07-22T13:15:57","modified_gmt":"2024-07-22T17:15:57","slug":"mvp-alimenta-los-rumores-de-salida-de-la-wwe-con-una-publicacion-criptica","status":"publish","type":"post","link":"https:\/\/www.prwrestling.com\/nw\/mvp-alimenta-los-rumores-de-salida-de-la-wwe-con-una-publicacion-criptica\/","title":{"rendered":"MVP alimenta los rumores de salida de la WWE con una publicaci\u00f3n cr\u00edptica"},"content":{"rendered":"<div class=\"cntn-wrp artl-cnt\">\n<p><span style=\"vertical-align: inherit;\"><span style=\"vertical-align: inherit;\">MVP, exl\u00edder de The Hurt Business, ha desatado m\u00e1s especulaciones sobre su futuro con la WWE a trav\u00e9s de una cr\u00edptica publicaci\u00f3n en las redes sociales. Tras haber estado ausente de la televisi\u00f3n de la WWE durante un per\u00edodo prolongado y no haber competido en un combate desde el 18 de julio de 2022, han circulado rumores sobre su marcha.<\/span><\/span><\/p>\n<p><!--more--><div id=\"ad-slot\" style=\"min-width: 300px; min-height: 250px;\">\r\n<p style=\"text-align: center;\">\r\n<script async src=\"https:\/\/pagead2.googlesyndication.com\/pagead\/js\/adsbygoogle.js\"><\/script>\r\n<!-- 300x250 sc a -->\r\n<ins class=\"adsbygoogle\"\r\n     style=\"display:inline-block;width:300px;height:250px\"\r\n     data-ad-client=\"ca-pub-1244235910658811\"\r\n     data-ad-slot=\"8592682546\"><\/ins>\r\n<script>\r\n     (adsbygoogle = window.adsbygoogle || []).push({});\r\n<\/script><\/center>\r\n<\/p><\/div><\/p>\n<div class=\"amp-ad-wrapper amp_ad_1 ampforwp-incontent-custom-banner ampforwp-incontent-ad1\"><\/div>\n<p><span style=\"vertical-align: inherit;\"><span style=\"vertical-align: inherit;\">Recientemente, surgieron informes de que MVP, junto con Bobby Lashley y <a href=\"https:\/\/www.prwrestling.com\/nw\/desafortunada-actualizacion-sobre-el-estado-de-tamina-en-la-wwe\/\">Tamina<\/a>, fueron eliminados del roster interno de la WWE. En <\/span><\/span><span style=\"vertical-align: inherit;\"><span style=\"vertical-align: inherit;\">respuesta a los rumores iniciales<\/span><\/span><span style=\"vertical-align: inherit;\"><span style=\"vertical-align: inherit;\"> , MVP no pareci\u00f3 inmutarse y expres\u00f3 su satisfacci\u00f3n con su vida a trav\u00e9s de varias publicaciones.<\/span><\/span><\/p>\n<p><span style=\"vertical-align: inherit;\"><span style=\"vertical-align: inherit;\">Sin embargo, una nueva <\/span><\/span><a href=\"https:\/\/www.instagram.com\/reel\/C9to8ybuxhT\/\" target=\"_blank\" rel=\"noopener\"><span style=\"vertical-align: inherit;\"><span style=\"vertical-align: inherit;\">actualizaci\u00f3n de Instagram<\/span><\/span><\/a><span style=\"vertical-align: inherit;\"><span style=\"vertical-align: inherit;\"> ha conmovido a la comunidad de lucha libre. MVP comparti\u00f3 una cita del autor Paulo Coelho: <\/span><\/span><\/p>\n<blockquote><p><span style=\"vertical-align: inherit;\"><span style=\"vertical-align: inherit;\">\u201cSi eres lo suficientemente valiente para decir adi\u00f3s, la vida te recompensar\u00e1 con un nuevo hola\u201d. Acompa\u00f1ando la cita, MVP agreg\u00f3: \u201cLa saga contin\u00faa\u2026\u201d<\/span><\/span><\/p><\/blockquote>\n<div id=\"ad-slot\" style=\"min-width: 300px; min-height: 250px;\"><p style=\"text-align: center;\">\r\n<script async src=\"https:\/\/pagead2.googlesyndication.com\/pagead\/js\/adsbygoogle.js\"><\/script>\r\n<!-- Responsive sc c -->\r\n<ins class=\"adsbygoogle\"\r\n     style=\"display:block\"\r\n     data-ad-client=\"ca-pub-1244235910658811\"\r\n     data-ad-slot=\"4234005358\"\r\n     data-ad-format=\"auto\"\r\n     data-full-width-responsive=\"true\"><\/ins>\r\n<script>\r\n     (adsbygoogle = window.adsbygoogle || []).push({});\r\n<\/script><\/p><\/div>\n<p><span style=\"vertical-align: inherit;\"><span style=\"vertical-align: inherit;\">Esta publicaci\u00f3n surge en medio de rumores de que <\/span><\/span><span style=\"vertical-align: inherit;\"><span style=\"vertical-align: inherit;\">The Hurt Business podr\u00eda regresar<\/span><\/span><span style=\"vertical-align: inherit;\"><span style=\"vertical-align: inherit;\"> , posiblemente en AEW, si MVP y sus ex compa\u00f1eros de equipo deciden abandonar la WWE. El mundo de la lucha libre profesional est\u00e1 plagado de imprevisibilidad, y la \u00faltima actividad de MVP en las redes sociales solo aumenta la intriga sobre su pr\u00f3ximo paso en su carrera.<\/span><\/span><\/p>\n<blockquote class=\"instagram-media\" style=\"background: #FFF; border: 0; border-radius: 3px; box-shadow: 0 0 1px 0 rgba(0,0,0,0.5),0 1px 10px 0 rgba(0,0,0,0.15); margin: 1px; max-width: 540px; min-width: 326px; padding: 0; width: calc(100% - 2px);\" data-instgrm-captioned=\"\" data-instgrm-permalink=\"https:\/\/www.instagram.com\/reel\/C9to8ybuxhT\/?utm_source=ig_embed&amp;utm_campaign=loading\" data-instgrm-version=\"14\">\n<div style=\"padding: 16px;\">\n<p>&nbsp;<\/p>\n<div style=\"display: flex; flex-direction: row; align-items: center;\">\n<div style=\"background-color: #f4f4f4; border-radius: 50%; flex-grow: 0; height: 40px; margin-right: 14px; width: 40px;\"><\/div>\n<div style=\"display: flex; flex-direction: column; flex-grow: 1; justify-content: center;\">\n<div style=\"background-color: #f4f4f4; border-radius: 4px; flex-grow: 0; height: 14px; margin-bottom: 6px; width: 100px;\"><\/div>\n<div style=\"background-color: #f4f4f4; border-radius: 4px; flex-grow: 0; height: 14px; width: 60px;\"><\/div>\n<\/div>\n<\/div>\n<div style=\"padding: 19% 0;\"><\/div>\n<div style=\"display: block; height: 50px; margin: 0 auto 12px; width: 50px;\"><\/div>\n<div style=\"padding-top: 8px;\">\n<div style=\"color: #3897f0; font-family: Arial,sans-serif; font-size: 14px; font-style: normal; font-weight: 550; line-height: 18px;\">View this post on Instagram<\/div>\n<\/div>\n<div style=\"padding: 12.5% 0;\"><\/div>\n<div style=\"display: flex; flex-direction: row; margin-bottom: 14px; align-items: center;\">\n<div>\n<div style=\"background-color: #f4f4f4; border-radius: 50%; height: 12.5px; width: 12.5px; transform: translateX(0px) translateY(7px);\"><\/div>\n<div style=\"background-color: #f4f4f4; height: 12.5px; transform: rotate(-45deg) translateX(3px) translateY(1px); width: 12.5px; flex-grow: 0; margin-right: 14px; margin-left: 2px;\"><\/div>\n<div style=\"background-color: #f4f4f4; border-radius: 50%; height: 12.5px; width: 12.5px; transform: translateX(9px) translateY(-18px);\"><\/div>\n<\/div>\n<div style=\"margin-left: 8px;\">\n<div style=\"background-color: #f4f4f4; border-radius: 50%; flex-grow: 0; height: 20px; width: 20px;\"><\/div>\n<div style=\"width: 0; height: 0; border-top: 2px solid transparent; border-left: 6px solid #f4f4f4; border-bottom: 2px solid transparent; transform: translateX(16px) translateY(-4px) rotate(30deg);\"><\/div>\n<\/div>\n<div style=\"margin-left: auto;\">\n<div style=\"width: 0px; border-top: 8px solid #F4F4F4; border-right: 8px solid transparent; transform: translateY(16px);\"><\/div>\n<div style=\"background-color: #f4f4f4; flex-grow: 0; height: 12px; width: 16px; transform: translateY(-4px);\"><\/div>\n<div style=\"width: 0; height: 0; border-top: 8px solid #F4F4F4; border-left: 8px solid transparent; transform: translateY(-4px) translateX(8px);\"><\/div>\n<\/div>\n<\/div>\n<div style=\"display: flex; flex-direction: column; flex-grow: 1; justify-content: center; margin-bottom: 24px;\">\n<div style=\"background-color: #f4f4f4; border-radius: 4px; flex-grow: 0; height: 14px; margin-bottom: 6px; width: 224px;\"><\/div>\n<div style=\"background-color: #f4f4f4; border-radius: 4px; flex-grow: 0; height: 14px; width: 144px;\"><\/div>\n<\/div>\n<p>&nbsp;<\/p>\n<p style=\"color: #c9c8cd; font-family: Arial,sans-serif; font-size: 14px; line-height: 17px; margin-bottom: 0; margin-top: 8px; overflow: hidden; padding: 8px 0 7px; text-align: center; text-overflow: ellipsis; white-space: nowrap;\"><a style=\"color: #c9c8cd; font-family: Arial,sans-serif; font-size: 14px; font-style: normal; font-weight: normal; line-height: 17px; text-decoration: none;\" href=\"https:\/\/www.instagram.com\/reel\/C9to8ybuxhT\/?utm_source=ig_embed&amp;utm_campaign=loading\" target=\"_blank\" rel=\"noopener\">A post shared by The 305 MVP (@the305mvp)<\/a><\/p>\n<\/div>\n<\/blockquote>\n<p><script async src=\"\/\/www.instagram.com\/embed.js\"><\/script><br \/>\n<span style=\"vertical-align: inherit;\"><span style=\"vertical-align: inherit;\">Tanto los fan\u00e1ticos como los conocedores est\u00e1n atentos para ver qu\u00e9 le depara el futuro a MVP. Con su historial de historias impactantes y su trabajo con personajes, sus pr\u00f3ximos pasos son esperados con ansias, ya sea que lo lleven de regreso a la WWE o hacia nuevos horizontes en AEW.<\/span><\/span><\/p>\n<\/div>\n","protected":false},"excerpt":{"rendered":"<p>MVP, exl\u00edder de The Hurt Business, ha desatado m\u00e1s especulaciones sobre su futuro con la WWE a trav\u00e9s de una cr\u00edptica publicaci\u00f3n en las redes sociales. Tras haber estado ausente de la televisi\u00f3n de la WWE durante un per\u00edodo prolongado y no haber competido en un combate desde el 18 de julio de 2022, han<\/p>\n","protected":false},"author":1,"featured_media":124482,"comment_status":"closed","ping_status":"closed","sticky":false,"template":"","format":"standard","meta":{"footnotes":""},"categories":[5,38],"tags":[],"class_list":{"0":"post-267936","1":"post","2":"type-post","3":"status-publish","4":"format-standard","5":"has-post-thumbnail","7":"category-noticias","8":"category-noticias-y-rumores-de-la-wwe"},"_links":{"self":[{"href":"https:\/\/www.prwrestling.com\/nw\/wp-json\/wp\/v2\/posts\/267936","targetHints":{"allow":["GET"]}}],"collection":[{"href":"https:\/\/www.prwrestling.com\/nw\/wp-json\/wp\/v2\/posts"}],"about":[{"href":"https:\/\/www.prwrestling.com\/nw\/wp-json\/wp\/v2\/types\/post"}],"author":[{"embeddable":true,"href":"https:\/\/www.prwrestling.com\/nw\/wp-json\/wp\/v2\/users\/1"}],"replies":[{"embeddable":true,"href":"https:\/\/www.prwrestling.com\/nw\/wp-json\/wp\/v2\/comments?post=267936"}],"version-history":[{"count":3,"href":"https:\/\/www.prwrestling.com\/nw\/wp-json\/wp\/v2\/posts\/267936\/revisions"}],"predecessor-version":[{"id":267946,"href":"https:\/\/www.prwrestling.com\/nw\/wp-json\/wp\/v2\/posts\/267936\/revisions\/267946"}],"wp:featuredmedia":[{"embeddable":true,"href":"https:\/\/www.prwrestling.com\/nw\/wp-json\/wp\/v2\/media\/124482"}],"wp:attachment":[{"href":"https:\/\/www.prwrestling.com\/nw\/wp-json\/wp\/v2\/media?parent=267936"}],"wp:term":[{"taxonomy":"category","embeddable":true,"href":"https:\/\/www.prwrestling.com\/nw\/wp-json\/wp\/v2\/categories?post=267936"},{"taxonomy":"post_tag","embeddable":true,"href":"https:\/\/www.prwrestling.com\/nw\/wp-json\/wp\/v2\/tags?post=267936"}],"curies":[{"name":"wp","href":"https:\/\/api.w.org\/{rel}","templated":true}]}}