{"id":268498,"date":"2024-07-28T22:59:30","date_gmt":"2024-07-29T02:59:30","guid":{"rendered":"https:\/\/www.prwrestling.com\/nw\/?p=268498"},"modified":"2024-07-28T22:59:30","modified_gmt":"2024-07-29T02:59:30","slug":"mvp-aparece-en-show-independiente-confirmando-salida-de-la-wwe","status":"publish","type":"post","link":"https:\/\/www.prwrestling.com\/nw\/mvp-aparece-en-show-independiente-confirmando-salida-de-la-wwe\/","title":{"rendered":"MVP aparece en show independiente, confirmando salida de la WWE"},"content":{"rendered":"<div class=\"cntn-wrp artl-cnt\">\n<p><span style=\"vertical-align: inherit;\"><span style=\"vertical-align: inherit;\">MVP hizo una aparici\u00f3n inesperada en el Bloodsport XI de Josh Barnett, lo que indica posibles cambios en su carrera.<\/span><\/span><!--more--><\/p>\n<div class=\"amp-ad-wrapper amp_ad_1 ampforwp-incontent-custom-banner ampforwp-incontent-ad1\"><\/div>\n<p><span style=\"vertical-align: inherit;\"><span style=\"vertical-align: inherit;\">Durante su aparici\u00f3n, MVP revel\u00f3 que su <\/span><\/span><span style=\"vertical-align: inherit;\"><span style=\"vertical-align: inherit;\">contrato con WWE est\u00e1 llegando a su fin<\/span><\/span><span style=\"vertical-align: inherit;\"><span style=\"vertical-align: inherit;\"> y que no regresar\u00e1 a la empresa.<\/span><\/span><\/p>\n<p><span style=\"vertical-align: inherit;\"><span style=\"vertical-align: inherit;\"><div id=\"ad-slot\" style=\"min-width: 300px; min-height: 250px;\">\r\n<p style=\"text-align: center;\">\r\n<script async src=\"https:\/\/pagead2.googlesyndication.com\/pagead\/js\/adsbygoogle.js\"><\/script>\r\n<!-- 300x250 sc a -->\r\n<ins class=\"adsbygoogle\"\r\n     style=\"display:inline-block;width:300px;height:250px\"\r\n     data-ad-client=\"ca-pub-1244235910658811\"\r\n     data-ad-slot=\"8592682546\"><\/ins>\r\n<script>\r\n     (adsbygoogle = window.adsbygoogle || []).push({});\r\n<\/script><\/center>\r\n<\/p><\/div><\/span><\/span><\/p>\n<blockquote class=\"wp-block-quote is-layout-flow wp-block-quote-is-layout-flow\"><p><em><span style=\"vertical-align: inherit;\"><span style=\"vertical-align: inherit;\">\u201cMi contrato con una empresa que no voy a mencionar ahora est\u00e1 a punto de expirar y no voy a volver, Josh. \u00a1Todav\u00eda no estoy listo para retirarme!\u201d<\/span><\/span><\/em><\/p>\n<div class=\"amp-ad-wrapper amp_ad_1 ampforwp-incontent-custom-banner ampforwp-incontent-ad2\"><\/div>\n<\/blockquote>\n<p><span style=\"vertical-align: inherit;\"><span style=\"vertical-align: inherit;\">Aprovechando la oportunidad para dirigirse a la multitud, MVP expres\u00f3 su inter\u00e9s en competir en un futuro evento de Bloodsport. Espec\u00edficamente, llam\u00f3 a Josh Barnett y lo desafi\u00f3 a una pelea. Barnett respondi\u00f3 positivamente, acept\u00f3 el desaf\u00edo e insinu\u00f3 la posibilidad de que m\u00e1s caras conocidas se unan a Bloodsport.<\/span><\/span><\/p>\n<blockquote class=\"twitter-tweet\">\n<p dir=\"ltr\" lang=\"en\">MVP SHOWED UP IN BLOODSPORT AND CHALLENGED JOSH BARNETT <a href=\"https:\/\/twitter.com\/hashtag\/JBBSXI?src=hash&amp;ref_src=twsrc%5Etfw\" target=\"_blank\" rel=\"noopener\">#JBBSXI<\/a> <a href=\"https:\/\/t.co\/2oFlSSe9gf\">pic.twitter.com\/2oFlSSe9gf<\/a><\/p>\n<p>\u2014 WrestlePurists (@WrestlePurists) <a href=\"https:\/\/twitter.com\/WrestlePurists\/status\/1817727849127682204?ref_src=twsrc%5Etfw\" target=\"_blank\" rel=\"noopener\">July 29, 2024<\/a><\/p><\/blockquote>\n<p><script async src=\"https:\/\/platform.twitter.com\/widgets.js\" charset=\"utf-8\"><\/script><br \/>\n<span style=\"vertical-align: inherit;\"><span style=\"vertical-align: inherit;\">MVP fue visto por \u00faltima vez en la televisi\u00f3n de la WWE manejando a Omos, quien ha tenido apariciones limitadas en 2024. MVP no ha competido en un combate de lucha libre desde 2022, <\/span><\/span><span style=\"vertical-align: inherit;\"><span style=\"vertical-align: inherit;\">pero recientemente insinu\u00f3 su regreso<\/span><\/span><span style=\"vertical-align: inherit;\"><span style=\"vertical-align: inherit;\"> al ring al mencionar que hab\u00eda desempolvado sus botas de lucha libre.<\/span><\/span><\/p>\n<div class=\"amp-ad-wrapper amp_ad_1 ampforwp-incontent-custom-banner ampforwp-incontent-ad3\"><\/div>\n<p><a href=\"https:\/\/www.prwrestling.com\/nw\/mvp-alimenta-los-rumores-de-salida-de-la-wwe-con-una-publicacion-criptica\/\"><span style=\"vertical-align: inherit;\"><span style=\"vertical-align: inherit;\">No se espera que MVP renueve su contrato con la WWE<\/span><\/span><\/a><span style=\"vertical-align: inherit;\"><span style=\"vertical-align: inherit;\">. Esta aparici\u00f3n sorpresa en Bloodsport XI y el posible combate con Barnett a\u00f1aden una capa intrigante a la trayectoria profesional de MVP mientras explora oportunidades fuera de la WWE. <\/span><\/span><\/p>\n<\/div>\n<p>&nbsp;<\/p>\n","protected":false},"excerpt":{"rendered":"<p>MVP hizo una aparici\u00f3n inesperada en el Bloodsport XI de Josh Barnett, lo que indica posibles cambios en su carrera.<\/p>\n","protected":false},"author":1,"featured_media":268503,"comment_status":"closed","ping_status":"closed","sticky":false,"template":"","format":"standard","meta":{"footnotes":""},"categories":[5,38],"tags":[1459],"class_list":{"0":"post-268498","1":"post","2":"type-post","3":"status-publish","4":"format-standard","5":"has-post-thumbnail","7":"category-noticias","8":"category-noticias-y-rumores-de-la-wwe","9":"tag-mvp"},"_links":{"self":[{"href":"https:\/\/www.prwrestling.com\/nw\/wp-json\/wp\/v2\/posts\/268498","targetHints":{"allow":["GET"]}}],"collection":[{"href":"https:\/\/www.prwrestling.com\/nw\/wp-json\/wp\/v2\/posts"}],"about":[{"href":"https:\/\/www.prwrestling.com\/nw\/wp-json\/wp\/v2\/types\/post"}],"author":[{"embeddable":true,"href":"https:\/\/www.prwrestling.com\/nw\/wp-json\/wp\/v2\/users\/1"}],"replies":[{"embeddable":true,"href":"https:\/\/www.prwrestling.com\/nw\/wp-json\/wp\/v2\/comments?post=268498"}],"version-history":[{"count":4,"href":"https:\/\/www.prwrestling.com\/nw\/wp-json\/wp\/v2\/posts\/268498\/revisions"}],"predecessor-version":[{"id":268505,"href":"https:\/\/www.prwrestling.com\/nw\/wp-json\/wp\/v2\/posts\/268498\/revisions\/268505"}],"wp:featuredmedia":[{"embeddable":true,"href":"https:\/\/www.prwrestling.com\/nw\/wp-json\/wp\/v2\/media\/268503"}],"wp:attachment":[{"href":"https:\/\/www.prwrestling.com\/nw\/wp-json\/wp\/v2\/media?parent=268498"}],"wp:term":[{"taxonomy":"category","embeddable":true,"href":"https:\/\/www.prwrestling.com\/nw\/wp-json\/wp\/v2\/categories?post=268498"},{"taxonomy":"post_tag","embeddable":true,"href":"https:\/\/www.prwrestling.com\/nw\/wp-json\/wp\/v2\/tags?post=268498"}],"curies":[{"name":"wp","href":"https:\/\/api.w.org\/{rel}","templated":true}]}}