{"id":268814,"date":"2024-08-03T14:48:32","date_gmt":"2024-08-03T18:48:32","guid":{"rendered":"https:\/\/www.prwrestling.com\/nw\/?p=268814"},"modified":"2024-08-03T14:48:32","modified_gmt":"2024-08-03T18:48:32","slug":"wwc-anuncia-lucha-estelar-y-varios-combates-para-aniversario-51","status":"publish","type":"post","link":"https:\/\/www.prwrestling.com\/nw\/wwc-anuncia-lucha-estelar-y-varios-combates-para-aniversario-51\/","title":{"rendered":"WWC anuncia lucha estelar y varios combates para Aniversario 51"},"content":{"rendered":"<p>Hoy dentro de <a href=\"https:\/\/www.youtube.com\/@wwc1973\" target=\"_blank\" rel=\"noopener\">Superestrellas WWC<\/a> Victor Jovica hizo un anuncio sobre la lucha estelar de Aniversario 51, a celebrarse el s\u00e1bado, 31 de agosto en Bayam\u00f3n.<!--more--><div id=\"ad-slot\" style=\"min-width: 300px; min-height: 250px;\">\r\n<p style=\"text-align: center;\">\r\n<script async src=\"https:\/\/pagead2.googlesyndication.com\/pagead\/js\/adsbygoogle.js\"><\/script>\r\n<!-- 300x250 sc a -->\r\n<ins class=\"adsbygoogle\"\r\n     style=\"display:inline-block;width:300px;height:250px\"\r\n     data-ad-client=\"ca-pub-1244235910658811\"\r\n     data-ad-slot=\"8592682546\"><\/ins>\r\n<script>\r\n     (adsbygoogle = window.adsbygoogle || []).push({});\r\n<\/script><\/center>\r\n<\/p><\/div><br \/>\nDesde su oficina Jovica anunci\u00f3 que Intelecto 5 Estrellas estar\u00e1 defendiendo el campeonato Universal ante <a href=\"https:\/\/www.prwrestling.com\/nw\/tag\/ray-gonzalez\">Ray Gonzalez<\/a>, quien busca coronarse campe\u00f3n en su cuarta d\u00e9cada como luchador. Jovica adem\u00e1s anunci\u00f3 que la lucha ser\u00e1 sin descalificaci\u00f3n, quien intervenga ser\u00e1 despedido, y habr\u00e1 un \u00e1rbitro especial a anunciar m\u00e1s adelante.<\/p>\n<p>En adici\u00f3n a la lucha estelar, WWC anunci\u00f3 mas combates para Aniversario, cual ser\u00e1 dedicado a Shane The Glamourboy:<\/p>\n<p>El Chicano vs Tony Leyenda<\/p>\n<p>Ryan Nemeth vs Jimmy Wang Yang<\/p>\n<p>Por los campeonatos en pareja<br \/>\nMr Big y Lightning vs Black Pain y El Gigante Nihan<\/p>\n<p>Mascarita Dorada y Beautiful Bobby vs Mini Charlie Manson y Sheitailan<\/p>\n<p>Por el campeonato de la TV<br \/>\nMike Nice vs Zcion RT1<\/p>\n<div id=\"ad-slot\" style=\"min-width: 300px; min-height: 250px;\"><p style=\"text-align: center;\">\r\n<script async src=\"https:\/\/pagead2.googlesyndication.com\/pagead\/js\/adsbygoogle.js\"><\/script>\r\n<!-- Responsive sc c -->\r\n<ins class=\"adsbygoogle\"\r\n     style=\"display:block\"\r\n     data-ad-client=\"ca-pub-1244235910658811\"\r\n     data-ad-slot=\"4234005358\"\r\n     data-ad-format=\"auto\"\r\n     data-full-width-responsive=\"true\"><\/ins>\r\n<script>\r\n     (adsbygoogle = window.adsbygoogle || []).push({});\r\n<\/script><\/p><\/div>\n<p>Triple Amenaza por el campeonato Mundial Femenino<br \/>\nAmazona vs Jacey Chan vs Stephanie<\/p>\n<p>Por el campeonato Mundial Jr<br \/>\nCon la correa a 15 pies<br \/>\nMr Anthony vs El Informante<\/p>\n<p>Por el campeonato Universal<br \/>\nCon un arbitro especial<br \/>\nIntelecto 5 Estrellas vs Ray Gonzalez<\/p>\n<p>Adem\u00e1s Alberto Del Rio y Nick Nemeth ser\u00e1n parte del show.<br \/>\n<iframe loading=\"lazy\" style=\"border: none; overflow: hidden;\" src=\"https:\/\/www.facebook.com\/plugins\/video.php?height=313&amp;href=https%3A%2F%2Fwww.facebook.com%2FWWC1973%2Fvideos%2F512160817842957%2F&amp;show_text=false&amp;width=560&amp;t=0\" width=\"560\" height=\"313\" frameborder=\"0\" scrolling=\"no\" allowfullscreen=\"allowfullscreen\"><\/iframe><\/p>\n","protected":false},"excerpt":{"rendered":"<p>Hoy dentro de Superestrellas WWC Victor Jovica hizo un anuncio sobre la lucha estelar de Aniversario 51, a celebrarse el s\u00e1bado, 31 de agosto en Bayam\u00f3n.<\/p>\n","protected":false},"author":1,"featured_media":268815,"comment_status":"closed","ping_status":"closed","sticky":false,"template":"","format":"standard","meta":{"footnotes":""},"categories":[7409,5],"tags":[34],"class_list":{"0":"post-268814","1":"post","2":"type-post","3":"status-publish","4":"format-standard","5":"has-post-thumbnail","7":"category-lucha-libre-de-puerto-rico","8":"category-noticias","9":"tag-wwc"},"_links":{"self":[{"href":"https:\/\/www.prwrestling.com\/nw\/wp-json\/wp\/v2\/posts\/268814","targetHints":{"allow":["GET"]}}],"collection":[{"href":"https:\/\/www.prwrestling.com\/nw\/wp-json\/wp\/v2\/posts"}],"about":[{"href":"https:\/\/www.prwrestling.com\/nw\/wp-json\/wp\/v2\/types\/post"}],"author":[{"embeddable":true,"href":"https:\/\/www.prwrestling.com\/nw\/wp-json\/wp\/v2\/users\/1"}],"replies":[{"embeddable":true,"href":"https:\/\/www.prwrestling.com\/nw\/wp-json\/wp\/v2\/comments?post=268814"}],"version-history":[{"count":1,"href":"https:\/\/www.prwrestling.com\/nw\/wp-json\/wp\/v2\/posts\/268814\/revisions"}],"predecessor-version":[{"id":268816,"href":"https:\/\/www.prwrestling.com\/nw\/wp-json\/wp\/v2\/posts\/268814\/revisions\/268816"}],"wp:featuredmedia":[{"embeddable":true,"href":"https:\/\/www.prwrestling.com\/nw\/wp-json\/wp\/v2\/media\/268815"}],"wp:attachment":[{"href":"https:\/\/www.prwrestling.com\/nw\/wp-json\/wp\/v2\/media?parent=268814"}],"wp:term":[{"taxonomy":"category","embeddable":true,"href":"https:\/\/www.prwrestling.com\/nw\/wp-json\/wp\/v2\/categories?post=268814"},{"taxonomy":"post_tag","embeddable":true,"href":"https:\/\/www.prwrestling.com\/nw\/wp-json\/wp\/v2\/tags?post=268814"}],"curies":[{"name":"wp","href":"https:\/\/api.w.org\/{rel}","templated":true}]}}