{"id":268956,"date":"2024-08-05T22:01:25","date_gmt":"2024-08-06T02:01:25","guid":{"rendered":"https:\/\/www.prwrestling.com\/nw\/?p=268956"},"modified":"2024-08-05T22:01:25","modified_gmt":"2024-08-06T02:01:25","slug":"finn-balor-revela-el-nuevo-judgment-day-con-5-miembros-en-raw","status":"publish","type":"post","link":"https:\/\/www.prwrestling.com\/nw\/finn-balor-revela-el-nuevo-judgment-day-con-5-miembros-en-raw\/","title":{"rendered":"Finn Balor revela el nuevo Judgment Day con 5 miembros en RAW"},"content":{"rendered":"<p><span style=\"vertical-align: inherit;\"><span style=\"vertical-align: inherit;\">Finn Balor revel\u00f3 la nueva alineaci\u00f3n de Judgment Day en RAW despu\u00e9s de SummerSlam 2024, y los fan\u00e1ticos estar\u00e1n incre\u00edblemente molestos. En una promoci\u00f3n dirigida a Damian Priest, se realiz\u00f3 un nuevo cambio impactante en The Judgment Day.<\/span><\/span><!--more--><div id=\"ad-slot\" style=\"min-width: 300px; min-height: 250px;\">\r\n<p style=\"text-align: center;\">\r\n<script async src=\"https:\/\/pagead2.googlesyndication.com\/pagead\/js\/adsbygoogle.js\"><\/script>\r\n<!-- 300x250 sc a -->\r\n<ins class=\"adsbygoogle\"\r\n     style=\"display:inline-block;width:300px;height:250px\"\r\n     data-ad-client=\"ca-pub-1244235910658811\"\r\n     data-ad-slot=\"8592682546\"><\/ins>\r\n<script>\r\n     (adsbygoogle = window.adsbygoogle || []).push({});\r\n<\/script><\/center>\r\n<\/p><\/div><\/p>\n<p><span style=\"vertical-align: inherit;\"><span style=\"vertical-align: inherit;\">El Judgment Day original pasar\u00e1 a la historia como una de las facciones m\u00e1s exitosas de la WWE moderna. Por &#8220;original&#8221;, nos referimos a la formaci\u00f3n de cuatro personas formada por Damian Priest, Finn Balor, Rhea Ripley y Dominik Mysterio. En SummerSlam, las cosas cambiaron dr\u00e1sticamente cuando Ripley y Priest fueron traicionados durante sus respectivos combates.<\/span><\/span><\/p>\n<p><span style=\"vertical-align: inherit;\"><span style=\"vertical-align: inherit;\">Balor se neg\u00f3 a salir del armario ante\u00a0 <\/span><\/span><a href=\"https:\/\/www.prwrestling.com\/nw\/tag\/damian-priest\" target=\"_blank\" rel=\"noopener noreferrer\" data-is-sponsored=\"false\"><span style=\"vertical-align: inherit;\"><span style=\"vertical-align: inherit;\">Damian Priest<\/span><\/span><\/a><span style=\"vertical-align: inherit;\"><span style=\"vertical-align: inherit;\"> , que ahora es un babyface de pleno derecho. Habl\u00f3 desde un \u00e1rea no especificada detr\u00e1s del escenario, donde le dijo a The Archer of Infamy que iba a esperar hasta que se sintiera c\u00f3modo para poder apu\u00f1alarlo por la espalda una y otra vez.<\/span><\/span><\/p>\n<div id=\"ad-slot\" style=\"min-width: 300px; min-height: 250px;\">\r\n<p style=\"text-align: center;\">\r\n<script async src=\"https:\/\/pagead2.googlesyndication.com\/pagead\/js\/adsbygoogle.js\"><\/script>\r\n<!-- 300x250 sc a -->\r\n<ins class=\"adsbygoogle\"\r\n     style=\"display:inline-block;width:300px;height:250px\"\r\n     data-ad-client=\"ca-pub-1244235910658811\"\r\n     data-ad-slot=\"8592682546\"><\/ins>\r\n<script>\r\n     (adsbygoogle = window.adsbygoogle || []).push({});\r\n<\/script><\/center>\r\n<\/p><\/div>\n<p><span style=\"vertical-align: inherit;\"><span style=\"vertical-align: inherit;\">Balor se neg\u00f3 a enfrentarse a Priest y dijo que JD McDonagh se enfrentar\u00eda a \u00e9l. Cuando la c\u00e1mara se alej\u00f3, se revel\u00f3 la nueva alineaci\u00f3n de cinco personas para Judgment Day: Finn Balor, JD McDonagh, Liv Morgan, Dominik Mysterio y Carlito.<\/span><\/span><\/p>\n<blockquote class=\"twitter-tweet\">\n<p dir=\"ltr\" lang=\"ro\">Finn B\u00e1lor introduces his new Judgment Day! Oooohhhh!!!! <a href=\"https:\/\/twitter.com\/hashtag\/WWERAW?src=hash&amp;ref_src=twsrc%5Etfw\" target=\"_blank\" rel=\"noopener\">#WWERAW<\/a> <a href=\"https:\/\/t.co\/RvKspuMFzi\">pic.twitter.com\/RvKspuMFzi<\/a><\/p>\n<p>\u2014  (@WrestlingCovers) <a href=\"https:\/\/twitter.com\/WrestlingCovers\/status\/1820622053474459834?ref_src=twsrc%5Etfw\" target=\"_blank\" rel=\"noopener\">August 6, 2024<\/a><\/p><\/blockquote>\n<p><script async src=\"https:\/\/platform.twitter.com\/widgets.js\" charset=\"utf-8\"><\/script><br \/>\n<span style=\"vertical-align: inherit;\"><span style=\"vertical-align: inherit;\">Esto b\u00e1sicamente confirm\u00f3 que Carlito y McDonagh estaban tan al tanto de lo que le iba a pasar a\u00a0 <\/span><\/span><a href=\"https:\/\/www.prwrestling.com\/nw\/tag\/rhea-ripley\" target=\"_blank\" rel=\"noopener noreferrer\" data-is-sponsored=\"false\"><span style=\"vertical-align: inherit;\"><span style=\"vertical-align: inherit;\">Rhea Ripley<\/span><\/span><\/a><span style=\"vertical-align: inherit;\"><span style=\"vertical-align: inherit;\"> \u00a0como Dominik Mysterio. Hab\u00eda una zona un poco gris en lo que respecta a JD y Carlito, pero eso ahora se ha aclarado y ambos ya son parte de la facci\u00f3n.<\/span><\/span><\/p>\n<p><span style=\"vertical-align: inherit;\"><span style=\"vertical-align: inherit;\">Se avecina una guerra total en los pr\u00f3ximos meses. <\/span><\/span><span style=\"vertical-align: inherit;\"><span style=\"vertical-align: inherit;\">Cuando Balor y Priest finalmente se enfrenten, ser\u00e1 explosivo. Ahora queda por ver si Priest conseguir\u00e1 algunos talentos de su lado, ya que uno no puede dejar de pensar en Rhea Ripley y Jey Uso como posibles compa\u00f1eros de equipo del ahora ex campe\u00f3n Mundial de la WWE.<\/span><\/span><\/p>\n<blockquote class=\"twitter-tweet\">\n<p dir=\"ltr\" lang=\"en\">&#8220;I didn&#8217;t betray you. You betrayed The Judgment Day.&#8221;<br \/>\n&#8211; Finn Balor<a href=\"https:\/\/twitter.com\/hashtag\/WWE?src=hash&amp;ref_src=twsrc%5Etfw\" target=\"_blank\" rel=\"noopener\">#WWE<\/a> <a href=\"https:\/\/twitter.com\/hashtag\/WWERaw?src=hash&amp;ref_src=twsrc%5Etfw\" target=\"_blank\" rel=\"noopener\">#WWERaw<\/a> <a href=\"https:\/\/t.co\/NYodnlbVrT\">pic.twitter.com\/NYodnlbVrT<\/a><\/p>\n<p>\u2014 Sportskeeda Wrestling (@SKWrestling_) <a href=\"https:\/\/twitter.com\/SKWrestling_\/status\/1820621604612915692?ref_src=twsrc%5Etfw\" target=\"_blank\" rel=\"noopener\">August 6, 2024<\/a><\/p><\/blockquote>\n<p><script async src=\"https:\/\/platform.twitter.com\/widgets.js\" charset=\"utf-8\"><\/script><\/p>\n","protected":false},"excerpt":{"rendered":"<p>Finn Balor revel\u00f3 la nueva alineaci\u00f3n de Judgment Day en RAW despu\u00e9s de SummerSlam 2024, y los fan\u00e1ticos estar\u00e1n incre\u00edblemente molestos. En una promoci\u00f3n dirigida a Damian Priest, se realiz\u00f3 un nuevo cambio impactante en The Judgment Day.<\/p>\n","protected":false},"author":1,"featured_media":268958,"comment_status":"closed","ping_status":"closed","sticky":false,"template":"","format":"standard","meta":{"footnotes":""},"categories":[5,38],"tags":[],"class_list":{"0":"post-268956","1":"post","2":"type-post","3":"status-publish","4":"format-standard","5":"has-post-thumbnail","7":"category-noticias","8":"category-noticias-y-rumores-de-la-wwe"},"_links":{"self":[{"href":"https:\/\/www.prwrestling.com\/nw\/wp-json\/wp\/v2\/posts\/268956","targetHints":{"allow":["GET"]}}],"collection":[{"href":"https:\/\/www.prwrestling.com\/nw\/wp-json\/wp\/v2\/posts"}],"about":[{"href":"https:\/\/www.prwrestling.com\/nw\/wp-json\/wp\/v2\/types\/post"}],"author":[{"embeddable":true,"href":"https:\/\/www.prwrestling.com\/nw\/wp-json\/wp\/v2\/users\/1"}],"replies":[{"embeddable":true,"href":"https:\/\/www.prwrestling.com\/nw\/wp-json\/wp\/v2\/comments?post=268956"}],"version-history":[{"count":2,"href":"https:\/\/www.prwrestling.com\/nw\/wp-json\/wp\/v2\/posts\/268956\/revisions"}],"predecessor-version":[{"id":268959,"href":"https:\/\/www.prwrestling.com\/nw\/wp-json\/wp\/v2\/posts\/268956\/revisions\/268959"}],"wp:featuredmedia":[{"embeddable":true,"href":"https:\/\/www.prwrestling.com\/nw\/wp-json\/wp\/v2\/media\/268958"}],"wp:attachment":[{"href":"https:\/\/www.prwrestling.com\/nw\/wp-json\/wp\/v2\/media?parent=268956"}],"wp:term":[{"taxonomy":"category","embeddable":true,"href":"https:\/\/www.prwrestling.com\/nw\/wp-json\/wp\/v2\/categories?post=268956"},{"taxonomy":"post_tag","embeddable":true,"href":"https:\/\/www.prwrestling.com\/nw\/wp-json\/wp\/v2\/tags?post=268956"}],"curies":[{"name":"wp","href":"https:\/\/api.w.org\/{rel}","templated":true}]}}