{"id":269087,"date":"2024-08-08T15:42:00","date_gmt":"2024-08-08T19:42:00","guid":{"rendered":"https:\/\/www.prwrestling.com\/nw\/?p=269087"},"modified":"2024-08-08T15:42:00","modified_gmt":"2024-08-08T19:42:00","slug":"confirman-mustafa-ali-ya-no-laborara-en-tna","status":"publish","type":"post","link":"https:\/\/www.prwrestling.com\/nw\/confirman-mustafa-ali-ya-no-laborara-en-tna\/","title":{"rendered":"Confirman Mustafa Ali ya no laborar\u00e1 en TNA"},"content":{"rendered":"<p><span style=\"vertical-align: inherit;\"><span style=\"vertical-align: inherit;\">El ex campe\u00f3n de la Divisi\u00f3n X Mustafa Ali termin\u00f3 su relaci\u00f3n con TNA Wrestling a partir de ahora, seg\u00fan un nuevo informe de Fightful.<\/span><\/span><!--more--><div id=\"ad-slot\" style=\"min-width: 300px; min-height: 250px;\">\r\n<p style=\"text-align: center;\">\r\n<script async src=\"https:\/\/pagead2.googlesyndication.com\/pagead\/js\/adsbygoogle.js\"><\/script>\r\n<!-- 300x250 sc a -->\r\n<ins class=\"adsbygoogle\"\r\n     style=\"display:inline-block;width:300px;height:250px\"\r\n     data-ad-client=\"ca-pub-1244235910658811\"\r\n     data-ad-slot=\"8592682546\"><\/ins>\r\n<script>\r\n     (adsbygoogle = window.adsbygoogle || []).push({});\r\n<\/script><\/center>\r\n<\/p><\/div><\/p>\n<p><span style=\"vertical-align: inherit;\"><span style=\"vertical-align: inherit;\">Ali public\u00f3 una carta de despedida a la Divisi\u00f3n X la semana pasada en las redes sociales despu\u00e9s de su derrota ante el Campe\u00f3n Mundial de TNA Nic Nemeth, pero no estaba del todo claro si estaba terminando su mandato en general.<\/span><\/span><\/p>\n<p><span style=\"vertical-align: inherit;\"><span style=\"vertical-align: inherit;\">Ali anunci\u00f3 por primera vez que se iba a TNA en enero como parte de una &#8220;gira mundial&#8221; posterior a la WWE que lo ha visto en los anillos de NJPW, GCW, Deadlock Pro y Prestige Wrestling, entre otros grupos. Hizo su debut en TNA en No Surrender en febrero, derrotando a Chris Sabin por el t\u00edtulo de la Divisi\u00f3n X.<\/span><\/span><\/p>\n<blockquote class=\"twitter-tweet\">\n<p dir=\"ltr\" lang=\"zxx\"><a href=\"https:\/\/t.co\/crNoPJ439C\">pic.twitter.com\/crNoPJ439C<\/a><\/p>\n<p>\u2014 Mustafa Ali (@MustafaAli_X) <a href=\"https:\/\/twitter.com\/MustafaAli_X\/status\/1819187646154821673?ref_src=twsrc%5Etfw\" target=\"_blank\" rel=\"noopener\">August 2, 2024<\/a><\/p><\/blockquote>\n<p><script async src=\"https:\/\/platform.twitter.com\/widgets.js\" charset=\"utf-8\"><\/script><br \/>\n<span style=\"vertical-align: inherit;\"><span style=\"vertical-align: inherit;\">Luchar\u00eda 20 combates en total para la empresa, defendiendo el t\u00edtulo ocho veces en ese lapso tanto en TNA como en varias indies. Perdi\u00f3 el t\u00edtulo ante &#8220;Speedball&#8221; Mike Bailey en Slammiversary de julio.<\/span><\/span><\/p>\n<p><span style=\"vertical-align: inherit;\"><span style=\"vertical-align: inherit;\">Ali todav\u00eda est\u00e1 aceptando contrataciones independientes y tiene compromisos hasta noviembre que incluyen un viaje a Australia.<\/span><\/span><\/p>\n","protected":false},"excerpt":{"rendered":"<p>El ex campe\u00f3n de la Divisi\u00f3n X Mustafa Ali termin\u00f3 su relaci\u00f3n con TNA Wrestling a partir de ahora, seg\u00fan un nuevo informe de Fightful.<\/p>\n","protected":false},"author":3,"featured_media":177285,"comment_status":"closed","ping_status":"closed","sticky":false,"template":"","format":"standard","meta":{"footnotes":""},"categories":[5],"tags":[6707],"class_list":{"0":"post-269087","1":"post","2":"type-post","3":"status-publish","4":"format-standard","5":"has-post-thumbnail","7":"category-noticias","8":"tag-mustafa-ali"},"_links":{"self":[{"href":"https:\/\/www.prwrestling.com\/nw\/wp-json\/wp\/v2\/posts\/269087","targetHints":{"allow":["GET"]}}],"collection":[{"href":"https:\/\/www.prwrestling.com\/nw\/wp-json\/wp\/v2\/posts"}],"about":[{"href":"https:\/\/www.prwrestling.com\/nw\/wp-json\/wp\/v2\/types\/post"}],"author":[{"embeddable":true,"href":"https:\/\/www.prwrestling.com\/nw\/wp-json\/wp\/v2\/users\/3"}],"replies":[{"embeddable":true,"href":"https:\/\/www.prwrestling.com\/nw\/wp-json\/wp\/v2\/comments?post=269087"}],"version-history":[{"count":2,"href":"https:\/\/www.prwrestling.com\/nw\/wp-json\/wp\/v2\/posts\/269087\/revisions"}],"predecessor-version":[{"id":269089,"href":"https:\/\/www.prwrestling.com\/nw\/wp-json\/wp\/v2\/posts\/269087\/revisions\/269089"}],"wp:featuredmedia":[{"embeddable":true,"href":"https:\/\/www.prwrestling.com\/nw\/wp-json\/wp\/v2\/media\/177285"}],"wp:attachment":[{"href":"https:\/\/www.prwrestling.com\/nw\/wp-json\/wp\/v2\/media?parent=269087"}],"wp:term":[{"taxonomy":"category","embeddable":true,"href":"https:\/\/www.prwrestling.com\/nw\/wp-json\/wp\/v2\/categories?post=269087"},{"taxonomy":"post_tag","embeddable":true,"href":"https:\/\/www.prwrestling.com\/nw\/wp-json\/wp\/v2\/tags?post=269087"}],"curies":[{"name":"wp","href":"https:\/\/api.w.org\/{rel}","templated":true}]}}