{"id":269305,"date":"2024-08-13T08:16:21","date_gmt":"2024-08-13T12:16:21","guid":{"rendered":"https:\/\/www.prwrestling.com\/nw\/?p=269305"},"modified":"2024-08-13T08:16:21","modified_gmt":"2024-08-13T12:16:21","slug":"revelan-planes-a-largo-plazo-de-roman-reigns-y-otros-oponentes-en-la-wwe","status":"publish","type":"post","link":"https:\/\/www.prwrestling.com\/nw\/revelan-planes-a-largo-plazo-de-roman-reigns-y-otros-oponentes-en-la-wwe\/","title":{"rendered":"Revelan planes a largo plazo de Roman Reigns y otros oponentes en la WWE"},"content":{"rendered":"<p><span style=\"vertical-align: inherit;\"><span style=\"vertical-align: inherit;\">Roman Reigns hizo un regreso inesperado\u00a0 <\/span><\/span><a href=\"https:\/\/www.prwrestling.com\/nw\/resultados-wwe-summerslam-2024-regresa-roman-reigns-y-ataca-a-solo-sikoa\/\"><span style=\"vertical-align: inherit;\"><span style=\"vertical-align: inherit;\">en SummerSlam<\/span><\/span><\/a><span style=\"vertical-align: inherit;\"><span style=\"vertical-align: inherit;\"> , al ir tras Solo Sikoa en lugar de Cody Rhodes. Cuando regres\u00f3 a SmackDown la semana pasada, diezm\u00f3 a The Bloodline y ahora se han revelado los planes a largo plazo de la WWE para Roman Reigns.<\/span><\/span><!--more--><div id=\"ad-slot\" style=\"min-width: 300px; min-height: 250px;\">\r\n<p style=\"text-align: center;\">\r\n<script async src=\"https:\/\/pagead2.googlesyndication.com\/pagead\/js\/adsbygoogle.js\"><\/script>\r\n<!-- 300x250 sc a -->\r\n<ins class=\"adsbygoogle\"\r\n     style=\"display:inline-block;width:300px;height:250px\"\r\n     data-ad-client=\"ca-pub-1244235910658811\"\r\n     data-ad-slot=\"8592682546\"><\/ins>\r\n<script>\r\n     (adsbygoogle = window.adsbygoogle || []).push({});\r\n<\/script><\/center>\r\n<\/p><\/div><\/p>\n<p><span style=\"vertical-align: inherit;\"><span style=\"vertical-align: inherit;\">En el\u00a0 <\/span><\/span><a href=\"https:\/\/www.prwrestling.com\/nw\/reporte-wwe-smackdown-regresa-roman-reigns-para-verse-cara-a-cara-con-solo-sikoa\/\"><span style=\"vertical-align: inherit;\"><span style=\"vertical-align: inherit;\">episodio del 9 de agosto de 2024 de WWE SmackDown<\/span><\/span><\/a><span style=\"vertical-align: inherit;\"><span style=\"vertical-align: inherit;\"> , Roman Reigns hizo sentir su presencia al final del programa cuando comenz\u00f3 una pelea con Solo Sikoa, antes de que Tama Tonga y Tonga Loa intervinieran.<\/span><\/span><\/p>\n<p><span style=\"vertical-align: inherit;\"><span style=\"vertical-align: inherit;\">Tama y Tanga intentaron atacar a Roman Reigns, pero este r\u00e1pidamente cambi\u00f3 las cosas. Reigns atac\u00f3 a Tanga Loa con una lanza y luego\u00a0 <\/span><\/span><span style=\"vertical-align: inherit;\"><span style=\"vertical-align: inherit;\">condujo a Tama Tonga a trav\u00e9s de la barricada, logrando un gran impacto en su regreso<\/span><\/span><span style=\"vertical-align: inherit;\"><span style=\"vertical-align: inherit;\"> .<\/span><\/span><\/p>\n<p><span style=\"vertical-align: inherit;\"><span style=\"vertical-align: inherit;\">Jacob Fatu no estuvo presente en el programa ya que ha estado ausente de la televisi\u00f3n de la WWE desde SummerSlam e incluso fue visto\u00a0 <\/span><\/span><span style=\"vertical-align: inherit;\"><span style=\"vertical-align: inherit;\">usando una bota para caminar<\/span><\/span><span style=\"vertical-align: inherit;\"><span style=\"vertical-align: inherit;\"> \u00a0despu\u00e9s del evento.<\/span><\/span><\/p>\n<div id=\"ad-slot\" style=\"min-width: 300px; min-height: 250px;\"><p style=\"text-align: center;\">\r\n<script async src=\"https:\/\/pagead2.googlesyndication.com\/pagead\/js\/adsbygoogle.js\"><\/script>\r\n<!-- Responsive sc c -->\r\n<ins class=\"adsbygoogle\"\r\n     style=\"display:block\"\r\n     data-ad-client=\"ca-pub-1244235910658811\"\r\n     data-ad-slot=\"4234005358\"\r\n     data-ad-format=\"auto\"\r\n     data-full-width-responsive=\"true\"><\/ins>\r\n<script>\r\n     (adsbygoogle = window.adsbygoogle || []).push({});\r\n<\/script><\/p><\/div>\n<p><span style=\"vertical-align: inherit;\"><span style=\"vertical-align: inherit;\">Mientras hablaba en la m\u00e1s reciente edici\u00f3n de <\/span><\/span><a href=\"https:\/\/www.f4wonline.com\/podcasts\/wrestling-observer-radio\/wrestling-observer-radio-janel-grant-g-1-update-raw-aew-preview-more\/\" target=\"_blank\" rel=\"noreferrer noopener\"><span style=\"vertical-align: inherit;\"><span style=\"vertical-align: inherit;\">Wrestling Observer Radio<\/span><\/span><\/a><span style=\"vertical-align: inherit;\"><span style=\"vertical-align: inherit;\"> , Dave Meltzer se\u00f1al\u00f3 que Jacob Fatu actualmente se encuentra fuera de la televisi\u00f3n, ya que la WWE busca evitar una confrontaci\u00f3n directa entre \u00e9l y Roman Reigns. La estrategia es preservar el atractivo \u00fanico de Fatu al no permitirle interactuar con Reigns, ya que las luchas de Reigns a menudo requieren que los oponentes vendan mucho para \u00e9l.<\/span><\/span><\/p>\n<p><span style=\"vertical-align: inherit;\"><span style=\"vertical-align: inherit;\">Meltzer declar\u00f3 que la WWE planea posponer un enfrentamiento entre Fatu y Reigns hasta que sea el momento adecuado. Meltzer agreg\u00f3 que todo esto es parte de un plan deliberado. El enfoque actual est\u00e1 en Roman Reigns y Solo Sikoa, y se espera que Fatu se incorpore a la mezcla en una etapa posterior.<\/span><\/span><\/p>\n<blockquote class=\"wp-block-quote is-layout-flow wp-block-quote-is-layout-flow\"><p><em><span style=\"vertical-align: inherit;\"><span style=\"vertical-align: inherit;\">\u201cB\u00e1sicamente, lo que sucede es que est\u00e1n tratando de que Jacob Fatu evite por completo a Roman Reigns, porque todos tienen que vender por Roman Reigns y quieren mantener a Jacob Fatu especial al no chocar con Roman Reigns. Entonces, suceder\u00e1 cuando Roman Reigns est\u00e9 cerca hasta que sea el momento adecuado para unirlos. Esa es la situaci\u00f3n. No puedo decir que no est\u00e9 lastimado, pero todo lo que est\u00e1 sucediendo fue planeado para que sucediera, puedo decir eso, en cuanto a evitar que esos dos se encierren por ahora hasta m\u00e1s tarde, cuando se encierren. Creo que quieren a Roman con Solo primero y luego a Jacob Fatu despu\u00e9s de eso<\/span><\/span><\/em><span style=\"vertical-align: inherit;\"><span style=\"vertical-align: inherit;\"> &#8220;.<\/span><\/span><\/p><\/blockquote>\n<blockquote class=\"twitter-tweet\">\n<p dir=\"ltr\" lang=\"en\">Jacob Fatu will be returning back before the end of the month. One source, when told there were talents who thought he was legitimately hurt at Summerslam, blew off that idea. (PWInsider)<\/p>\n<p>(WOR) also reported that the plan is to keep him away from Roman Reigns for the time being.\u2026 <a href=\"https:\/\/t.co\/SKwjG5eBXW\">pic.twitter.com\/SKwjG5eBXW<\/a><\/p>\n<p>\u2014 Wrestlelamia.com (@wrestlelamia) <a href=\"https:\/\/twitter.com\/wrestlelamia\/status\/1823311419003015430?ref_src=twsrc%5Etfw\" target=\"_blank\" rel=\"noopener\">August 13, 2024<\/a><\/p><\/blockquote>\n<p><script async src=\"https:\/\/platform.twitter.com\/widgets.js\" charset=\"utf-8\"><\/script><br \/>\n<span style=\"vertical-align: inherit;\"><span style=\"vertical-align: inherit;\">Tambi\u00e9n una leyenda explic\u00f3 m\u00e1s sobre por qu\u00e9 \u00a0<a href=\"https:\/\/www.prwrestling.com\/nw\/leyenda-de-la-lucha-libre-explica-por-que-wwe-no-queria-que-jacob-fatu-y-roman-reigns-se-enfrentaran-en-summerslam\/\">WWE no quer\u00eda que Jacob Fatu y Roman Reigns se pelearan en SummerSlam<\/a><\/span><\/span><span style=\"vertical-align: inherit;\"><span style=\"vertical-align: inherit;\">. Por lo tanto, queda por ver cu\u00e1ndo The Tribal Chief y Samoan Werewolf tendr\u00e1n su primera interacci\u00f3n cara a cara, ya que hay mucha anticipaci\u00f3n para que eso suceda.<\/span><\/span><\/p>\n","protected":false},"excerpt":{"rendered":"<p>Roman Reigns hizo un regreso inesperado\u00a0 en SummerSlam , al ir tras Solo Sikoa en lugar de Cody Rhodes. Cuando regres\u00f3 a SmackDown la semana pasada, diezm\u00f3 a The Bloodline y ahora se han revelado los planes a largo plazo de la WWE para Roman Reigns.<\/p>\n","protected":false},"author":1,"featured_media":269307,"comment_status":"closed","ping_status":"closed","sticky":false,"template":"","format":"standard","meta":{"footnotes":""},"categories":[5,38],"tags":[],"class_list":{"0":"post-269305","1":"post","2":"type-post","3":"status-publish","4":"format-standard","5":"has-post-thumbnail","7":"category-noticias","8":"category-noticias-y-rumores-de-la-wwe"},"_links":{"self":[{"href":"https:\/\/www.prwrestling.com\/nw\/wp-json\/wp\/v2\/posts\/269305","targetHints":{"allow":["GET"]}}],"collection":[{"href":"https:\/\/www.prwrestling.com\/nw\/wp-json\/wp\/v2\/posts"}],"about":[{"href":"https:\/\/www.prwrestling.com\/nw\/wp-json\/wp\/v2\/types\/post"}],"author":[{"embeddable":true,"href":"https:\/\/www.prwrestling.com\/nw\/wp-json\/wp\/v2\/users\/1"}],"replies":[{"embeddable":true,"href":"https:\/\/www.prwrestling.com\/nw\/wp-json\/wp\/v2\/comments?post=269305"}],"version-history":[{"count":2,"href":"https:\/\/www.prwrestling.com\/nw\/wp-json\/wp\/v2\/posts\/269305\/revisions"}],"predecessor-version":[{"id":269308,"href":"https:\/\/www.prwrestling.com\/nw\/wp-json\/wp\/v2\/posts\/269305\/revisions\/269308"}],"wp:featuredmedia":[{"embeddable":true,"href":"https:\/\/www.prwrestling.com\/nw\/wp-json\/wp\/v2\/media\/269307"}],"wp:attachment":[{"href":"https:\/\/www.prwrestling.com\/nw\/wp-json\/wp\/v2\/media?parent=269305"}],"wp:term":[{"taxonomy":"category","embeddable":true,"href":"https:\/\/www.prwrestling.com\/nw\/wp-json\/wp\/v2\/categories?post=269305"},{"taxonomy":"post_tag","embeddable":true,"href":"https:\/\/www.prwrestling.com\/nw\/wp-json\/wp\/v2\/tags?post=269305"}],"curies":[{"name":"wp","href":"https:\/\/api.w.org\/{rel}","templated":true}]}}