{"id":269839,"date":"2024-08-25T10:03:02","date_gmt":"2024-08-25T14:03:02","guid":{"rendered":"https:\/\/www.prwrestling.com\/nw\/?p=269839"},"modified":"2024-08-25T10:03:02","modified_gmt":"2024-08-25T14:03:02","slug":"roban-pertenencia-de-mjf-en-londres-antes-de-aew-all-in-emite-comunicado","status":"publish","type":"post","link":"https:\/\/www.prwrestling.com\/nw\/roban-pertenencia-de-mjf-en-londres-antes-de-aew-all-in-emite-comunicado\/","title":{"rendered":"Roban pertenencia de MJF en Londres antes de AEW All In, emite comunicado"},"content":{"rendered":"<p><span style=\"vertical-align: inherit;\"><span style=\"vertical-align: inherit;\">El espect\u00e1culo del a\u00f1o de AEW a\u00fan no ha comenzado y ya est\u00e1n pasando muchas cosas en Londres. Antes del PPV, MJF revel\u00f3 en Twitter que le hab\u00edan robado su anillo Dynamite Diamond.<\/span><\/span><!--more--><\/p>\n<div id=\"ad-slot\" style=\"min-width: 300px; min-height: 250px;\">\r\n<p style=\"text-align: center;\">\r\n<script async src=\"https:\/\/pagead2.googlesyndication.com\/pagead\/js\/adsbygoogle.js\"><\/script>\r\n<!-- 300x250 sc a -->\r\n<ins class=\"adsbygoogle\"\r\n     style=\"display:inline-block;width:300px;height:250px\"\r\n     data-ad-client=\"ca-pub-1244235910658811\"\r\n     data-ad-slot=\"8592682546\"><\/ins>\r\n<script>\r\n     (adsbygoogle = window.adsbygoogle || []).push({});\r\n<\/script><\/center>\r\n<\/p><\/div>\n<p><span style=\"vertical-align: inherit;\"><span style=\"vertical-align: inherit;\">Est\u00e1 previsto que MJF defienda el Campeonato Americano (antes conocido como Internacional) contra\u00a0 <\/span><\/span><a href=\"https:\/\/www.prwrestling.com\/nw\/tag\/will-ospreay\" target=\"_blank\" rel=\"noopener noreferrer\" data-is-sponsored=\"false\"><span style=\"vertical-align: inherit;\"><span style=\"vertical-align: inherit;\">Will Ospreay<\/span><\/span><\/a><span style=\"vertical-align: inherit;\"><span style=\"vertical-align: inherit;\"> \u00a0en uno de los combates m\u00e1s esperados de la cartelera. La estrella no ha tenido reparos en ser un rudo cruel durante su rivalidad con Ospreay, ya que no ha perdido la oportunidad de insultar al pa\u00eds de origen de su rival.<\/span><\/span><\/p>\n<p><a href=\"https:\/\/www.prwrestling.com\/nw\/tag\/mjf\" target=\"_blank\" rel=\"noopener noreferrer\" data-is-sponsored=\"false\"><span style=\"vertical-align: inherit;\"><span style=\"vertical-align: inherit;\">MJF<\/span><\/span><\/a><span style=\"vertical-align: inherit;\"><span style=\"vertical-align: inherit;\"> , junto con los dem\u00e1s miembros del roster de All Elite Wrestling, han estado en Londres prepar\u00e1ndose para All In, y parece que Maxwell no ha tenido la mejor de las experiencias.<\/span><\/span><\/p>\n<div id=\"ad-slot\" style=\"min-width: 300px; min-height: 250px;\"><p style=\"text-align: center;\">\r\n<script async src=\"https:\/\/pagead2.googlesyndication.com\/pagead\/js\/adsbygoogle.js\"><\/script>\r\n<!-- Responsive sc c -->\r\n<ins class=\"adsbygoogle\"\r\n     style=\"display:block\"\r\n     data-ad-client=\"ca-pub-1244235910658811\"\r\n     data-ad-slot=\"4234005358\"\r\n     data-ad-format=\"auto\"\r\n     data-full-width-responsive=\"true\"><\/ins>\r\n<script>\r\n     (adsbygoogle = window.adsbygoogle || []).push({});\r\n<\/script><\/p><\/div>\n<p><span style=\"vertical-align: inherit;\"><span style=\"vertical-align: inherit;\">El joven de 28 a\u00f1os recurri\u00f3 a las redes sociales y evidentemente estaba bastante furioso por el supuesto robo de su anillo. El trabajo de MJF en la caracterizaci\u00f3n es insuperable, y su \u00faltimo tuit tambi\u00e9n podr\u00eda ser parte de su plan para destrozar a Inglaterra. Emiti\u00f3 la siguiente declaraci\u00f3n que, por supuesto, debe tomarse con pinzas:<\/span><\/span><\/p>\n<blockquote><p><span style=\"vertical-align: inherit;\"><span style=\"vertical-align: inherit;\">&#8220;Me han robado mi anillo de diamantes Dynamite. \u00a1Incre\u00edble, un pa\u00eds sin Dios y sin ley!&#8221;, escribi\u00f3 la estrella de AEW.<\/span><\/span><\/p><\/blockquote>\n<blockquote class=\"twitter-tweet\">\n<p dir=\"ltr\" lang=\"en\">My Dynamite Diamond ring has been stolen.<\/p>\n<p>Unreal. Godless. Lawless country!!!!!!!!!!<\/p>\n<p>\u2014 Maxwell Jacob Friedman\u2122\ufe0f (@The_MJF) <a href=\"https:\/\/twitter.com\/The_MJF\/status\/1827653988147142857?ref_src=twsrc%5Etfw\" target=\"_blank\" rel=\"noopener\">August 25, 2024<\/a><\/p><\/blockquote>\n<p><script async src=\"https:\/\/platform.twitter.com\/widgets.js\" charset=\"utf-8\"><\/script><br \/>\n<span style=\"vertical-align: inherit;\"><span style=\"vertical-align: inherit;\">Por lo que sabemos, es posible que MJF nunca haya perdido su preciado anillo de diamantes Dynamite y que solo est\u00e9 intentando meterse bajo la piel de los fan\u00e1ticos como un villano de primera categor\u00eda.<\/span><\/span><\/p>\n<p><span style=\"vertical-align: inherit;\"><span style=\"vertical-align: inherit;\">Sin embargo, Maxwell Jacob Friedman tiene problemas m\u00e1s grandes de los que preocuparse, ya que un Will Ospreay extremadamente motivado ha prometido recuperar el Campeonato Internacional despu\u00e9s de una rivalidad bastante acalorada con otro de los principales protagonistas de AEW.<\/span><\/span><\/p>\n","protected":false},"excerpt":{"rendered":"<p>El espect\u00e1culo del a\u00f1o de AEW a\u00fan no ha comenzado y ya est\u00e1n pasando muchas cosas en Londres. Antes del PPV, MJF revel\u00f3 en Twitter que le hab\u00edan robado su anillo Dynamite Diamond.<\/p>\n","protected":false},"author":1,"featured_media":269841,"comment_status":"closed","ping_status":"closed","sticky":false,"template":"","format":"standard","meta":{"footnotes":""},"categories":[5,1],"tags":[3229],"class_list":{"0":"post-269839","1":"post","2":"type-post","3":"status-publish","4":"format-standard","5":"has-post-thumbnail","7":"category-noticias","8":"category-all-elite-wrestling","9":"tag-mjf"},"_links":{"self":[{"href":"https:\/\/www.prwrestling.com\/nw\/wp-json\/wp\/v2\/posts\/269839","targetHints":{"allow":["GET"]}}],"collection":[{"href":"https:\/\/www.prwrestling.com\/nw\/wp-json\/wp\/v2\/posts"}],"about":[{"href":"https:\/\/www.prwrestling.com\/nw\/wp-json\/wp\/v2\/types\/post"}],"author":[{"embeddable":true,"href":"https:\/\/www.prwrestling.com\/nw\/wp-json\/wp\/v2\/users\/1"}],"replies":[{"embeddable":true,"href":"https:\/\/www.prwrestling.com\/nw\/wp-json\/wp\/v2\/comments?post=269839"}],"version-history":[{"count":2,"href":"https:\/\/www.prwrestling.com\/nw\/wp-json\/wp\/v2\/posts\/269839\/revisions"}],"predecessor-version":[{"id":269842,"href":"https:\/\/www.prwrestling.com\/nw\/wp-json\/wp\/v2\/posts\/269839\/revisions\/269842"}],"wp:featuredmedia":[{"embeddable":true,"href":"https:\/\/www.prwrestling.com\/nw\/wp-json\/wp\/v2\/media\/269841"}],"wp:attachment":[{"href":"https:\/\/www.prwrestling.com\/nw\/wp-json\/wp\/v2\/media?parent=269839"}],"wp:term":[{"taxonomy":"category","embeddable":true,"href":"https:\/\/www.prwrestling.com\/nw\/wp-json\/wp\/v2\/categories?post=269839"},{"taxonomy":"post_tag","embeddable":true,"href":"https:\/\/www.prwrestling.com\/nw\/wp-json\/wp\/v2\/tags?post=269839"}],"curies":[{"name":"wp","href":"https:\/\/api.w.org\/{rel}","templated":true}]}}