{"id":270,"date":"2014-04-09T02:37:27","date_gmt":"2014-04-09T02:37:27","guid":{"rendered":"http:\/\/prwrestling.com\/nw\/?p=270"},"modified":"2014-04-09T02:37:27","modified_gmt":"2014-04-09T02:37:27","slug":"mas-sobre-la-gira-de-despedida-de-colon","status":"publish","type":"post","link":"https:\/\/www.prwrestling.com\/nw\/mas-sobre-la-gira-de-despedida-de-colon\/","title":{"rendered":"MAS SOBRE LA GIRA DE DESPEDIDA DE COLON"},"content":{"rendered":"<p><img loading=\"lazy\" decoding=\"async\" class=\"attachment-post-thumbnail alignleft\" alt=\"carlos-colon\" src=\"http:\/\/prwrestling.com\/nw\/wp-content\/uploads\/2014\/04\/carlos-colon-150x150.jpg\" width=\"150\" height=\"150\" \/><em>Via comunicado:<\/em><\/p>\n<p>Tras la exaltaci\u00f3n al Sal\u00f3n de la Fama de la WWE de Carlitos Col\u00f3n, WWC estar\u00e1 presentando la gira de despedida de nuestro eterno acr\u00f3bata de Puerto Rico.<!--more--><\/p>\n<p>La gira contar\u00e1 con una cartelera con Las S\u00faper Estrellas de la Lucha Libre, nacionales e internacionales favoritas de la fanaticada local donde Col\u00f3n tendr\u00e1 una participaci\u00f3n especial. Adem\u00e1s, se estar\u00e1n pr&#8230;esentando en pantalla gigante grandes momentos de la carrera de la leyenda viviente y habr\u00e1 mercanc\u00eda disponible para los coleccionistas.<\/p>\n<p>La gira recorrer\u00e1 casi todos los pueblos de la Isla donde el hijo del barrio Jauca de Santa Isabel escribi\u00f3 con letras doradas su paso por el rudo deporte de la lucha libre profesional.<\/p>\n<p>Esta gira llegara al Humacao Arena de la Ciudad, el s\u00e1bado 31 de mayo, seg\u00fan explico el propio Col\u00f3n en Conferencia de Prensa llevada a cabo el martes 8 de abril en el Centro de Bellas Artes de Humacao.<\/p>\n<p>M\u00e1s informaci\u00f3n en el programa &#8220;Super Estrellas de la Lucha Libre&#8221;, todos los s\u00e1bados y domingos, a las 12:00 del mediod\u00eda por WAPA TV, y WAPA AM\u00c9RICA.<\/p>\n","protected":false},"excerpt":{"rendered":"<p>Via comunicado: Tras la exaltaci\u00f3n al Sal\u00f3n de la Fama de la WWE de Carlitos Col\u00f3n, WWC estar\u00e1 presentando la gira de despedida de nuestro eterno acr\u00f3bata de Puerto Rico.<\/p>\n","protected":false},"author":1,"featured_media":272,"comment_status":"closed","ping_status":"open","sticky":false,"template":"","format":"standard","meta":{"footnotes":""},"categories":[5],"tags":[],"class_list":{"0":"post-270","1":"post","2":"type-post","3":"status-publish","4":"format-standard","5":"has-post-thumbnail","7":"category-noticias"},"_links":{"self":[{"href":"https:\/\/www.prwrestling.com\/nw\/wp-json\/wp\/v2\/posts\/270","targetHints":{"allow":["GET"]}}],"collection":[{"href":"https:\/\/www.prwrestling.com\/nw\/wp-json\/wp\/v2\/posts"}],"about":[{"href":"https:\/\/www.prwrestling.com\/nw\/wp-json\/wp\/v2\/types\/post"}],"author":[{"embeddable":true,"href":"https:\/\/www.prwrestling.com\/nw\/wp-json\/wp\/v2\/users\/1"}],"replies":[{"embeddable":true,"href":"https:\/\/www.prwrestling.com\/nw\/wp-json\/wp\/v2\/comments?post=270"}],"version-history":[{"count":1,"href":"https:\/\/www.prwrestling.com\/nw\/wp-json\/wp\/v2\/posts\/270\/revisions"}],"predecessor-version":[{"id":273,"href":"https:\/\/www.prwrestling.com\/nw\/wp-json\/wp\/v2\/posts\/270\/revisions\/273"}],"wp:featuredmedia":[{"embeddable":true,"href":"https:\/\/www.prwrestling.com\/nw\/wp-json\/wp\/v2\/media\/272"}],"wp:attachment":[{"href":"https:\/\/www.prwrestling.com\/nw\/wp-json\/wp\/v2\/media?parent=270"}],"wp:term":[{"taxonomy":"category","embeddable":true,"href":"https:\/\/www.prwrestling.com\/nw\/wp-json\/wp\/v2\/categories?post=270"},{"taxonomy":"post_tag","embeddable":true,"href":"https:\/\/www.prwrestling.com\/nw\/wp-json\/wp\/v2\/tags?post=270"}],"curies":[{"name":"wp","href":"https:\/\/api.w.org\/{rel}","templated":true}]}}