{"id":270092,"date":"2024-08-31T19:01:27","date_gmt":"2024-08-31T23:01:27","guid":{"rendered":"https:\/\/www.prwrestling.com\/nw\/?p=270092"},"modified":"2024-08-31T19:03:57","modified_gmt":"2024-08-31T23:03:57","slug":"cody-rhodes-fuertemente-cuestionasdo-por-la-prensa-alemana-sobre-alegaciones-contra-vince-mcmahon","status":"publish","type":"post","link":"https:\/\/www.prwrestling.com\/nw\/cody-rhodes-fuertemente-cuestionasdo-por-la-prensa-alemana-sobre-alegaciones-contra-vince-mcmahon\/","title":{"rendered":"Cody Rhodes fuertemente cuestionasdo por la prensa alemana sobre alegaciones contra Vince McMahon"},"content":{"rendered":"<p><span style=\"vertical-align: inherit;\"><span style=\"vertical-align: inherit;\">Cody Rhodes coment\u00f3 sobre las acusaciones contra Vince McMahon y la pr\u00f3xima serie documental centrada en \u00e9l tras ser cuestionado en repetidas ocasiones por la prensa alemana.<\/span><\/span><!--more--><\/p>\n<div id=\"ad-slot\" style=\"min-width: 300px; min-height: 250px;\">\r\n<p style=\"text-align: center;\">\r\n<script async src=\"https:\/\/pagead2.googlesyndication.com\/pagead\/js\/adsbygoogle.js\"><\/script>\r\n<!-- 300x250 sc a -->\r\n<ins class=\"adsbygoogle\"\r\n     style=\"display:inline-block;width:300px;height:250px\"\r\n     data-ad-client=\"ca-pub-1244235910658811\"\r\n     data-ad-slot=\"8592682546\"><\/ins>\r\n<script>\r\n     (adsbygoogle = window.adsbygoogle || []).push({});\r\n<\/script><\/center>\r\n<\/p><\/div>\n<p><span style=\"vertical-align: inherit;\"><span style=\"vertical-align: inherit;\">Durante la conferencia de prensa del <a href=\"https:\/\/www.prwrestling.com\/nw\/resultados-wwe-bash-in-berlin-gunther-defiende-ante-randy-orton-nuevas-campeonas\/\">WWE Bash in Berlin<\/a> el s\u00e1bado por la tarde, un periodista le pregunt\u00f3 si Rhodes cre\u00eda personalmente en las acusaciones de Janel Grant contra McMahon, se\u00f1alando que el vestuario estaba &#8220;terriblemente silencioso&#8221; sobre las acusaciones, y si iba a ver la pr\u00f3xima docuserie de McMahon en Netflix.<\/span><\/span><\/p>\n<blockquote><p><span style=\"vertical-align: inherit;\"><span style=\"vertical-align: inherit;\">\u201cEn cuanto a si lo voy a ver, sin querer sonar descarado, estoy inmerso en una nueva visualizaci\u00f3n de Game of Thrones y eso implica un gran compromiso. Creo que hay un poco de desinformaci\u00f3n en cuanto a que la WWE no tiene ninguna participaci\u00f3n en este documental hasta donde yo s\u00e9. Me imagino que llegar\u00eda a verlo\u201d, dijo Rhodes.<\/span><\/span><\/p><\/blockquote>\n<div id=\"ad-slot\" style=\"min-width: 300px; min-height: 250px;\"><p style=\"text-align: center;\">\r\n<script async src=\"https:\/\/pagead2.googlesyndication.com\/pagead\/js\/adsbygoogle.js\"><\/script>\r\n<!-- Responsive sc c -->\r\n<ins class=\"adsbygoogle\"\r\n     style=\"display:block\"\r\n     data-ad-client=\"ca-pub-1244235910658811\"\r\n     data-ad-slot=\"4234005358\"\r\n     data-ad-format=\"auto\"\r\n     data-full-width-responsive=\"true\"><\/ins>\r\n<script>\r\n     (adsbygoogle = window.adsbygoogle || []).push({});\r\n<\/script><\/p><\/div>\n<p><span style=\"vertical-align: inherit;\"><span style=\"vertical-align: inherit;\">Respecto al silencio del vestuario ante las acusaciones, Rhodes dijo que era cuesti\u00f3n de centrarse en lo que hacen en el ring:<\/span><\/span><\/p>\n<blockquote><p>En cuanto a la cuesti\u00f3n m\u00e1s seria de tu pregunta, en cuanto a si el vestuario debe estar en silencio o no, no creo que sea una cuesti\u00f3n de creer o no creer, creo que, estrictamente hablando, queremos hacer lo que hac\u00edamos all\u00ed y la concentraci\u00f3n y la atenci\u00f3n que se necesitan, ya sabes, 13,149 personas para tener una gran historia y tener un gran combate y hacer eso todas las noches ha dejado a la mayor\u00eda de nosotros en una situaci\u00f3n en la que nos estamos enterando de la informaci\u00f3n, al igual que t\u00fa, y eso incluye la resoluci\u00f3n de esta informaci\u00f3n en t\u00e9rminos de lo que pas\u00f3, c\u00f3mo pas\u00f3 y c\u00f3mo se hace justicia, sea lo que sea. Pero no lo ver\u00eda como un intento activo del vestuario de permanecer en silencio, simplemente estamos haciendo lo que hacemos d\u00eda a d\u00eda en la WWE.<\/p><\/blockquote>\n<blockquote class=\"twitter-tweet\">\n<p dir=\"ltr\" lang=\"en\">The internet people might not like Cody Rhodes staying neutral and not taking the bait, but the way he addressed the question regarding Vince McMahon\/Janel Grant, a very serious matter, was handled very well and swiftly IMO. <a href=\"https:\/\/twitter.com\/hashtag\/WWEBash?src=hash&amp;ref_src=twsrc%5Etfw\" target=\"_blank\" rel=\"noopener\">#WWEBash<\/a> <a href=\"https:\/\/t.co\/q8PmVxaZOs\">pic.twitter.com\/q8PmVxaZOs<\/a><\/p>\n<p>\u2014 Richie Vargas (@RichieRich93_) <a href=\"https:\/\/twitter.com\/RichieRich93_\/status\/1829980757898469884?ref_src=twsrc%5Etfw\" target=\"_blank\" rel=\"noopener\">August 31, 2024<\/a><\/p><\/blockquote>\n<p><script async src=\"https:\/\/platform.twitter.com\/widgets.js\" charset=\"utf-8\"><\/script><\/p>\n<h2>Cody Rhodes tuvo que lidiar con preguntas dif\u00edciles tras WWE Bash in Berlin<\/h2>\n<p><span style=\"vertical-align: inherit;\"><span style=\"vertical-align: inherit;\">Durante la misma rueda de prensa, luego del campe\u00f3n Indiscutuble comentar sobre Vince McMahon, otro periodista le pregunt\u00f3 nuevamente a Cody Rhodes si cre\u00eda en las acusaciones de Janel Grant.<\/span><\/span><\/p>\n<blockquote><p><span style=\"vertical-align: inherit;\"><span style=\"vertical-align: inherit;\">\u201cDe nuevo, no conozco la informaci\u00f3n suficiente para darte una respuesta lo suficientemente buena. Lo siento\u201d, dijo.<\/span><\/span><\/p><\/blockquote>\n<p><span style=\"vertical-align: inherit;\"><span style=\"vertical-align: inherit;\">Grant present\u00f3 la demanda en enero, acusando a <a href=\"https:\/\/www.prwrestling.com\/nw\/tag\/vince-mcmahon\">Vince McMahon<\/a>. La demanda est\u00e1\u00a0 <\/span><\/span><span style=\"vertical-align: inherit;\"><span style=\"vertical-align: inherit;\">actualmente en pausa<\/span><\/span><span style=\"vertical-align: inherit;\"><span style=\"vertical-align: inherit;\"> \u00a0hasta diciembre mientras el Departamento de Justicia contin\u00faa su investigaci\u00f3n contra McMahon.<\/span><\/span><\/p>\n","protected":false},"excerpt":{"rendered":"<p>Cody Rhodes coment\u00f3 sobre las acusaciones contra Vince McMahon y la pr\u00f3xima serie documental centrada en \u00e9l tras ser cuestionado en repetidas ocasiones por la prensa alemana.<\/p>\n","protected":false},"author":1,"featured_media":270095,"comment_status":"closed","ping_status":"closed","sticky":false,"template":"","format":"standard","meta":{"footnotes":""},"categories":[5,38],"tags":[1439],"class_list":{"0":"post-270092","1":"post","2":"type-post","3":"status-publish","4":"format-standard","5":"has-post-thumbnail","7":"category-noticias","8":"category-noticias-y-rumores-de-la-wwe","9":"tag-cody-rhodes"},"_links":{"self":[{"href":"https:\/\/www.prwrestling.com\/nw\/wp-json\/wp\/v2\/posts\/270092","targetHints":{"allow":["GET"]}}],"collection":[{"href":"https:\/\/www.prwrestling.com\/nw\/wp-json\/wp\/v2\/posts"}],"about":[{"href":"https:\/\/www.prwrestling.com\/nw\/wp-json\/wp\/v2\/types\/post"}],"author":[{"embeddable":true,"href":"https:\/\/www.prwrestling.com\/nw\/wp-json\/wp\/v2\/users\/1"}],"replies":[{"embeddable":true,"href":"https:\/\/www.prwrestling.com\/nw\/wp-json\/wp\/v2\/comments?post=270092"}],"version-history":[{"count":7,"href":"https:\/\/www.prwrestling.com\/nw\/wp-json\/wp\/v2\/posts\/270092\/revisions"}],"predecessor-version":[{"id":270100,"href":"https:\/\/www.prwrestling.com\/nw\/wp-json\/wp\/v2\/posts\/270092\/revisions\/270100"}],"wp:featuredmedia":[{"embeddable":true,"href":"https:\/\/www.prwrestling.com\/nw\/wp-json\/wp\/v2\/media\/270095"}],"wp:attachment":[{"href":"https:\/\/www.prwrestling.com\/nw\/wp-json\/wp\/v2\/media?parent=270092"}],"wp:term":[{"taxonomy":"category","embeddable":true,"href":"https:\/\/www.prwrestling.com\/nw\/wp-json\/wp\/v2\/categories?post=270092"},{"taxonomy":"post_tag","embeddable":true,"href":"https:\/\/www.prwrestling.com\/nw\/wp-json\/wp\/v2\/tags?post=270092"}],"curies":[{"name":"wp","href":"https:\/\/api.w.org\/{rel}","templated":true}]}}