{"id":270101,"date":"2024-08-31T19:10:53","date_gmt":"2024-08-31T23:10:53","guid":{"rendered":"https:\/\/www.prwrestling.com\/nw\/?p=270101"},"modified":"2025-11-07T16:44:50","modified_gmt":"2025-11-07T21:44:50","slug":"la-estrella-de-la-wwe-jade-cargill-esta-cansada-de-reflexionar-sobre-su-pasado-en-aew","status":"publish","type":"post","link":"https:\/\/www.prwrestling.com\/nw\/la-estrella-de-la-wwe-jade-cargill-esta-cansada-de-reflexionar-sobre-su-pasado-en-aew\/","title":{"rendered":"La estrella de la WWE Jade Cargill est\u00e1 \u201ccansada\u201d de reflexionar sobre su pasado en AEW"},"content":{"rendered":"<p><span style=\"vertical-align: inherit;\"><span style=\"vertical-align: inherit;\">La recientemente coronada campeona,\u00a0 <\/span><\/span><a href=\"https:\/\/www.prwrestling.com\/nw\/tag\/jade-cargill\/\" target=\"_blank\" rel=\"noopener\"><span style=\"vertical-align: inherit;\"><span style=\"vertical-align: inherit;\">Jade Cargill,<\/span><\/span><\/a><span style=\"vertical-align: inherit;\"><span style=\"vertical-align: inherit;\"> \u00a0habl\u00f3 sobre el constante bombardeo de preguntas de AEW.<\/span><\/span><!--more--><\/p>\n<p><span style=\"vertical-align: inherit;\"><span style=\"vertical-align: inherit;\">En <a href=\"https:\/\/www.prwrestling.com\/nw\/resultados-wwe-bash-in-berlin-gunther-defiende-ante-randy-orton-nuevas-campeonas\/\">Bash In Berlin<\/a>,\u00a0 <\/span><\/span><span style=\"vertical-align: inherit;\"><span style=\"vertical-align: inherit;\">Jade Cargill y Bianca Belair derrotaron a Alba Fyre e Isla Dawn para recuperar su campeonato femenino en parejas<\/span><\/span><span style=\"vertical-align: inherit;\"><span style=\"vertical-align: inherit;\"> . Cargill ascendi\u00f3 r\u00e1pidamente a la cima tras su llegada de AEW el a\u00f1o pasado.<\/span><\/span><\/p>\n<div id=\"ad-slot\" style=\"min-width: 300px; min-height: 250px;\">\r\n<p style=\"text-align: center;\">\r\n<script async src=\"https:\/\/pagead2.googlesyndication.com\/pagead\/js\/adsbygoogle.js\"><\/script>\r\n<!-- 300x250 sc a -->\r\n<ins class=\"adsbygoogle\"\r\n     style=\"display:inline-block;width:300px;height:250px\"\r\n     data-ad-client=\"ca-pub-1244235910658811\"\r\n     data-ad-slot=\"8592682546\"><\/ins>\r\n<script>\r\n     (adsbygoogle = window.adsbygoogle || []).push({});\r\n<\/script><\/center>\r\n<\/p><\/div>\n<p><span style=\"vertical-align: inherit;\"><span style=\"vertical-align: inherit;\">Jade Cargill, dos veces campeona en parejas, fue interrogada en el\u00a0 <\/span><\/span><a href=\"https:\/\/www.youtube.com\/watch?v=ZvtoWzeX9A4\" target=\"_blank\" rel=\"noopener nofollow\"><span style=\"vertical-align: inherit;\"><span style=\"vertical-align: inherit;\">post-show de Bash In Berlin<\/span><\/span><\/a><span style=\"vertical-align: inherit;\"><span style=\"vertical-align: inherit;\"> \u00a0sobre su trabajo en\u00a0 la promoci\u00f3n <\/span><\/span><a href=\"https:\/\/www.prwrestling.com\/nw\/tag\/tony-khan\/\" target=\"_blank\" rel=\"noopener\"><span style=\"vertical-align: inherit;\"><span style=\"vertical-align: inherit;\">de Tony Khan<\/span><\/span><\/a><span style=\"vertical-align: inherit;\"><span style=\"vertical-align: inherit;\"> \u00a0en el pasado. Cansada y frustrada por las preguntas repetidas durante los \u00faltimos meses, Cargill finalmente habl\u00f3.<\/span><\/span><\/p>\n<blockquote><p><span style=\"vertical-align: inherit;\"><span style=\"vertical-align: inherit;\">&#8220;Estoy muy cansada de responder preguntas sobre AEW. Estoy orgullosa de ser de all\u00ed, sin embargo, estoy aqu\u00ed, y estoy enfocada en lo pr\u00f3ximo. Eso es solidificar estos campeonatos y seguir estableciendonos\u201d.<\/span><\/span><\/p><\/blockquote>\n<p><iframe loading=\"lazy\" title=\"WWE Bash in Berlin Post-Show: August 31, 2024\" src=\"https:\/\/www.youtube.com\/embed\/ZvtoWzeX9A4\" width=\"100%\" height=\"394\" frameborder=\"0\" allowfullscreen=\"allowfullscreen\"><span data-mce-type=\"bookmark\" style=\"display: inline-block; width: 0px; overflow: hidden; line-height: 0;\" class=\"mce_SELRES_start\">\ufeff<\/span><\/iframe><br \/>\n<span style=\"vertical-align: inherit;\"><span style=\"vertical-align: inherit;\">Cargill disfrut\u00f3 de un exitoso per\u00edodo de tres a\u00f1os en AEW e incluso gan\u00f3 el Campeonato TBS una vez. Sin embargo, ahora que termin\u00f3 con la promoci\u00f3n con sede en Jacksonville, la campeona en parejas quiere centrarse en su carrera en la empresa de lucha libre con sede en Stamford. Aunque mostr\u00f3 gratitud y orgullo hacia AEW, insisti\u00f3 en centrarse en su carrera actual.<\/span><\/span><\/p>\n<h2><span style=\"vertical-align: inherit;\"><span style=\"vertical-align: inherit;\">WWE Raw: Se revela fecha de estreno en Netflix<\/span><\/span><\/h2>\n<p><a href=\"https:\/\/www.prwrestling.com\/nw\/tag\/cody-rhodes\/\" target=\"_blank\" rel=\"noopener\"><span style=\"vertical-align: inherit;\"><span style=\"vertical-align: inherit;\">Cody Rhodes<\/span><\/span><\/a><span style=\"vertical-align: inherit;\"><span style=\"vertical-align: inherit;\"> \u00a0finalmente revel\u00f3 la fecha de debut de Raw en Netflix en el post-show de Bash In Berlin. Se anunci\u00f3 hace tiempo que el estreno ser\u00eda en enero de 2025, pero finalmente se revel\u00f3 la fecha espec\u00edfica a los fan\u00e1ticos.<\/span><\/span><\/p>\n<p><span style=\"vertical-align: inherit;\"><span style=\"vertical-align: inherit;\">El primer lunes de enero de 2025, el 6 de enero, est\u00e1 previsto que Raw se transmita en la plataforma\u00a0 y finalice su acuerdo de larga data con USA Network.<\/span><\/span><\/p>\n<p><span style=\"vertical-align: inherit;\"><span style=\"vertical-align: inherit;\">En otras noticias:\u00a0 <\/span><\/span><a href=\"https:\/\/www.prwrestling.com\/nw\/cody-rhodes-reflexiona-sobre-su-experiencia-en-legacy-junto-a-randy-orton-en-wwe\/\" target=\"_blank\" rel=\"noopener\"><span style=\"vertical-align: inherit;\"><span style=\"vertical-align: inherit;\">Cody Rhodes ha reflexionado sobre su tiempo con Randy Orton en Legacy<\/span><\/span><\/a><\/p>\n","protected":false},"excerpt":{"rendered":"<p>La recientemente coronada campeona,\u00a0 Jade Cargill, \u00a0habl\u00f3 sobre el constante bombardeo de preguntas de AEW.<\/p>\n","protected":false},"author":1,"featured_media":277033,"comment_status":"closed","ping_status":"closed","sticky":false,"template":"","format":"standard","meta":{"footnotes":""},"categories":[5,38],"tags":[7561],"class_list":{"0":"post-270101","1":"post","2":"type-post","3":"status-publish","4":"format-standard","5":"has-post-thumbnail","7":"category-noticias","8":"category-noticias-y-rumores-de-la-wwe","9":"tag-jade-cargill"},"_links":{"self":[{"href":"https:\/\/www.prwrestling.com\/nw\/wp-json\/wp\/v2\/posts\/270101","targetHints":{"allow":["GET"]}}],"collection":[{"href":"https:\/\/www.prwrestling.com\/nw\/wp-json\/wp\/v2\/posts"}],"about":[{"href":"https:\/\/www.prwrestling.com\/nw\/wp-json\/wp\/v2\/types\/post"}],"author":[{"embeddable":true,"href":"https:\/\/www.prwrestling.com\/nw\/wp-json\/wp\/v2\/users\/1"}],"replies":[{"embeddable":true,"href":"https:\/\/www.prwrestling.com\/nw\/wp-json\/wp\/v2\/comments?post=270101"}],"version-history":[{"count":3,"href":"https:\/\/www.prwrestling.com\/nw\/wp-json\/wp\/v2\/posts\/270101\/revisions"}],"predecessor-version":[{"id":270105,"href":"https:\/\/www.prwrestling.com\/nw\/wp-json\/wp\/v2\/posts\/270101\/revisions\/270105"}],"wp:featuredmedia":[{"embeddable":true,"href":"https:\/\/www.prwrestling.com\/nw\/wp-json\/wp\/v2\/media\/277033"}],"wp:attachment":[{"href":"https:\/\/www.prwrestling.com\/nw\/wp-json\/wp\/v2\/media?parent=270101"}],"wp:term":[{"taxonomy":"category","embeddable":true,"href":"https:\/\/www.prwrestling.com\/nw\/wp-json\/wp\/v2\/categories?post=270101"},{"taxonomy":"post_tag","embeddable":true,"href":"https:\/\/www.prwrestling.com\/nw\/wp-json\/wp\/v2\/tags?post=270101"}],"curies":[{"name":"wp","href":"https:\/\/api.w.org\/{rel}","templated":true}]}}