{"id":270210,"date":"2024-09-03T15:04:27","date_gmt":"2024-09-03T19:04:27","guid":{"rendered":"https:\/\/www.prwrestling.com\/nw\/?p=270210"},"modified":"2024-09-03T15:04:27","modified_gmt":"2024-09-03T19:04:27","slug":"estrella-de-wwe-raw-odyssey-jones-retirado-tras-acusaciones-de-violencia-domestica-segun-reporte","status":"publish","type":"post","link":"https:\/\/www.prwrestling.com\/nw\/estrella-de-wwe-raw-odyssey-jones-retirado-tras-acusaciones-de-violencia-domestica-segun-reporte\/","title":{"rendered":"Estrella de WWE Raw Odyssey Jones retirado tras acusaciones de violencia dom\u00e9stica, seg\u00fan reporte"},"content":{"rendered":"<p><span style=\"vertical-align: inherit;\"><span style=\"vertical-align: inherit;\">Ha surgido una nueva actualizaci\u00f3n sobre la repentina y misteriosa eliminaci\u00f3n de Odyssey Jones de la programaci\u00f3n de la WWE.<\/span><\/span><!--more--><\/p>\n<div id=\"ad-slot\" style=\"min-width: 300px; min-height: 250px;\">\r\n<p style=\"text-align: center;\">\r\n<script async src=\"https:\/\/pagead2.googlesyndication.com\/pagead\/js\/adsbygoogle.js\"><\/script>\r\n<!-- 300x250 sc a -->\r\n<ins class=\"adsbygoogle\"\r\n     style=\"display:inline-block;width:300px;height:250px\"\r\n     data-ad-client=\"ca-pub-1244235910658811\"\r\n     data-ad-slot=\"8592682546\"><\/ins>\r\n<script>\r\n     (adsbygoogle = window.adsbygoogle || []).push({});\r\n<\/script><\/center>\r\n<\/p><\/div>\n<p><span style=\"vertical-align: inherit;\"><span style=\"vertical-align: inherit;\">Como se inform\u00f3 anteriormente, los fan\u00e1ticos notaron que\u00a0 <\/span><\/span><a href=\"https:\/\/www.prwrestling.com\/nw\/rumores-apuntan-a-abrupta-salida-de-odyssey-jones-de-la-wwe\/\"><span style=\"vertical-align: inherit;\"><span style=\"vertical-align: inherit;\">el perfil de Jones hab\u00eda sido eliminado del sitio web oficial de la WWE<\/span><\/span><\/a><span style=\"vertical-align: inherit;\"><span style=\"vertical-align: inherit;\"> , lo que gener\u00f3 especulaciones sobre su estatus en la empresa. Este desarrollo fue particularmente sorprendente considerando la reciente participaci\u00f3n de Jones en\u00a0 <\/span><\/span><em><span style=\"vertical-align: inherit;\"><span style=\"vertical-align: inherit;\">WWE Raw<\/span><\/span><\/em><span style=\"vertical-align: inherit;\"><span style=\"vertical-align: inherit;\"> \u00a0como parte de The New Day junto a Kofi Kingston y Xavier Woods.<\/span><\/span><\/p>\n<p><span style=\"vertical-align: inherit;\"><span style=\"vertical-align: inherit;\">Seg\u00fan\u00a0 <\/span><\/span><a href=\"http:\/\/fightfulselect.com\/\" target=\"_blank\" rel=\"noopener\"><span style=\"vertical-align: inherit;\"><span style=\"vertical-align: inherit;\">Fightful Select<\/span><\/span><\/a><span style=\"vertical-align: inherit;\"><span style=\"vertical-align: inherit;\"> , Jones fue retirado de toda la programaci\u00f3n y los planes creativos de la WWE despu\u00e9s de que surgieran acusaciones de violencia dom\u00e9stica en su contra. Estas graves acusaciones llevaron a la WWE a tomar medidas r\u00e1pidas y eliminarlo de su plantilla activa y de todas las historias futuras.<\/span><\/span><\/p>\n<blockquote class=\"wp-block-quote is-layout-flow wp-block-quote-is-layout-flow\"><p><em><span style=\"vertical-align: inherit;\"><span style=\"vertical-align: inherit;\">\u201cOdyssey Jones fue eliminado de la televisi\u00f3n de la WWE cuando las acusaciones de violencia dom\u00e9stica llegaron a la atenci\u00f3n de la WWE\u201d.<\/span><\/span><\/em><\/p><\/blockquote>\n<p><span style=\"vertical-align: inherit;\"><span style=\"vertical-align: inherit;\">Hasta el momento, no ha habido ninguna declaraci\u00f3n oficial sobre un posible arresto o acciones legales contra Jones por el supuesto incidente. Adem\u00e1s, los talentos de la WWE no han sido informados sobre los hallazgos de la empresa relacionados con su situaci\u00f3n personal.<\/span><\/span><\/p>\n<p><span style=\"vertical-align: inherit;\"><span style=\"vertical-align: inherit;\">Este hecho marca un giro importante para Odyssey Jones, que estaba en ascenso dentro de la WWE, y plantea interrogantes sobre su futuro en la empresa. La situaci\u00f3n a\u00fan est\u00e1 en desarrollo y es posible que surjan m\u00e1s detalles en los pr\u00f3ximos d\u00edas.<\/span><\/span><\/p>\n","protected":false},"excerpt":{"rendered":"<p>Ha surgido una nueva actualizaci\u00f3n sobre la repentina y misteriosa eliminaci\u00f3n de Odyssey Jones de la programaci\u00f3n de la WWE.<\/p>\n","protected":false},"author":1,"featured_media":226438,"comment_status":"closed","ping_status":"closed","sticky":false,"template":"","format":"standard","meta":{"footnotes":""},"categories":[5,38],"tags":[],"class_list":{"0":"post-270210","1":"post","2":"type-post","3":"status-publish","4":"format-standard","5":"has-post-thumbnail","7":"category-noticias","8":"category-noticias-y-rumores-de-la-wwe"},"_links":{"self":[{"href":"https:\/\/www.prwrestling.com\/nw\/wp-json\/wp\/v2\/posts\/270210","targetHints":{"allow":["GET"]}}],"collection":[{"href":"https:\/\/www.prwrestling.com\/nw\/wp-json\/wp\/v2\/posts"}],"about":[{"href":"https:\/\/www.prwrestling.com\/nw\/wp-json\/wp\/v2\/types\/post"}],"author":[{"embeddable":true,"href":"https:\/\/www.prwrestling.com\/nw\/wp-json\/wp\/v2\/users\/1"}],"replies":[{"embeddable":true,"href":"https:\/\/www.prwrestling.com\/nw\/wp-json\/wp\/v2\/comments?post=270210"}],"version-history":[{"count":3,"href":"https:\/\/www.prwrestling.com\/nw\/wp-json\/wp\/v2\/posts\/270210\/revisions"}],"predecessor-version":[{"id":270213,"href":"https:\/\/www.prwrestling.com\/nw\/wp-json\/wp\/v2\/posts\/270210\/revisions\/270213"}],"wp:featuredmedia":[{"embeddable":true,"href":"https:\/\/www.prwrestling.com\/nw\/wp-json\/wp\/v2\/media\/226438"}],"wp:attachment":[{"href":"https:\/\/www.prwrestling.com\/nw\/wp-json\/wp\/v2\/media?parent=270210"}],"wp:term":[{"taxonomy":"category","embeddable":true,"href":"https:\/\/www.prwrestling.com\/nw\/wp-json\/wp\/v2\/categories?post=270210"},{"taxonomy":"post_tag","embeddable":true,"href":"https:\/\/www.prwrestling.com\/nw\/wp-json\/wp\/v2\/tags?post=270210"}],"curies":[{"name":"wp","href":"https:\/\/api.w.org\/{rel}","templated":true}]}}