{"id":270749,"date":"2024-09-19T20:10:14","date_gmt":"2024-09-20T00:10:14","guid":{"rendered":"https:\/\/www.prwrestling.com\/nw\/?p=270749"},"modified":"2024-09-19T20:10:14","modified_gmt":"2024-09-20T00:10:14","slug":"vince-mcmahon-le-dara-4-mil-millones-de-dolares-a-ex-campeon-de-la-wwe-para-iniciar-nueva-promocion-en-posible-escenario-dice-veterano","status":"publish","type":"post","link":"https:\/\/www.prwrestling.com\/nw\/vince-mcmahon-le-dara-4-mil-millones-de-dolares-a-ex-campeon-de-la-wwe-para-iniciar-nueva-promocion-en-posible-escenario-dice-veterano\/","title":{"rendered":"Vince McMahon le dar\u00e1 4 mil millones de d\u00f3lares a ex campe\u00f3n de la WWE para iniciar nueva promoci\u00f3n en posible escenario, dice veterano"},"content":{"rendered":"<p data-idx=\"0\" data-imp-id=\"article_paragraph_0\"><span style=\"vertical-align: inherit;\"><span style=\"vertical-align: inherit;\">El ex presidente de la WWE Vince McMahon vendi\u00f3 sus acciones de TKO. Un veterano de la lucha libre ahora cree que podr\u00eda financiar a un ex campe\u00f3n de la WWE para que inicie una nueva promoci\u00f3n.<\/span><\/span><!--more--><\/p>\n<p data-idx=\"0\" data-imp-id=\"article_paragraph_0\"><div id=\"ad-slot\" style=\"min-width: 300px; min-height: 250px;\">\r\n<p style=\"text-align: center;\">\r\n<script async src=\"https:\/\/pagead2.googlesyndication.com\/pagead\/js\/adsbygoogle.js\"><\/script>\r\n<!-- 300x250 sc a -->\r\n<ins class=\"adsbygoogle\"\r\n     style=\"display:inline-block;width:300px;height:250px\"\r\n     data-ad-client=\"ca-pub-1244235910658811\"\r\n     data-ad-slot=\"8592682546\"><\/ins>\r\n<script>\r\n     (adsbygoogle = window.adsbygoogle || []).push({});\r\n<\/script><\/center>\r\n<\/p><\/div><\/p>\n<p data-idx=\"1\" data-imp-id=\"article_paragraph_1\"><span style=\"vertical-align: inherit;\"><span style=\"vertical-align: inherit;\">El ex campe\u00f3n en cuesti\u00f3n no es otro que el hijo de Vince, Shane McMahon. Al igual que su padre, el tambi\u00e9n luchador de 54 a\u00f1os ya no tiene contrato con la WWE. Mientras tanto, Shane O&#8217;Mac fue visto en una reuni\u00f3n con el copropietario de AEW, Tony Khan, en medio de rumores de que podr\u00eda unirse a la promoci\u00f3n. En una entrevista con Cafe de Rene, el ex gerente general interino de RAW, Jonathan Coachman, no descart\u00f3 que Shane pudiera unirse a AEW.<\/span><\/span><\/p>\n<p data-idx=\"2\" data-imp-id=\"article_paragraph_2\"><span style=\"vertical-align: inherit;\"><span style=\"vertical-align: inherit;\">Mientras tanto, The Coach sugiri\u00f3 otros dos posibles escenarios en los que Shane O&#8217;Mac podr\u00eda iniciar su propia promoci\u00f3n de lucha libre:<\/span><\/span><\/p>\n<p data-idx=\"2\" data-imp-id=\"article_paragraph_2\"><div id=\"ad-slot\" style=\"min-width: 300px; min-height: 250px;\"><p style=\"text-align: center;\">\r\n<script async src=\"https:\/\/pagead2.googlesyndication.com\/pagead\/js\/adsbygoogle.js\"><\/script>\r\n<!-- Responsive sc c -->\r\n<ins class=\"adsbygoogle\"\r\n     style=\"display:block\"\r\n     data-ad-client=\"ca-pub-1244235910658811\"\r\n     data-ad-slot=\"4234005358\"\r\n     data-ad-format=\"auto\"\r\n     data-full-width-responsive=\"true\"><\/ins>\r\n<script>\r\n     (adsbygoogle = window.adsbygoogle || []).push({});\r\n<\/script><\/p><\/div><\/p>\n<blockquote><p><span style=\"vertical-align: inherit;\"><span style=\"vertical-align: inherit;\">&#8220;No me sorprender\u00eda en lo m\u00e1s m\u00ednimo si a) \u00e9l fuera all\u00ed [AEW] o b) si comenzara su propia compa\u00f1\u00eda, o c) Vince, que compr\u00f3 un mont\u00f3n de acciones y ahora tiene un valor de 3 o 4 mil millones de d\u00f3lares pero no tiene d\u00f3nde invertirlo, \u00bfqu\u00e9 pasar\u00eda si se lo diera a su hijo y \u00e9l la comenzara?&#8221;, dijo Coachman.<\/span><\/span><\/p><\/blockquote>\n<p><iframe loading=\"lazy\" src=\"https:\/\/www.youtube.com\/embed\/pBHloTwsNKA\" width=\"100%\" height=\"370\" frameborder=\"0\" allowfullscreen=\"allowfullscreen\" data-mce-fragment=\"1\"><\/iframe><\/p>\n<h2><span style=\"vertical-align: inherit;\"><span style=\"vertical-align: inherit;\">Una ex estrella de la WWE revel\u00f3 recientemente que estaba enamorada de Shane McMahon<\/span><\/span><\/h2>\n<p data-idx=\"3\" data-imp-id=\"article_paragraph_3\"><span style=\"vertical-align: inherit;\"><span style=\"vertical-align: inherit;\">Si bien el nombre de Shane McMahon ha estado recientemente en las noticias en medio de las especulaciones sobre su posible traslado a\u00a0 <\/span><\/span><a href=\"https:\/\/www.prwrestling.com\/nw\/category\/all-elite-wrestling\/\" target=\"_blank\" rel=\"noopener noreferrer\" data-is-sponsored=\"false\"><span style=\"vertical-align: inherit;\"><span style=\"vertical-align: inherit;\">AEW<\/span><\/span><\/a><span style=\"vertical-align: inherit;\"><span style=\"vertical-align: inherit;\"> , la ex superestrella Cherry tuvo algo diferente que decir sobre el hijo de Vince McMahon en una entrevista con Wrestling Then And Now.<\/span><\/span><\/p>\n<p data-idx=\"4\" data-imp-id=\"article_paragraph_4\"><span style=\"vertical-align: inherit;\"><span style=\"vertical-align: inherit;\">La ex manager de Deuce n&#8217; Domino\u00a0 <\/span><\/span><span style=\"vertical-align: inherit;\"><span style=\"vertical-align: inherit;\">aparentemente revel\u00f3<\/span><\/span><span style=\"vertical-align: inherit;\"><span style=\"vertical-align: inherit;\"> \u00a0que estaba enamorada de Shane O&#8217;Mac, afirmando que era &#8220;atractivo&#8221;:<\/span><\/span><\/p>\n<blockquote><p><em><span style=\"vertical-align: inherit;\"><span style=\"vertical-align: inherit;\">&#8220;Shane tambi\u00e9n estaba de paso. Es enorme. Es como un tipo grande [risas]. As\u00ed que, poder luchar, bien por \u00e9l porque tiene el tama\u00f1o. Y es guapo. \u00bfAcabo de decir eso? [risas]. Y es un tipo guapo [risas]. [Kara McMahon, \u00bfqu\u00e9 podr\u00eda haber sido?] \u00a1Oh, Dios m\u00edo! No habr\u00eda podido conmigo. Soy un poco, s\u00ed, no, no vamos a llegar a ese punto, de todos modos&#8221;, dijo.<\/span><\/span><\/em><\/p><\/blockquote>\n<blockquote class=\"instagram-media\" style=\"background: #FFF; border: 0; border-radius: 3px; box-shadow: 0 0 1px 0 rgba(0,0,0,0.5),0 1px 10px 0 rgba(0,0,0,0.15); margin: 1px; max-width: 540px; min-width: 326px; padding: 0; width: calc(100% - 2px);\" data-instgrm-captioned=\"\" data-instgrm-permalink=\"https:\/\/www.instagram.com\/p\/C_6rhqYPjXG\/?utm_source=ig_embed&amp;utm_campaign=loading\" data-instgrm-version=\"14\">\n<div style=\"padding: 16px;\">\n<p>&nbsp;<\/p>\n<div style=\"display: flex; flex-direction: row; align-items: center;\">\n<div style=\"background-color: #f4f4f4; border-radius: 50%; flex-grow: 0; height: 40px; margin-right: 14px; width: 40px;\"><\/div>\n<div style=\"display: flex; flex-direction: column; flex-grow: 1; justify-content: center;\">\n<div style=\"background-color: #f4f4f4; border-radius: 4px; flex-grow: 0; height: 14px; margin-bottom: 6px; width: 100px;\"><\/div>\n<div style=\"background-color: #f4f4f4; border-radius: 4px; flex-grow: 0; height: 14px; width: 60px;\"><\/div>\n<\/div>\n<\/div>\n<div style=\"padding: 19% 0;\"><\/div>\n<div style=\"display: block; height: 50px; margin: 0 auto 12px; width: 50px;\"><\/div>\n<div style=\"padding-top: 8px;\">\n<div style=\"color: #3897f0; font-family: Arial,sans-serif; font-size: 14px; font-style: normal; font-weight: 550; line-height: 18px;\">View this post on Instagram<\/div>\n<\/div>\n<div style=\"padding: 12.5% 0;\"><\/div>\n<div style=\"display: flex; flex-direction: row; margin-bottom: 14px; align-items: center;\">\n<div>\n<div style=\"background-color: #f4f4f4; border-radius: 50%; height: 12.5px; width: 12.5px; transform: translateX(0px) translateY(7px);\"><\/div>\n<div style=\"background-color: #f4f4f4; height: 12.5px; transform: rotate(-45deg) translateX(3px) translateY(1px); width: 12.5px; flex-grow: 0; margin-right: 14px; margin-left: 2px;\"><\/div>\n<div style=\"background-color: #f4f4f4; border-radius: 50%; height: 12.5px; width: 12.5px; transform: translateX(9px) translateY(-18px);\"><\/div>\n<\/div>\n<div style=\"margin-left: 8px;\">\n<div style=\"background-color: #f4f4f4; border-radius: 50%; flex-grow: 0; height: 20px; width: 20px;\"><\/div>\n<div style=\"width: 0; height: 0; border-top: 2px solid transparent; border-left: 6px solid #f4f4f4; border-bottom: 2px solid transparent; transform: translateX(16px) translateY(-4px) rotate(30deg);\"><\/div>\n<\/div>\n<div style=\"margin-left: auto;\">\n<div style=\"width: 0px; border-top: 8px solid #F4F4F4; border-right: 8px solid transparent; transform: translateY(16px);\"><\/div>\n<div style=\"background-color: #f4f4f4; flex-grow: 0; height: 12px; width: 16px; transform: translateY(-4px);\"><\/div>\n<div style=\"width: 0; height: 0; border-top: 8px solid #F4F4F4; border-left: 8px solid transparent; transform: translateY(-4px) translateX(8px);\"><\/div>\n<\/div>\n<\/div>\n<div style=\"display: flex; flex-direction: column; flex-grow: 1; justify-content: center; margin-bottom: 24px;\">\n<div style=\"background-color: #f4f4f4; border-radius: 4px; flex-grow: 0; height: 14px; margin-bottom: 6px; width: 224px;\"><\/div>\n<div style=\"background-color: #f4f4f4; border-radius: 4px; flex-grow: 0; height: 14px; width: 144px;\"><\/div>\n<\/div>\n<p>&nbsp;<\/p>\n<p style=\"color: #c9c8cd; font-family: Arial,sans-serif; font-size: 14px; line-height: 17px; margin-bottom: 0; margin-top: 8px; overflow: hidden; padding: 8px 0 7px; text-align: center; text-overflow: ellipsis; white-space: nowrap;\"><a style=\"color: #c9c8cd; font-family: Arial,sans-serif; font-size: 14px; font-style: normal; font-weight: normal; line-height: 17px; text-decoration: none;\" href=\"https:\/\/www.instagram.com\/p\/C_6rhqYPjXG\/?utm_source=ig_embed&amp;utm_campaign=loading\" target=\"_blank\" rel=\"noopener\">A post shared by FmrDivaCherry (@ddcchick)<\/a><\/p>\n<\/div>\n<\/blockquote>\n<p><script async src=\"\/\/www.instagram.com\/embed.js\"><\/script><\/p>\n<p data-idx=\"5\" data-imp-id=\"article_paragraph_5\"><span style=\"vertical-align: inherit;\"><span style=\"vertical-align: inherit;\">Shane McMahon apareci\u00f3 por \u00faltima vez en\u00a0 <\/span><\/span><a href=\"https:\/\/www.prwrestling.com\/nw\/category\/noticias-wwe\/\" target=\"_blank\" rel=\"noopener noreferrer\" data-is-sponsored=\"false\"><span style=\"vertical-align: inherit;\"><span style=\"vertical-align: inherit;\">WWE<\/span><\/span><\/a><span style=\"vertical-align: inherit;\"><span style=\"vertical-align: inherit;\"> \u00a0TV en 2023 cuando hizo un regreso sorpresa en WrestleMania 39. Ser\u00eda interesante ver si los fan\u00e1ticos pronto lo ver\u00edan nuevamente dentro de un ring de lucha libre.<\/span><\/span><\/p>\n","protected":false},"excerpt":{"rendered":"<p>El ex presidente de la WWE Vince McMahon vendi\u00f3 sus acciones de TKO. Un veterano de la lucha libre ahora cree que podr\u00eda financiar a un ex campe\u00f3n de la WWE para que inicie una nueva promoci\u00f3n.<\/p>\n","protected":false},"author":1,"featured_media":270751,"comment_status":"closed","ping_status":"closed","sticky":false,"template":"","format":"standard","meta":{"footnotes":""},"categories":[5,38],"tags":[1359],"class_list":{"0":"post-270749","1":"post","2":"type-post","3":"status-publish","4":"format-standard","5":"has-post-thumbnail","7":"category-noticias","8":"category-noticias-y-rumores-de-la-wwe","9":"tag-vince-mcmahon"},"_links":{"self":[{"href":"https:\/\/www.prwrestling.com\/nw\/wp-json\/wp\/v2\/posts\/270749","targetHints":{"allow":["GET"]}}],"collection":[{"href":"https:\/\/www.prwrestling.com\/nw\/wp-json\/wp\/v2\/posts"}],"about":[{"href":"https:\/\/www.prwrestling.com\/nw\/wp-json\/wp\/v2\/types\/post"}],"author":[{"embeddable":true,"href":"https:\/\/www.prwrestling.com\/nw\/wp-json\/wp\/v2\/users\/1"}],"replies":[{"embeddable":true,"href":"https:\/\/www.prwrestling.com\/nw\/wp-json\/wp\/v2\/comments?post=270749"}],"version-history":[{"count":2,"href":"https:\/\/www.prwrestling.com\/nw\/wp-json\/wp\/v2\/posts\/270749\/revisions"}],"predecessor-version":[{"id":270752,"href":"https:\/\/www.prwrestling.com\/nw\/wp-json\/wp\/v2\/posts\/270749\/revisions\/270752"}],"wp:featuredmedia":[{"embeddable":true,"href":"https:\/\/www.prwrestling.com\/nw\/wp-json\/wp\/v2\/media\/270751"}],"wp:attachment":[{"href":"https:\/\/www.prwrestling.com\/nw\/wp-json\/wp\/v2\/media?parent=270749"}],"wp:term":[{"taxonomy":"category","embeddable":true,"href":"https:\/\/www.prwrestling.com\/nw\/wp-json\/wp\/v2\/categories?post=270749"},{"taxonomy":"post_tag","embeddable":true,"href":"https:\/\/www.prwrestling.com\/nw\/wp-json\/wp\/v2\/tags?post=270749"}],"curies":[{"name":"wp","href":"https:\/\/api.w.org\/{rel}","templated":true}]}}