{"id":270956,"date":"2024-09-26T21:58:11","date_gmt":"2024-09-27T01:58:11","guid":{"rendered":"https:\/\/www.prwrestling.com\/nw\/?p=270956"},"modified":"2024-09-26T21:58:11","modified_gmt":"2024-09-27T01:58:11","slug":"rhea-ripley-reacciona-a-la-sugerencia-de-damian-priest-de-un-nombre-de-tres-palabras-para-posible-grupo-con-jey-uso","status":"publish","type":"post","link":"https:\/\/www.prwrestling.com\/nw\/rhea-ripley-reacciona-a-la-sugerencia-de-damian-priest-de-un-nombre-de-tres-palabras-para-posible-grupo-con-jey-uso\/","title":{"rendered":"Rhea Ripley reacciona a la sugerencia de Damian Priest de un nombre de tres palabras para posible grupo con Jey Uso"},"content":{"rendered":"<p data-idx=\"0\" data-imp-id=\"article_paragraph_0\"><span style=\"vertical-align: inherit;\"><span style=\"vertical-align: inherit;\">A Rhea Ripley aparentemente le gust\u00f3 la sugerencia de Damian Priest de un nombre de facci\u00f3n para la posible alianza de The Terror Twins con Jey Uso. Jey ahora tiene una buena relaci\u00f3n con el d\u00fao, ya que Ripley y Priest son babyfaces.<\/span><\/span><!--more--><\/p>\n<p data-idx=\"0\" data-imp-id=\"article_paragraph_0\"><div id=\"ad-slot\" style=\"min-width: 300px; min-height: 250px;\">\r\n<p style=\"text-align: center;\">\r\n<script async src=\"https:\/\/pagead2.googlesyndication.com\/pagead\/js\/adsbygoogle.js\"><\/script>\r\n<!-- 300x250 sc a -->\r\n<ins class=\"adsbygoogle\"\r\n     style=\"display:inline-block;width:300px;height:250px\"\r\n     data-ad-client=\"ca-pub-1244235910658811\"\r\n     data-ad-slot=\"8592682546\"><\/ins>\r\n<script>\r\n     (adsbygoogle = window.adsbygoogle || []).push({});\r\n<\/script><\/center>\r\n<\/p><\/div><\/p>\n<p data-idx=\"1\" data-imp-id=\"article_paragraph_1\"><span style=\"vertical-align: inherit;\"><span style=\"vertical-align: inherit;\">Desde hace alg\u00fan tiempo, los fan\u00e1ticos han querido ver a Jey Uso y Ripley juntos en la televisi\u00f3n de la WWE. La promoci\u00f3n ha estado insinuando un posible \u00e1ngulo rom\u00e1ntico que involucra a las dos estrellas durante meses. Ripley estaba bastante feliz de que Jey ganara el t\u00edtulo Intercontinental de Bron Breakker en RAW. Jey tambi\u00e9n ha formado equipo con The Archer of Infamy en un par de ocasiones en el pasado reciente.<\/span><\/span><\/p>\n<p data-idx=\"2\" data-imp-id=\"article_paragraph_2\"><span style=\"vertical-align: inherit;\"><span style=\"vertical-align: inherit;\">Priest comparti\u00f3 recientemente una historia en Instagram y etiquet\u00f3 a\u00a0 <\/span><\/span><a href=\"https:\/\/www.prwrestling.com\/nw\/tag\/rhea-ripley\" target=\"_blank\" rel=\"noopener noreferrer\" data-is-sponsored=\"false\"><span style=\"vertical-align: inherit;\"><span style=\"vertical-align: inherit;\">Rhea Ripley<\/span><\/span><\/a><span style=\"vertical-align: inherit;\"><span style=\"vertical-align: inherit;\"> \u00a0y Jey Uso en la misma. En la historia, sugiri\u00f3 un nombre para una posible facci\u00f3n que involucrara al tr\u00edo: &#8220;Trilletes del Terror&#8221;. The Eradicator tambi\u00e9n lo comparti\u00f3 en su historia y parec\u00eda bastante complacida con el nombre.<\/span><\/span><\/p>\n<p data-idx=\"2\" data-imp-id=\"article_paragraph_2\"><div id=\"ad-slot\" style=\"min-width: 300px; min-height: 250px;\"><p style=\"text-align: center;\">\r\n<script async src=\"https:\/\/pagead2.googlesyndication.com\/pagead\/js\/adsbygoogle.js\"><\/script>\r\n<!-- Responsive sc c -->\r\n<ins class=\"adsbygoogle\"\r\n     style=\"display:block\"\r\n     data-ad-client=\"ca-pub-1244235910658811\"\r\n     data-ad-slot=\"4234005358\"\r\n     data-ad-format=\"auto\"\r\n     data-full-width-responsive=\"true\"><\/ins>\r\n<script>\r\n     (adsbygoogle = window.adsbygoogle || []).push({});\r\n<\/script><\/p><\/div><\/p>\n<figure class=\"image\"><img loading=\"lazy\" decoding=\"async\" class=\"aligncenter wp-image-270958\" src=\"https:\/\/www.prwrestling.com\/nw\/wp-content\/uploads\/2024\/09\/9d481-17273203569123-1920.webp\" alt=\"Ripley\" width=\"728\" height=\"409\" srcset=\"https:\/\/www.prwrestling.com\/nw\/wp-content\/uploads\/2024\/09\/9d481-17273203569123-1920.webp 1200w, https:\/\/www.prwrestling.com\/nw\/wp-content\/uploads\/2024\/09\/9d481-17273203569123-1920-300x169.webp 300w, https:\/\/www.prwrestling.com\/nw\/wp-content\/uploads\/2024\/09\/9d481-17273203569123-1920-768x432.webp 768w, https:\/\/www.prwrestling.com\/nw\/wp-content\/uploads\/2024\/09\/9d481-17273203569123-1920-140x79.webp 140w\" sizes=\"auto, (max-width: 728px) 100vw, 728px\" \/><figcaption><span style=\"vertical-align: inherit;\"><span style=\"vertical-align: inherit;\">La historia de Rhea (v\u00eda Instagram)<\/span><\/span><\/figcaption><\/figure>\n<h2><span style=\"vertical-align: inherit;\"><span style=\"vertical-align: inherit;\">Un veterano advirti\u00f3 a la WWE que no una a Rhea Ripley y Jey Uso en un \u00e1ngulo rom\u00e1ntico<\/span><\/span><\/h2>\n<p data-idx=\"3\" data-imp-id=\"article_paragraph_3\"><span style=\"vertical-align: inherit;\"><span style=\"vertical-align: inherit;\">El ex empleado <\/span><\/span><span style=\"vertical-align: inherit;\"><span style=\"vertical-align: inherit;\">de la <a href=\"https:\/\/www.prwrestling.com\/nw\/category\/noticias-wwe\/\">WWE<\/a><\/span><\/span><span style=\"vertical-align: inherit;\"><span style=\"vertical-align: inherit;\"> \u00a0Tommy Carlucci no cree que la empresa deba incluir a Jey y Rhea en una historia rom\u00e1ntica. Recientemente\u00a0 <\/span><\/span><a href=\"https:\/\/www.prwrestling.com\/nw\/ex-empleado-advierte-a-la-wwe-que-no-una-a-rhea-ripley-y-jey-uso-en-un-angulo-romantico-por-2-razones-principales\/\"><span style=\"vertical-align: inherit;\"><span style=\"vertical-align: inherit;\">comparti\u00f3\u00a0<\/span><\/span><\/a><span style=\"vertical-align: inherit;\"><span style=\"vertical-align: inherit;\"> sus opiniones en\u00a0 el podcast <\/span><\/span><em><span style=\"vertical-align: inherit;\"><span style=\"vertical-align: inherit;\">Behind The Turnbuckle: The Last Word\u00a0<\/span><\/span><\/em><span style=\"vertical-align: inherit;\"><span style=\"vertical-align: inherit;\"> .<\/span><\/span><\/p>\n<blockquote><p><em><span style=\"vertical-align: inherit;\"><span style=\"vertical-align: inherit;\">&#8220;Dios sabe que no quiero que la vean, y ya hablamos de esto hace una semana, de que podr\u00eda ser una historia rom\u00e1ntica con Jey, lo cual ser\u00eda rid\u00edculo. No tendr\u00eda ning\u00fan sentido. No ayuda a ninguno de los dos. As\u00ed que espero que eso no suceda&#8221;, dijo.<\/span><\/span><\/em><\/p><\/blockquote>\n<blockquote class=\"instagram-media\" style=\"background: #FFF; border: 0; border-radius: 3px; box-shadow: 0 0 1px 0 rgba(0,0,0,0.5),0 1px 10px 0 rgba(0,0,0,0.15); margin: 1px; max-width: 540px; min-width: 326px; padding: 0; width: calc(100% - 2px);\" data-instgrm-captioned=\"\" data-instgrm-permalink=\"https:\/\/www.instagram.com\/reel\/C_dUbC5J3QW\/?utm_source=ig_embed&amp;utm_campaign=loading\" data-instgrm-version=\"14\">\n<div style=\"padding: 16px;\">\n<p>&nbsp;<\/p>\n<div style=\"display: flex; flex-direction: row; align-items: center;\">\n<div style=\"background-color: #f4f4f4; border-radius: 50%; flex-grow: 0; height: 40px; margin-right: 14px; width: 40px;\"><\/div>\n<div style=\"display: flex; flex-direction: column; flex-grow: 1; justify-content: center;\">\n<div style=\"background-color: #f4f4f4; border-radius: 4px; flex-grow: 0; height: 14px; margin-bottom: 6px; width: 100px;\"><\/div>\n<div style=\"background-color: #f4f4f4; border-radius: 4px; flex-grow: 0; height: 14px; width: 60px;\"><\/div>\n<\/div>\n<\/div>\n<div style=\"padding: 19% 0;\"><\/div>\n<div style=\"display: block; height: 50px; margin: 0 auto 12px; width: 50px;\"><\/div>\n<div style=\"padding-top: 8px;\">\n<div style=\"color: #3897f0; font-family: Arial,sans-serif; font-size: 14px; font-style: normal; font-weight: 550; line-height: 18px;\">View this post on Instagram<\/div>\n<\/div>\n<div style=\"padding: 12.5% 0;\"><\/div>\n<div style=\"display: flex; flex-direction: row; margin-bottom: 14px; align-items: center;\">\n<div>\n<div style=\"background-color: #f4f4f4; border-radius: 50%; height: 12.5px; width: 12.5px; transform: translateX(0px) translateY(7px);\"><\/div>\n<div style=\"background-color: #f4f4f4; height: 12.5px; transform: rotate(-45deg) translateX(3px) translateY(1px); width: 12.5px; flex-grow: 0; margin-right: 14px; margin-left: 2px;\"><\/div>\n<div style=\"background-color: #f4f4f4; border-radius: 50%; height: 12.5px; width: 12.5px; transform: translateX(9px) translateY(-18px);\"><\/div>\n<\/div>\n<div style=\"margin-left: 8px;\">\n<div style=\"background-color: #f4f4f4; border-radius: 50%; flex-grow: 0; height: 20px; width: 20px;\"><\/div>\n<div style=\"width: 0; height: 0; border-top: 2px solid transparent; border-left: 6px solid #f4f4f4; border-bottom: 2px solid transparent; transform: translateX(16px) translateY(-4px) rotate(30deg);\"><\/div>\n<\/div>\n<div style=\"margin-left: auto;\">\n<div style=\"width: 0px; border-top: 8px solid #F4F4F4; border-right: 8px solid transparent; transform: translateY(16px);\"><\/div>\n<div style=\"background-color: #f4f4f4; flex-grow: 0; height: 12px; width: 16px; transform: translateY(-4px);\"><\/div>\n<div style=\"width: 0; height: 0; border-top: 8px solid #F4F4F4; border-left: 8px solid transparent; transform: translateY(-4px) translateX(8px);\"><\/div>\n<\/div>\n<\/div>\n<div style=\"display: flex; flex-direction: column; flex-grow: 1; justify-content: center; margin-bottom: 24px;\">\n<div style=\"background-color: #f4f4f4; border-radius: 4px; flex-grow: 0; height: 14px; margin-bottom: 6px; width: 224px;\"><\/div>\n<div style=\"background-color: #f4f4f4; border-radius: 4px; flex-grow: 0; height: 14px; width: 144px;\"><\/div>\n<\/div>\n<p>&nbsp;<\/p>\n<p style=\"color: #c9c8cd; font-family: Arial,sans-serif; font-size: 14px; line-height: 17px; margin-bottom: 0; margin-top: 8px; overflow: hidden; padding: 8px 0 7px; text-align: center; text-overflow: ellipsis; white-space: nowrap;\"><a style=\"color: #c9c8cd; font-family: Arial,sans-serif; font-size: 14px; font-style: normal; font-weight: normal; line-height: 17px; text-decoration: none;\" href=\"https:\/\/www.instagram.com\/reel\/C_dUbC5J3QW\/?utm_source=ig_embed&amp;utm_campaign=loading\" target=\"_blank\" rel=\"noopener\">A post shared by WWE (@wwe)<\/a><\/p>\n<\/div>\n<\/blockquote>\n<p><script async src=\"\/\/www.instagram.com\/embed.js\"><\/script><\/p>\n<p data-idx=\"4\" data-imp-id=\"article_paragraph_4\"><span style=\"vertical-align: inherit;\"><span style=\"vertical-align: inherit;\">Rhea Ripley y Priest tienen dos grandes combates por delante. En Bad Blood 2024, <em>The Nightmare<\/em> se enfrentar\u00e1 a Liv Morgan en un intento por hacerse con el t\u00edtulo mundial femenino. Por otro lado, Priest se enfrentar\u00e1 a Finn Balor en un combate individual.<\/span><\/span><\/p>\n","protected":false},"excerpt":{"rendered":"<p>A Rhea Ripley aparentemente le gust\u00f3 la sugerencia de Damian Priest de un nombre de facci\u00f3n para la posible alianza de The Terror Twins con Jey Uso. Jey ahora tiene una buena relaci\u00f3n con el d\u00fao, ya que Ripley y Priest son babyfaces.<\/p>\n","protected":false},"author":1,"featured_media":270959,"comment_status":"closed","ping_status":"closed","sticky":false,"template":"","format":"standard","meta":{"footnotes":""},"categories":[5,38],"tags":[],"class_list":{"0":"post-270956","1":"post","2":"type-post","3":"status-publish","4":"format-standard","5":"has-post-thumbnail","7":"category-noticias","8":"category-noticias-y-rumores-de-la-wwe"},"_links":{"self":[{"href":"https:\/\/www.prwrestling.com\/nw\/wp-json\/wp\/v2\/posts\/270956","targetHints":{"allow":["GET"]}}],"collection":[{"href":"https:\/\/www.prwrestling.com\/nw\/wp-json\/wp\/v2\/posts"}],"about":[{"href":"https:\/\/www.prwrestling.com\/nw\/wp-json\/wp\/v2\/types\/post"}],"author":[{"embeddable":true,"href":"https:\/\/www.prwrestling.com\/nw\/wp-json\/wp\/v2\/users\/1"}],"replies":[{"embeddable":true,"href":"https:\/\/www.prwrestling.com\/nw\/wp-json\/wp\/v2\/comments?post=270956"}],"version-history":[{"count":2,"href":"https:\/\/www.prwrestling.com\/nw\/wp-json\/wp\/v2\/posts\/270956\/revisions"}],"predecessor-version":[{"id":270960,"href":"https:\/\/www.prwrestling.com\/nw\/wp-json\/wp\/v2\/posts\/270956\/revisions\/270960"}],"wp:featuredmedia":[{"embeddable":true,"href":"https:\/\/www.prwrestling.com\/nw\/wp-json\/wp\/v2\/media\/270959"}],"wp:attachment":[{"href":"https:\/\/www.prwrestling.com\/nw\/wp-json\/wp\/v2\/media?parent=270956"}],"wp:term":[{"taxonomy":"category","embeddable":true,"href":"https:\/\/www.prwrestling.com\/nw\/wp-json\/wp\/v2\/categories?post=270956"},{"taxonomy":"post_tag","embeddable":true,"href":"https:\/\/www.prwrestling.com\/nw\/wp-json\/wp\/v2\/tags?post=270956"}],"curies":[{"name":"wp","href":"https:\/\/api.w.org\/{rel}","templated":true}]}}