{"id":270978,"date":"2024-09-27T11:23:36","date_gmt":"2024-09-27T15:23:36","guid":{"rendered":"https:\/\/www.prwrestling.com\/nw\/?p=270978"},"modified":"2024-09-27T11:23:36","modified_gmt":"2024-09-27T15:23:36","slug":"carmella-comparte-actualizacion-personal-en-medio-de-su-ausencia-en-la-wwe","status":"publish","type":"post","link":"https:\/\/www.prwrestling.com\/nw\/carmella-comparte-actualizacion-personal-en-medio-de-su-ausencia-en-la-wwe\/","title":{"rendered":"Carmella comparte actualizaci\u00f3n personal en medio de su ausencia en la WWE"},"content":{"rendered":"<p data-idx=\"0\" data-imp-id=\"article_paragraph_0\"><span style=\"vertical-align: inherit;\"><span style=\"vertical-align: inherit;\">La superestrella de la WWE Carmella recientemente recurri\u00f3 a las redes sociales para compartir una actualizaci\u00f3n personal en medio de su pausa en la promoci\u00f3n con sede en Stamford. La lucadora de 36 a\u00f1os se encuentra actualmente de baja por maternidad.<\/span><\/span><!--more--><\/p>\n<p data-idx=\"0\" data-imp-id=\"article_paragraph_0\"><div id=\"ad-slot\" style=\"min-width: 300px; min-height: 250px;\">\r\n<p style=\"text-align: center;\">\r\n<script async src=\"https:\/\/pagead2.googlesyndication.com\/pagead\/js\/adsbygoogle.js\"><\/script>\r\n<!-- 300x250 sc a -->\r\n<ins class=\"adsbygoogle\"\r\n     style=\"display:inline-block;width:300px;height:250px\"\r\n     data-ad-client=\"ca-pub-1244235910658811\"\r\n     data-ad-slot=\"8592682546\"><\/ins>\r\n<script>\r\n     (adsbygoogle = window.adsbygoogle || []).push({});\r\n<\/script><\/center>\r\n<\/p><\/div><\/p>\n<p data-idx=\"1\" data-imp-id=\"article_paragraph_1\"><span style=\"vertical-align: inherit;\"><span style=\"vertical-align: inherit;\">Carmella fue vista por \u00faltima vez en la televisi\u00f3n de la WWE en el episodio del 6 de marzo de 2023 de Monday Night RAW, donde se enfrent\u00f3 a\u00a0 <\/span><\/span><a href=\"https:\/\/www.prwrestling.com\/nw\/tag\/bianca-belair\" target=\"_blank\" rel=\"noopener noreferrer\" data-is-sponsored=\"false\"><span style=\"vertical-align: inherit;\"><span style=\"vertical-align: inherit;\">Bianca Belair<\/span><\/span><\/a><span style=\"vertical-align: inherit;\"><span style=\"vertical-align: inherit;\"> . Despu\u00e9s de eso, luch\u00f3 en un house show, pero desde entonces, la ex Campeona Femenil de SmackDown ha estado fuera de acci\u00f3n debido a su embarazo. El talento de 36 a\u00f1os y su esposo, el comentarista de SmackDown Corey Graves, fueron bendecidos con un beb\u00e9 el 8 de noviembre de 2023.<\/span><\/span><\/p>\n<p data-idx=\"2\" data-imp-id=\"article_paragraph_2\"><span style=\"vertical-align: inherit;\"><span style=\"vertical-align: inherit;\">Carmella recientemente recurri\u00f3 a Instagram para compartir una actualizaci\u00f3n personal. La estrella de RAW escribi\u00f3 que estaba perdiendo cabello despu\u00e9s de dar a luz, pero lo acept\u00f3 publicando algunas hermosas fotos de ella misma. Tambi\u00e9n les pregunt\u00f3 a otras madres si hab\u00edan tenido que lidiar con algo similar despu\u00e9s del embarazo.<\/span><\/span><\/p>\n<p data-idx=\"2\" data-imp-id=\"article_paragraph_2\"><div id=\"ad-slot\" style=\"min-width: 300px; min-height: 250px;\">\r\n<p style=\"text-align: center;\">\r\n<script async src=\"https:\/\/pagead2.googlesyndication.com\/pagead\/js\/adsbygoogle.js\"><\/script>\r\n<!-- 300x250 sc a -->\r\n<ins class=\"adsbygoogle\"\r\n     style=\"display:inline-block;width:300px;height:250px\"\r\n     data-ad-client=\"ca-pub-1244235910658811\"\r\n     data-ad-slot=\"8592682546\"><\/ins>\r\n<script>\r\n     (adsbygoogle = window.adsbygoogle || []).push({});\r\n<\/script><\/center>\r\n<\/p><\/div><\/p>\n<blockquote><p><span style=\"vertical-align: inherit;\"><span style=\"vertical-align: inherit;\">&#8220;Dime que est\u00e1s a 10 meses de dar a luz sin decirme que est\u00e1s a 10 meses de dar a luz&#8230; como si no hubi\u00e9ramos tenido suficiente, agreguemos un poco de calvicie&#8230; para mis mam\u00e1s, tengo curiosidad por saber si tuvieron p\u00e9rdida de cabello posparto. \u200d&#8221;, escribi\u00f3.<\/span><\/span><\/p><\/blockquote>\n<p data-idx=\"3\" data-imp-id=\"article_paragraph_3\"><em><span style=\"vertical-align: inherit;\"><span style=\"vertical-align: inherit;\">Mira su publicaci\u00f3n de Instagram a continuaci\u00f3n:<\/span><\/span><\/em><\/p>\n<blockquote class=\"instagram-media\" style=\"background: #FFF; border: 0; border-radius: 3px; box-shadow: 0 0 1px 0 rgba(0,0,0,0.5),0 1px 10px 0 rgba(0,0,0,0.15); margin: 1px; max-width: 540px; min-width: 326px; padding: 0; width: calc(100% - 2px);\" data-instgrm-captioned=\"\" data-instgrm-permalink=\"https:\/\/www.instagram.com\/p\/DAYmT4wOYgg\/?utm_source=ig_embed&amp;utm_campaign=loading\" data-instgrm-version=\"14\">\n<div style=\"padding: 16px;\">\n<p>&nbsp;<\/p>\n<div style=\"display: flex; flex-direction: row; align-items: center;\">\n<div style=\"background-color: #f4f4f4; border-radius: 50%; flex-grow: 0; height: 40px; margin-right: 14px; width: 40px;\"><\/div>\n<div style=\"display: flex; flex-direction: column; flex-grow: 1; justify-content: center;\">\n<div style=\"background-color: #f4f4f4; border-radius: 4px; flex-grow: 0; height: 14px; margin-bottom: 6px; width: 100px;\"><\/div>\n<div style=\"background-color: #f4f4f4; border-radius: 4px; flex-grow: 0; height: 14px; width: 60px;\"><\/div>\n<\/div>\n<\/div>\n<div style=\"padding: 19% 0;\"><\/div>\n<div style=\"display: block; height: 50px; margin: 0 auto 12px; width: 50px;\"><\/div>\n<div style=\"padding-top: 8px;\">\n<div style=\"color: #3897f0; font-family: Arial,sans-serif; font-size: 14px; font-style: normal; font-weight: 550; line-height: 18px;\">View this post on Instagram<\/div>\n<\/div>\n<div style=\"padding: 12.5% 0;\"><\/div>\n<div style=\"display: flex; flex-direction: row; margin-bottom: 14px; align-items: center;\">\n<div>\n<div style=\"background-color: #f4f4f4; border-radius: 50%; height: 12.5px; width: 12.5px; transform: translateX(0px) translateY(7px);\"><\/div>\n<div style=\"background-color: #f4f4f4; height: 12.5px; transform: rotate(-45deg) translateX(3px) translateY(1px); width: 12.5px; flex-grow: 0; margin-right: 14px; margin-left: 2px;\"><\/div>\n<div style=\"background-color: #f4f4f4; border-radius: 50%; height: 12.5px; width: 12.5px; transform: translateX(9px) translateY(-18px);\"><\/div>\n<\/div>\n<div style=\"margin-left: 8px;\">\n<div style=\"background-color: #f4f4f4; border-radius: 50%; flex-grow: 0; height: 20px; width: 20px;\"><\/div>\n<div style=\"width: 0; height: 0; border-top: 2px solid transparent; border-left: 6px solid #f4f4f4; border-bottom: 2px solid transparent; transform: translateX(16px) translateY(-4px) rotate(30deg);\"><\/div>\n<\/div>\n<div style=\"margin-left: auto;\">\n<div style=\"width: 0px; border-top: 8px solid #F4F4F4; border-right: 8px solid transparent; transform: translateY(16px);\"><\/div>\n<div style=\"background-color: #f4f4f4; flex-grow: 0; height: 12px; width: 16px; transform: translateY(-4px);\"><\/div>\n<div style=\"width: 0; height: 0; border-top: 8px solid #F4F4F4; border-left: 8px solid transparent; transform: translateY(-4px) translateX(8px);\"><\/div>\n<\/div>\n<\/div>\n<div style=\"display: flex; flex-direction: column; flex-grow: 1; justify-content: center; margin-bottom: 24px;\">\n<div style=\"background-color: #f4f4f4; border-radius: 4px; flex-grow: 0; height: 14px; margin-bottom: 6px; width: 224px;\"><\/div>\n<div style=\"background-color: #f4f4f4; border-radius: 4px; flex-grow: 0; height: 14px; width: 144px;\"><\/div>\n<\/div>\n<p>&nbsp;<\/p>\n<p style=\"color: #c9c8cd; font-family: Arial,sans-serif; font-size: 14px; line-height: 17px; margin-bottom: 0; margin-top: 8px; overflow: hidden; padding: 8px 0 7px; text-align: center; text-overflow: ellipsis; white-space: nowrap;\"><a style=\"color: #c9c8cd; font-family: Arial,sans-serif; font-size: 14px; font-style: normal; font-weight: normal; line-height: 17px; text-decoration: none;\" href=\"https:\/\/www.instagram.com\/p\/DAYmT4wOYgg\/?utm_source=ig_embed&amp;utm_campaign=loading\" target=\"_blank\" rel=\"noopener\">A post shared by Leah Van Dale (@carmellawwe)<\/a><\/p>\n<\/div>\n<\/blockquote>\n<p><script async src=\"\/\/www.instagram.com\/embed.js\"><\/script><\/p>\n<h2><span style=\"vertical-align: inherit;\"><span style=\"vertical-align: inherit;\">La estrella de la WWE Carmella ha estado actualizando regularmente a los fan\u00e1ticos sobre su vida personal desde que dio a luz a su hijo<\/span><\/span><\/h2>\n<p data-idx=\"4\" data-imp-id=\"article_paragraph_4\"><span style=\"vertical-align: inherit;\"><span style=\"vertical-align: inherit;\">En abril de 2024, Carmella public\u00f3 una historia en Instagram, donde\u00a0 <\/span><\/span><span style=\"vertical-align: inherit;\"><span style=\"vertical-align: inherit;\">dio una actualizaci\u00f3n\u00a0<\/span><\/span><span style=\"vertical-align: inherit;\"><span style=\"vertical-align: inherit;\"> sobre su vida personal. La ex campeona femenina de SmackDown escribi\u00f3 sobre sus luchas cotidianas como madre de un beb\u00e9 reci\u00e9n nacido.<\/span><\/span><\/p>\n<blockquote><p><span style=\"vertical-align: inherit;\"><span style=\"vertical-align: inherit;\">&#8220;Han sido unas semanas dif\u00edciles. La regresi\u00f3n del sue\u00f1o de los 4 meses es una verdadera etapa de dentici\u00f3n. Todos los d\u00edas siento que no estoy haciendo lo suficiente. Todo me hace sentir culpable como madre. Tambi\u00e9n tengo planes\/aspiraciones para el d\u00eda, pero termino cancel\u00e1ndolos porque no tengo energ\u00eda para hacer nada. La etapa de reci\u00e9n nacido fue dif\u00edcil, pero nadie habla de esta marca de los 5 meses [emoji llorando]&#8221;, escribi\u00f3.<\/span><\/span><\/p><\/blockquote>\n<p data-idx=\"5\" data-imp-id=\"article_paragraph_5\"><span style=\"vertical-align: inherit;\"><span style=\"vertical-align: inherit;\">Muchos fan\u00e1ticos quieren que Carmella regrese pronto a la televisi\u00f3n de la WWE. Queda por ver qu\u00e9 tiene planeado la\u00a0 estrella <\/span><\/span><a href=\"https:\/\/www.prwrestling.com\/nw\/tag\/wwe-raw\" target=\"_blank\" rel=\"noopener noreferrer\" data-is-sponsored=\"false\"><span style=\"vertical-align: inherit;\"><span style=\"vertical-align: inherit;\">de RAW<\/span><\/span><\/a><span style=\"vertical-align: inherit;\"><span style=\"vertical-align: inherit;\"> \u00a0para su regreso a la lucha libre.<\/span><\/span><\/p>\n","protected":false},"excerpt":{"rendered":"<p>La superestrella de la WWE Carmella recientemente recurri\u00f3 a las redes sociales para compartir una actualizaci\u00f3n personal en medio de su pausa en la promoci\u00f3n con sede en Stamford. La lucadora de 36 a\u00f1os se encuentra actualmente de baja por maternidad.<\/p>\n","protected":false},"author":1,"featured_media":270980,"comment_status":"closed","ping_status":"closed","sticky":false,"template":"","format":"standard","meta":{"footnotes":""},"categories":[5,38],"tags":[1904],"class_list":{"0":"post-270978","1":"post","2":"type-post","3":"status-publish","4":"format-standard","5":"has-post-thumbnail","7":"category-noticias","8":"category-noticias-y-rumores-de-la-wwe","9":"tag-carmella"},"_links":{"self":[{"href":"https:\/\/www.prwrestling.com\/nw\/wp-json\/wp\/v2\/posts\/270978","targetHints":{"allow":["GET"]}}],"collection":[{"href":"https:\/\/www.prwrestling.com\/nw\/wp-json\/wp\/v2\/posts"}],"about":[{"href":"https:\/\/www.prwrestling.com\/nw\/wp-json\/wp\/v2\/types\/post"}],"author":[{"embeddable":true,"href":"https:\/\/www.prwrestling.com\/nw\/wp-json\/wp\/v2\/users\/1"}],"replies":[{"embeddable":true,"href":"https:\/\/www.prwrestling.com\/nw\/wp-json\/wp\/v2\/comments?post=270978"}],"version-history":[{"count":2,"href":"https:\/\/www.prwrestling.com\/nw\/wp-json\/wp\/v2\/posts\/270978\/revisions"}],"predecessor-version":[{"id":270981,"href":"https:\/\/www.prwrestling.com\/nw\/wp-json\/wp\/v2\/posts\/270978\/revisions\/270981"}],"wp:featuredmedia":[{"embeddable":true,"href":"https:\/\/www.prwrestling.com\/nw\/wp-json\/wp\/v2\/media\/270980"}],"wp:attachment":[{"href":"https:\/\/www.prwrestling.com\/nw\/wp-json\/wp\/v2\/media?parent=270978"}],"wp:term":[{"taxonomy":"category","embeddable":true,"href":"https:\/\/www.prwrestling.com\/nw\/wp-json\/wp\/v2\/categories?post=270978"},{"taxonomy":"post_tag","embeddable":true,"href":"https:\/\/www.prwrestling.com\/nw\/wp-json\/wp\/v2\/tags?post=270978"}],"curies":[{"name":"wp","href":"https:\/\/api.w.org\/{rel}","templated":true}]}}