{"id":271042,"date":"2024-09-29T11:29:07","date_gmt":"2024-09-29T15:29:07","guid":{"rendered":"https:\/\/www.prwrestling.com\/nw\/?p=271042"},"modified":"2024-09-29T11:29:07","modified_gmt":"2024-09-29T15:29:07","slug":"jeff-hardy-revela-bray-wyatt-quiso-traerlo-como-parte-de-su-grupo-en-la-wwe","status":"publish","type":"post","link":"https:\/\/www.prwrestling.com\/nw\/jeff-hardy-revela-bray-wyatt-quiso-traerlo-como-parte-de-su-grupo-en-la-wwe\/","title":{"rendered":"Jeff Hardy revela Bray Wyatt quiso traerlo como parte de su grupo en la WWE"},"content":{"rendered":"<p><span style=\"vertical-align: inherit;\"><span style=\"vertical-align: inherit;\">Bray Wyatt hizo un gran regreso a la WWE durante\u00a0 <\/span><\/span><em><span style=\"vertical-align: inherit;\"><span style=\"vertical-align: inherit;\">Extreme Rules<\/span><\/span><\/em><span style=\"vertical-align: inherit;\"><span style=\"vertical-align: inherit;\"> \u00a0en 2022, para gran entusiasmo de los fan\u00e1ticos de todo el mundo. Lamentablemente,\u00a0 <\/span><\/span><a href=\"https:\/\/www.prwrestling.com\/nw\/bo-dallas-revela-la-desgarradora-historia-del-dia-en-que-fallecio-bray-wyatt\/\"><span style=\"vertical-align: inherit;\"><span style=\"vertical-align: inherit;\">Wyatt falleci\u00f3 el a\u00f1o pasado<\/span><\/span><\/a><span style=\"vertical-align: inherit;\"><span style=\"vertical-align: inherit;\"> , dejando un tremendo vac\u00edo en la comunidad de la lucha libre. De hecho, Jeff Hardy ahora ha revelado que Bray Wyatt quer\u00eda traer el personaje de Willow a la WWE.<\/span><\/span><!--more--><\/p>\n<div id=\"ad-slot\" style=\"min-width: 300px; min-height: 250px;\">\r\n<p style=\"text-align: center;\">\r\n<script async src=\"https:\/\/pagead2.googlesyndication.com\/pagead\/js\/adsbygoogle.js\"><\/script>\r\n<!-- 300x250 sc a -->\r\n<ins class=\"adsbygoogle\"\r\n     style=\"display:inline-block;width:300px;height:250px\"\r\n     data-ad-client=\"ca-pub-1244235910658811\"\r\n     data-ad-slot=\"8592682546\"><\/ins>\r\n<script>\r\n     (adsbygoogle = window.adsbygoogle || []).push({});\r\n<\/script><\/center>\r\n<\/p><\/div>\n<p><span style=\"vertical-align: inherit;\"><span style=\"vertical-align: inherit;\">Jeff Hardy alcanz\u00f3 un nivel de \u00e9xito que solo un pu\u00f1ado de luchadores profesionales han logrado en sus carreras y uno de sus personajes m\u00e1s ic\u00f3nicos es sin duda su personaje de Willow, que debut\u00f3 en TNA y Hardy dej\u00f3 en claro\u00a0 <\/span><\/span><span style=\"vertical-align: inherit;\"><span style=\"vertical-align: inherit;\">que traer\u00eda de vuelta al personaje antes de retirarse<\/span><\/span><span style=\"vertical-align: inherit;\"><span style=\"vertical-align: inherit;\"> .<\/span><\/span><\/p>\n<p><span style=\"vertical-align: inherit;\"><span style=\"vertical-align: inherit;\">Mientras hablaba en el\u00a0 <\/span><\/span><a href=\"https:\/\/www.youtube.com\/watch?v=oXSayEF3VtA\" target=\"_blank\" rel=\"noopener\"><span style=\"vertical-align: inherit;\"><span style=\"vertical-align: inherit;\">podcast Keepin&#8217; It 100<\/span><\/span><\/a><span style=\"vertical-align: inherit;\"><span style=\"vertical-align: inherit;\"> , Jeff Hardy comparti\u00f3 que hubo conversaciones sobre traer su personaje de Willow a la WWE con Bray Wyatt. Record\u00f3 un momento detr\u00e1s del escenario cuando \u00e9l, Matt Hardy como &#8220;Broken&#8221; Matt y Bray Wyatt se estaban preparando para formar equipo. Durante ese tiempo, Jeff Hardy y Bray tuvieron una conversaci\u00f3n, y Bray mencion\u00f3 traer al personaje de Willow en futuras historias de la WWE, especialmente con su personaje de Fiend.<\/span><\/span><\/p>\n<div id=\"ad-slot\" style=\"min-width: 300px; min-height: 250px;\"><p style=\"text-align: center;\">\r\n<script async src=\"https:\/\/pagead2.googlesyndication.com\/pagead\/js\/adsbygoogle.js\"><\/script>\r\n<!-- Responsive sc c -->\r\n<ins class=\"adsbygoogle\"\r\n     style=\"display:block\"\r\n     data-ad-client=\"ca-pub-1244235910658811\"\r\n     data-ad-slot=\"4234005358\"\r\n     data-ad-format=\"auto\"\r\n     data-full-width-responsive=\"true\"><\/ins>\r\n<script>\r\n     (adsbygoogle = window.adsbygoogle || []).push({});\r\n<\/script><\/p><\/div>\n<p><span style=\"vertical-align: inherit;\"><span style=\"vertical-align: inherit;\">Esta idea entusiasm\u00f3 mucho a Hardy, ya que Willow hab\u00eda sido una parte importante de su pasado en la lucha libre. Imagin\u00f3 un combate entre Willow y Fiend, pero nunca sucedi\u00f3.\u00a0 La conexi\u00f3n de Bray con temas m\u00e1s oscuros siempre hizo que Hardy pensara en cosas profundas como la muerte, lo que hace que la muerte de Bray se sienta a\u00fan m\u00e1s irreal para \u00e9l.<\/span><\/span><\/p>\n<blockquote class=\"wp-block-quote is-layout-flow wp-block-quote-is-layout-flow\"><p><em><span style=\"vertical-align: inherit;\"><span style=\"vertical-align: inherit;\">\u201cTuve algunas conversaciones. Uno de mis momentos favoritos detr\u00e1s del escenario de todos los tiempos fue cuando Matt, Broken Matt y Bray nos reunimos cuando estaban a punto de comenzar a trabajar en equipo. Recuerdo que en esa \u00e9poca, hubo un momento en el que estaba sentado con Bray, como en un autob\u00fas durante una gira o algo as\u00ed. Dijo: &#8216;No s\u00e9&#8217;, y creo que estaba hablando de algunas cosas de Fiend para el futuro. Pero mencion\u00f3 algo como: &#8216;Tal vez podr\u00edamos traer a Willow&#8217;. <\/span><\/span><\/em>\u00a0<em><span style=\"vertical-align: inherit;\"><span style=\"vertical-align: inherit;\">Realmente quer\u00eda traer a Willow.<\/span><\/span><\/em><\/p>\n<p><em><span style=\"vertical-align: inherit;\"><span style=\"vertical-align: inherit;\">&#8220;Eso, simplemente, el fan\u00e1tico de la lucha libre en m\u00ed y la versi\u00f3n m\u00e1s joven de m\u00ed, porque Willow era mi principal inter\u00e9s en ese entonces, me emocion\u00f3 mucho. Pens\u00e9 que un d\u00eda podr\u00eda mezclarme con \u00e9l, Fiend y Willow, pero nada de eso sucedi\u00f3. Incluso la forma en que dec\u00eda &#8216;Sigue a los buitres&#8217;, su esencia, su presencia, siempre me hizo pensar en, ya sabes, la muerte y esas cosas. Estaba en sinton\u00eda con eso. Entonces, que se haya ido ahora&#8230; es simplemente irreal&#8221;.<\/span><\/span><\/em><\/p><\/blockquote>\n<p><iframe class=\"i-amphtml-fill-content\" title=\"YouTube video\" src=\"https:\/\/www.youtube.com\/embed\/oXSayEF3VtA?enablejsapi=1&amp;amp=1&amp;playsinline=1\" frameborder=\"0\" allowfullscreen=\"allowfullscreen\" data-mce-fragment=\"1\"><\/iframe><\/p>\n<p><span style=\"vertical-align: inherit;\"><span style=\"vertical-align: inherit;\">Jeff Hardy ha\u00a0 <\/span><\/span><span style=\"vertical-align: inherit;\"><span style=\"vertical-align: inherit;\">confirmado que planea traer de vuelta al personaje de The Willow a TNA y <a href=\"https:\/\/www.prwrestling.com\/nw\/estamos-interesados-en-eso-los-hardys-apuntan-a-retar-por-los-campeonatos-en-pareja-de-nxt-como-parte-de-cruce-con-tna\/\">hasta podria luchar en NXT<\/a><\/span><\/span><span style=\"vertical-align: inherit;\"><span style=\"vertical-align: inherit;\">\u00a0. De todos modos, es una pena que The Fiend y Willow nunca hayan podido enfrentarse en la televisi\u00f3n de la WWE, y siempre ser\u00e1 un gran pesar para los fan\u00e1ticos y Jeff Hardy por igual.<\/span><\/span><\/p>\n<p>&nbsp;<\/p>\n","protected":false},"excerpt":{"rendered":"<p>Bray Wyatt hizo un gran regreso a la WWE durante\u00a0 Extreme Rules \u00a0en 2022, para gran entusiasmo de los fan\u00e1ticos de todo el mundo. Lamentablemente,\u00a0 Wyatt falleci\u00f3 el a\u00f1o pasado , dejando un tremendo vac\u00edo en la comunidad de la lucha libre. De hecho, Jeff Hardy ahora ha revelado que Bray Wyatt quer\u00eda traer el<\/p>\n","protected":false},"author":1,"featured_media":271044,"comment_status":"closed","ping_status":"closed","sticky":false,"template":"","format":"standard","meta":{"footnotes":""},"categories":[5,38],"tags":[1725],"class_list":{"0":"post-271042","1":"post","2":"type-post","3":"status-publish","4":"format-standard","5":"has-post-thumbnail","7":"category-noticias","8":"category-noticias-y-rumores-de-la-wwe","9":"tag-jeff-hardy"},"_links":{"self":[{"href":"https:\/\/www.prwrestling.com\/nw\/wp-json\/wp\/v2\/posts\/271042","targetHints":{"allow":["GET"]}}],"collection":[{"href":"https:\/\/www.prwrestling.com\/nw\/wp-json\/wp\/v2\/posts"}],"about":[{"href":"https:\/\/www.prwrestling.com\/nw\/wp-json\/wp\/v2\/types\/post"}],"author":[{"embeddable":true,"href":"https:\/\/www.prwrestling.com\/nw\/wp-json\/wp\/v2\/users\/1"}],"replies":[{"embeddable":true,"href":"https:\/\/www.prwrestling.com\/nw\/wp-json\/wp\/v2\/comments?post=271042"}],"version-history":[{"count":2,"href":"https:\/\/www.prwrestling.com\/nw\/wp-json\/wp\/v2\/posts\/271042\/revisions"}],"predecessor-version":[{"id":271045,"href":"https:\/\/www.prwrestling.com\/nw\/wp-json\/wp\/v2\/posts\/271042\/revisions\/271045"}],"wp:featuredmedia":[{"embeddable":true,"href":"https:\/\/www.prwrestling.com\/nw\/wp-json\/wp\/v2\/media\/271044"}],"wp:attachment":[{"href":"https:\/\/www.prwrestling.com\/nw\/wp-json\/wp\/v2\/media?parent=271042"}],"wp:term":[{"taxonomy":"category","embeddable":true,"href":"https:\/\/www.prwrestling.com\/nw\/wp-json\/wp\/v2\/categories?post=271042"},{"taxonomy":"post_tag","embeddable":true,"href":"https:\/\/www.prwrestling.com\/nw\/wp-json\/wp\/v2\/tags?post=271042"}],"curies":[{"name":"wp","href":"https:\/\/api.w.org\/{rel}","templated":true}]}}