{"id":271046,"date":"2024-09-29T14:26:08","date_gmt":"2024-09-29T18:26:08","guid":{"rendered":"https:\/\/www.prwrestling.com\/nw\/?p=271046"},"modified":"2024-09-29T14:26:08","modified_gmt":"2024-09-29T18:26:08","slug":"roman-reigns-vs-cody-rhodes-iii-podria-suceder-el-proximo-ano-pero-no-en-wrestlemania-41-dice-ex-presentador-de-wwe","status":"publish","type":"post","link":"https:\/\/www.prwrestling.com\/nw\/roman-reigns-vs-cody-rhodes-iii-podria-suceder-el-proximo-ano-pero-no-en-wrestlemania-41-dice-ex-presentador-de-wwe\/","title":{"rendered":"Roman Reigns vs. Cody Rhodes III podr\u00eda suceder el pr\u00f3ximo a\u00f1o pero no en WrestleMania 41, dice ex presentador de WWE"},"content":{"rendered":"<p data-idx=\"0\" data-imp-id=\"article_paragraph_0\"><span style=\"vertical-align: inherit;\"><span style=\"vertical-align: inherit;\">Roman Reigns y Cody Rhodes intercambiaron victorias en WWE WrestleMania 39 y 40. El ex presentador <\/span><\/span><em><span style=\"vertical-align: inherit;\"><span style=\"vertical-align: inherit;\">\u00a0de RAW Talk,\u00a0<\/span><\/span><\/em><span style=\"vertical-align: inherit;\"><span style=\"vertical-align: inherit;\"> Matt Camp, cree que podr\u00edan enfrentarse por tercera vez el pr\u00f3ximo a\u00f1o.<\/span><\/span><!--more--><\/p>\n<p data-idx=\"0\" data-imp-id=\"article_paragraph_0\"><div id=\"ad-slot\" style=\"min-width: 300px; min-height: 250px;\">\r\n<p style=\"text-align: center;\">\r\n<script async src=\"https:\/\/pagead2.googlesyndication.com\/pagead\/js\/adsbygoogle.js\"><\/script>\r\n<!-- 300x250 sc a -->\r\n<ins class=\"adsbygoogle\"\r\n     style=\"display:inline-block;width:300px;height:250px\"\r\n     data-ad-client=\"ca-pub-1244235910658811\"\r\n     data-ad-slot=\"8592682546\"><\/ins>\r\n<script>\r\n     (adsbygoogle = window.adsbygoogle || []).push({});\r\n<\/script><\/center>\r\n<\/p><\/div><\/p>\n<p data-idx=\"1\" data-imp-id=\"article_paragraph_1\"><span style=\"vertical-align: inherit;\"><span style=\"vertical-align: inherit;\">El American Nightmare y\u00a0 <\/span><\/span><a href=\"https:\/\/www.prwrestling.com\/nw\/tag\/roman-reigns\" target=\"_blank\" rel=\"noopener noreferrer\" data-is-sponsored=\"false\"><span style=\"vertical-align: inherit;\"><span style=\"vertical-align: inherit;\">The Original Tribal Chief\u00a0<\/span><\/span><\/a><span style=\"vertical-align: inherit;\"><span style=\"vertical-align: inherit;\"> unir\u00e1n fuerzas para enfrentarse a Solo Sikoa y Jacob Fatu de The Bloodline en una lucha por equipos en Bad Blood el 5 de octubre. Sin embargo, Rhodes y Reigns insinuaron que se enfrentar\u00edan en una tercera lucha durante su \u00faltimo enfrentamiento. El ex campe\u00f3n indiscutible de la WWE incluso afirm\u00f3 que su compa\u00f1ero en Bad Blood se interpon\u00eda en su camino en la vida.<\/span><\/span><\/p>\n<p data-idx=\"2\" data-imp-id=\"article_paragraph_2\"><span style=\"vertical-align: inherit;\"><span style=\"vertical-align: inherit;\">Hablando en el podcast <\/span><\/span><em><span style=\"vertical-align: inherit;\"><span style=\"vertical-align: inherit;\">\u00a0Busted Open<\/span><\/span><\/em><span style=\"vertical-align: inherit;\"><span style=\"vertical-align: inherit;\">, Matt Camp afirm\u00f3 que no le sorprender\u00eda si la compa\u00f1\u00eda con sede en Stamford programara un tercer combate entre Reigns y Rhodes en el primer episodio de la marca roja en Netflix en enero:<\/span><\/span><\/p>\n<p data-idx=\"2\" data-imp-id=\"article_paragraph_2\"><div id=\"ad-slot\" style=\"min-width: 300px; min-height: 250px;\"><p style=\"text-align: center;\">\r\n<script async src=\"https:\/\/pagead2.googlesyndication.com\/pagead\/js\/adsbygoogle.js\"><\/script>\r\n<!-- Responsive sc c -->\r\n<ins class=\"adsbygoogle\"\r\n     style=\"display:block\"\r\n     data-ad-client=\"ca-pub-1244235910658811\"\r\n     data-ad-slot=\"4234005358\"\r\n     data-ad-format=\"auto\"\r\n     data-full-width-responsive=\"true\"><\/ins>\r\n<script>\r\n     (adsbygoogle = window.adsbygoogle || []).push({});\r\n<\/script><\/p><\/div><\/p>\n<blockquote><p><span style=\"vertical-align: inherit;\"><span style=\"vertical-align: inherit;\">&#8220;Creo que el 6 de enero de 2025, cuando Netflix obtenga RAW por primera vez, va a haber al menos una lucha muy importante. Si hicieran Cody [vs.] Roman nuevamente para comenzar Netflix, y creo que van a tener que jugar un poco con los rosters con RAW pasando a dos horas, ya sabes, tal vez SmackDown pase a tres el a\u00f1o que viene, creo que van a poner algo muy grande en ese show. Y si hicieran a Cody Rhodes y Roman Reigns por tercera vez en ese show, no me sorprender\u00eda&#8221;, dijo.<\/span><\/span><\/p><\/blockquote>\n<p data-idx=\"3\" data-imp-id=\"article_paragraph_3\"><em><span style=\"vertical-align: inherit;\"><span style=\"vertical-align: inherit;\">Mira el podcast a continuaci\u00f3n:<\/span><\/span><\/em><\/p>\n<p><iframe src=\"https:\/\/open.spotify.com\/embed\/episode\/4hXnyetOGscCOiFsicnTgA?utm_source=generator&amp;t=770\" width=\"100%\" frameborder=\"0\" allowfullscreen=\"allowfullscreen\" data-mce-fragment=\"1\"><\/iframe><\/p>\n<h2><span style=\"vertical-align: inherit;\"><span style=\"vertical-align: inherit;\">Ex presentador de WWE cree que se realizar\u00e1 una lucha entre el heel Cody Rhodes y el babyface Roman Reigns<\/span><\/span><\/h2>\n<p data-idx=\"4\" data-imp-id=\"article_paragraph_4\"><span style=\"vertical-align: inherit;\"><span style=\"vertical-align: inherit;\">En el mismo episodio del\u00a0 podcast <\/span><\/span><em><span style=\"vertical-align: inherit;\"><span style=\"vertical-align: inherit;\">Busted Open <\/span><\/span><\/em><span style=\"vertical-align: inherit;\"><span style=\"vertical-align: inherit;\">, Matt Camp revel\u00f3 que cree que <a href=\"https:\/\/www.prwrestling.com\/nw\/tag\/cody-rhodes\">Cody Rhodes<\/a> eventualmente se convertir\u00e1 en heel y se enfrentar\u00e1 cara a cara contra un babyface, Roman Reigns.<\/span><\/span><\/p>\n<p data-idx=\"5\" data-imp-id=\"article_paragraph_5\"><span style=\"vertical-align: inherit;\"><span style=\"vertical-align: inherit;\">El ex\u00a0 presentador <\/span><\/span><em><span style=\"vertical-align: inherit;\"><span style=\"vertical-align: inherit;\">de RAW Talk<\/span><\/span><\/em><span style=\"vertical-align: inherit;\"><span style=\"vertical-align: inherit;\"> \u00a0afirm\u00f3 que el posible enfrentamiento generar\u00e1 &#8221; <\/span><\/span><span style=\"vertical-align: inherit;\"><span style=\"vertical-align: inherit;\">un gran negocio<\/span><\/span><span style=\"vertical-align: inherit;\"><span style=\"vertical-align: inherit;\"> &#8220;. Sin embargo, se\u00f1al\u00f3 que podr\u00eda no suceder pronto:<\/span><\/span><\/p>\n<blockquote><p><span style=\"vertical-align: inherit;\"><span style=\"vertical-align: inherit;\">&#8220;Siempre he tenido que creer que en alg\u00fan momento, y no s\u00e9 si ese ser\u00eda el tercer combate o un combate dentro de dos a\u00f1os, habr\u00e1 un combate heel entre Cody Rhodes y el babyface Roman Reigns que tendremos en alg\u00fan momento y que ser\u00e1 un negocio enorme&#8221;, dijo.<\/span><\/span><\/p><\/blockquote>\n<blockquote class=\"instagram-media\" style=\"background: #FFF; border: 0; border-radius: 3px; box-shadow: 0 0 1px 0 rgba(0,0,0,0.5),0 1px 10px 0 rgba(0,0,0,0.15); margin: 1px; max-width: 540px; min-width: 326px; padding: 0; width: calc(100% - 2px);\" data-instgrm-captioned=\"\" data-instgrm-permalink=\"https:\/\/www.instagram.com\/reel\/DAKN0kVpJME\/?utm_source=ig_embed&amp;utm_campaign=loading\" data-instgrm-version=\"14\">\n<div style=\"padding: 16px;\">\n<p>&nbsp;<\/p>\n<div style=\"display: flex; flex-direction: row; align-items: center;\">\n<div style=\"background-color: #f4f4f4; border-radius: 50%; flex-grow: 0; height: 40px; margin-right: 14px; width: 40px;\"><\/div>\n<div style=\"display: flex; flex-direction: column; flex-grow: 1; justify-content: center;\">\n<div style=\"background-color: #f4f4f4; border-radius: 4px; flex-grow: 0; height: 14px; margin-bottom: 6px; width: 100px;\"><\/div>\n<div style=\"background-color: #f4f4f4; border-radius: 4px; flex-grow: 0; height: 14px; width: 60px;\"><\/div>\n<\/div>\n<\/div>\n<div style=\"padding: 19% 0;\"><\/div>\n<div style=\"display: block; height: 50px; margin: 0 auto 12px; width: 50px;\"><\/div>\n<div style=\"padding-top: 8px;\">\n<div style=\"color: #3897f0; font-family: Arial,sans-serif; font-size: 14px; font-style: normal; font-weight: 550; line-height: 18px;\">View this post on Instagram<\/div>\n<\/div>\n<div style=\"padding: 12.5% 0;\"><\/div>\n<div style=\"display: flex; flex-direction: row; margin-bottom: 14px; align-items: center;\">\n<div>\n<div style=\"background-color: #f4f4f4; border-radius: 50%; height: 12.5px; width: 12.5px; transform: translateX(0px) translateY(7px);\"><\/div>\n<div style=\"background-color: #f4f4f4; height: 12.5px; transform: rotate(-45deg) translateX(3px) translateY(1px); width: 12.5px; flex-grow: 0; margin-right: 14px; margin-left: 2px;\"><\/div>\n<div style=\"background-color: #f4f4f4; border-radius: 50%; height: 12.5px; width: 12.5px; transform: translateX(9px) translateY(-18px);\"><\/div>\n<\/div>\n<div style=\"margin-left: 8px;\">\n<div style=\"background-color: #f4f4f4; border-radius: 50%; flex-grow: 0; height: 20px; width: 20px;\"><\/div>\n<div style=\"width: 0; height: 0; border-top: 2px solid transparent; border-left: 6px solid #f4f4f4; border-bottom: 2px solid transparent; transform: translateX(16px) translateY(-4px) rotate(30deg);\"><\/div>\n<\/div>\n<div style=\"margin-left: auto;\">\n<div style=\"width: 0px; border-top: 8px solid #F4F4F4; border-right: 8px solid transparent; transform: translateY(16px);\"><\/div>\n<div style=\"background-color: #f4f4f4; flex-grow: 0; height: 12px; width: 16px; transform: translateY(-4px);\"><\/div>\n<div style=\"width: 0; height: 0; border-top: 8px solid #F4F4F4; border-left: 8px solid transparent; transform: translateY(-4px) translateX(8px);\"><\/div>\n<\/div>\n<\/div>\n<div style=\"display: flex; flex-direction: column; flex-grow: 1; justify-content: center; margin-bottom: 24px;\">\n<div style=\"background-color: #f4f4f4; border-radius: 4px; flex-grow: 0; height: 14px; margin-bottom: 6px; width: 224px;\"><\/div>\n<div style=\"background-color: #f4f4f4; border-radius: 4px; flex-grow: 0; height: 14px; width: 144px;\"><\/div>\n<\/div>\n<p>&nbsp;<\/p>\n<p style=\"color: #c9c8cd; font-family: Arial,sans-serif; font-size: 14px; line-height: 17px; margin-bottom: 0; margin-top: 8px; overflow: hidden; padding: 8px 0 7px; text-align: center; text-overflow: ellipsis; white-space: nowrap;\"><a style=\"color: #c9c8cd; font-family: Arial,sans-serif; font-size: 14px; font-style: normal; font-weight: normal; line-height: 17px; text-decoration: none;\" href=\"https:\/\/www.instagram.com\/reel\/DAKN0kVpJME\/?utm_source=ig_embed&amp;utm_campaign=loading\" target=\"_blank\" rel=\"noopener\">A post shared by WWE (@wwe)<\/a><\/p>\n<\/div>\n<\/blockquote>\n<p><script async src=\"\/\/www.instagram.com\/embed.js\"><\/script><\/p>\n<p data-idx=\"6\" data-imp-id=\"article_paragraph_6\"><span style=\"vertical-align: inherit;\"><span style=\"vertical-align: inherit;\">Muchos son esc\u00e9pticos sobre la capacidad de Rhodes y Reigns para trabajar juntos en <a href=\"https:\/\/www.prwrestling.com\/nw\/tag\/wwe-bad-blood\">Bad Blood<\/a> con toda la tensi\u00f3n entre ellos. <\/span><\/span><span style=\"vertical-align: inherit;\"><span style=\"vertical-align: inherit;\">\u00a0Ser\u00eda interesante ver si su predicci\u00f3n se cumple.<\/span><\/span><\/p>\n","protected":false},"excerpt":{"rendered":"<p>Roman Reigns y Cody Rhodes intercambiaron victorias en WWE WrestleMania 39 y 40. El ex presentador \u00a0de RAW Talk,\u00a0 Matt Camp, cree que podr\u00edan enfrentarse por tercera vez el pr\u00f3ximo a\u00f1o.<\/p>\n","protected":false},"author":1,"featured_media":271048,"comment_status":"closed","ping_status":"closed","sticky":false,"template":"","format":"standard","meta":{"footnotes":""},"categories":[5,38],"tags":[],"class_list":{"0":"post-271046","1":"post","2":"type-post","3":"status-publish","4":"format-standard","5":"has-post-thumbnail","7":"category-noticias","8":"category-noticias-y-rumores-de-la-wwe"},"_links":{"self":[{"href":"https:\/\/www.prwrestling.com\/nw\/wp-json\/wp\/v2\/posts\/271046","targetHints":{"allow":["GET"]}}],"collection":[{"href":"https:\/\/www.prwrestling.com\/nw\/wp-json\/wp\/v2\/posts"}],"about":[{"href":"https:\/\/www.prwrestling.com\/nw\/wp-json\/wp\/v2\/types\/post"}],"author":[{"embeddable":true,"href":"https:\/\/www.prwrestling.com\/nw\/wp-json\/wp\/v2\/users\/1"}],"replies":[{"embeddable":true,"href":"https:\/\/www.prwrestling.com\/nw\/wp-json\/wp\/v2\/comments?post=271046"}],"version-history":[{"count":2,"href":"https:\/\/www.prwrestling.com\/nw\/wp-json\/wp\/v2\/posts\/271046\/revisions"}],"predecessor-version":[{"id":271049,"href":"https:\/\/www.prwrestling.com\/nw\/wp-json\/wp\/v2\/posts\/271046\/revisions\/271049"}],"wp:featuredmedia":[{"embeddable":true,"href":"https:\/\/www.prwrestling.com\/nw\/wp-json\/wp\/v2\/media\/271048"}],"wp:attachment":[{"href":"https:\/\/www.prwrestling.com\/nw\/wp-json\/wp\/v2\/media?parent=271046"}],"wp:term":[{"taxonomy":"category","embeddable":true,"href":"https:\/\/www.prwrestling.com\/nw\/wp-json\/wp\/v2\/categories?post=271046"},{"taxonomy":"post_tag","embeddable":true,"href":"https:\/\/www.prwrestling.com\/nw\/wp-json\/wp\/v2\/tags?post=271046"}],"curies":[{"name":"wp","href":"https:\/\/api.w.org\/{rel}","templated":true}]}}