{"id":271054,"date":"2024-09-29T20:45:38","date_gmt":"2024-09-30T00:45:38","guid":{"rendered":"https:\/\/www.prwrestling.com\/nw\/?p=271054"},"modified":"2024-09-29T20:45:38","modified_gmt":"2024-09-30T00:45:38","slug":"liv-morgan-charlotte-flair-y-mas-superestrellas-de-la-wwe-reaccionan-a-conmovedora-actualizacion-personal-de-logan-paul","status":"publish","type":"post","link":"https:\/\/www.prwrestling.com\/nw\/liv-morgan-charlotte-flair-y-mas-superestrellas-de-la-wwe-reaccionan-a-conmovedora-actualizacion-personal-de-logan-paul\/","title":{"rendered":"Liv Morgan, Charlotte Flair y m\u00e1s superestrellas de la WWE reaccionan a conmovedora actualizaci\u00f3n personal de Logan Paul"},"content":{"rendered":"<p data-idx=\"0\" data-imp-id=\"article_paragraph_0\"><span style=\"vertical-align: inherit;\"><span style=\"vertical-align: inherit;\">La superestrella de la WWE,\u00a0 <\/span><\/span><a href=\"https:\/\/www.prwrestling.com\/nw\/tag\/logan-paul\" target=\"_blank\" rel=\"noopener noreferrer\" data-is-sponsored=\"false\"><span style=\"vertical-align: inherit;\"><span style=\"vertical-align: inherit;\">Logan Paul<\/span><\/span><\/a><span style=\"vertical-align: inherit;\"><span style=\"vertical-align: inherit;\"> , comparti\u00f3 recientemente una actualizaci\u00f3n personal en las redes sociales en medio de su ausencia de la televisi\u00f3n de World Wrestling Entertainment. Varias superestrellas importantes, incluidas Liv Morgan, Charlotte Flair, Dominik Mysterio y m\u00e1s, compartieron sus reacciones a la publicaci\u00f3n de la sensaci\u00f3n de las redes sociales.<\/span><\/span><!--more--><\/p>\n<p data-idx=\"0\" data-imp-id=\"article_paragraph_0\"><div id=\"ad-slot\" style=\"min-width: 300px; min-height: 250px;\">\r\n<p style=\"text-align: center;\">\r\n<script async src=\"https:\/\/pagead2.googlesyndication.com\/pagead\/js\/adsbygoogle.js\"><\/script>\r\n<!-- 300x250 sc a -->\r\n<ins class=\"adsbygoogle\"\r\n     style=\"display:inline-block;width:300px;height:250px\"\r\n     data-ad-client=\"ca-pub-1244235910658811\"\r\n     data-ad-slot=\"8592682546\"><\/ins>\r\n<script>\r\n     (adsbygoogle = window.adsbygoogle || []).push({});\r\n<\/script><\/center>\r\n<\/p><\/div><\/p>\n<p data-idx=\"1\" data-imp-id=\"article_paragraph_1\"><span style=\"vertical-align: inherit;\"><span style=\"vertical-align: inherit;\">La \u00faltima aparici\u00f3n de Maverick en la programaci\u00f3n de la WWE fue en SummerSlam frente a su p\u00fablico local. Sin embargo, perdi\u00f3 el combate por el Campeonato de los Estados Unidos ante\u00a0 <\/span><\/span><a href=\"https:\/\/www.prwrestling.com\/nw\/tag\/la-knight\" target=\"_blank\" rel=\"noopener noreferrer\" data-is-sponsored=\"false\"><span style=\"vertical-align: inherit;\"><span style=\"vertical-align: inherit;\">LA Knight<\/span><\/span><\/a><span style=\"vertical-align: inherit;\"><span style=\"vertical-align: inherit;\"> \u00a0en el evento en vivo premium. Desde entonces ha estado ausente de la televisi\u00f3n para apoyar a su prometida durante su embarazo.<\/span><\/span><\/p>\n<p data-idx=\"2\" data-imp-id=\"article_paragraph_2\"><span style=\"vertical-align: inherit;\"><span style=\"vertical-align: inherit;\">La pareja del joven de 29 a\u00f1os, Nia Agdal, dio a luz recientemente al primer hijo de la pareja, una ni\u00f1a llamada Esme. La estrella de las redes sociales recurri\u00f3 a Instagram y public\u00f3 algunas fotograf\u00edas y un breve clip en una emotiva actualizaci\u00f3n.<\/span><\/span><\/p>\n<p data-idx=\"2\" data-imp-id=\"article_paragraph_2\"><div id=\"ad-slot\" style=\"min-width: 300px; min-height: 250px;\"><p style=\"text-align: center;\">\r\n<script async src=\"https:\/\/pagead2.googlesyndication.com\/pagead\/js\/adsbygoogle.js\"><\/script>\r\n<!-- Responsive sc c -->\r\n<ins class=\"adsbygoogle\"\r\n     style=\"display:block\"\r\n     data-ad-client=\"ca-pub-1244235910658811\"\r\n     data-ad-slot=\"4234005358\"\r\n     data-ad-format=\"auto\"\r\n     data-full-width-responsive=\"true\"><\/ins>\r\n<script>\r\n     (adsbygoogle = window.adsbygoogle || []).push({});\r\n<\/script><\/p><\/div><\/p>\n<p data-idx=\"3\" data-imp-id=\"article_paragraph_3\"><em><span style=\"vertical-align: inherit;\"><span style=\"vertical-align: inherit;\">Puedes ver la publicaci\u00f3n de Instagram a continuaci\u00f3n:<\/span><\/span><\/em><\/p>\n<blockquote class=\"instagram-media\" style=\"background: #FFF; border: 0; border-radius: 3px; box-shadow: 0 0 1px 0 rgba(0,0,0,0.5),0 1px 10px 0 rgba(0,0,0,0.15); margin: 1px; max-width: 540px; min-width: 326px; padding: 0; width: calc(100% - 2px);\" data-instgrm-captioned=\"\" data-instgrm-permalink=\"https:\/\/www.instagram.com\/p\/DAgdceAJ9G1\/?utm_source=ig_embed&amp;utm_campaign=loading\" data-instgrm-version=\"14\">\n<div style=\"padding: 16px;\">\n<p>&nbsp;<\/p>\n<div style=\"display: flex; flex-direction: row; align-items: center;\">\n<div style=\"background-color: #f4f4f4; border-radius: 50%; flex-grow: 0; height: 40px; margin-right: 14px; width: 40px;\"><\/div>\n<div style=\"display: flex; flex-direction: column; flex-grow: 1; justify-content: center;\">\n<div style=\"background-color: #f4f4f4; border-radius: 4px; flex-grow: 0; height: 14px; margin-bottom: 6px; width: 100px;\"><\/div>\n<div style=\"background-color: #f4f4f4; border-radius: 4px; flex-grow: 0; height: 14px; width: 60px;\"><\/div>\n<\/div>\n<\/div>\n<div style=\"padding: 19% 0;\"><\/div>\n<div style=\"display: block; height: 50px; margin: 0 auto 12px; width: 50px;\"><\/div>\n<div style=\"padding-top: 8px;\">\n<div style=\"color: #3897f0; font-family: Arial,sans-serif; font-size: 14px; font-style: normal; font-weight: 550; line-height: 18px;\">View this post on Instagram<\/div>\n<\/div>\n<div style=\"padding: 12.5% 0;\"><\/div>\n<div style=\"display: flex; flex-direction: row; margin-bottom: 14px; align-items: center;\">\n<div>\n<div style=\"background-color: #f4f4f4; border-radius: 50%; height: 12.5px; width: 12.5px; transform: translateX(0px) translateY(7px);\"><\/div>\n<div style=\"background-color: #f4f4f4; height: 12.5px; transform: rotate(-45deg) translateX(3px) translateY(1px); width: 12.5px; flex-grow: 0; margin-right: 14px; margin-left: 2px;\"><\/div>\n<div style=\"background-color: #f4f4f4; border-radius: 50%; height: 12.5px; width: 12.5px; transform: translateX(9px) translateY(-18px);\"><\/div>\n<\/div>\n<div style=\"margin-left: 8px;\">\n<div style=\"background-color: #f4f4f4; border-radius: 50%; flex-grow: 0; height: 20px; width: 20px;\"><\/div>\n<div style=\"width: 0; height: 0; border-top: 2px solid transparent; border-left: 6px solid #f4f4f4; border-bottom: 2px solid transparent; transform: translateX(16px) translateY(-4px) rotate(30deg);\"><\/div>\n<\/div>\n<div style=\"margin-left: auto;\">\n<div style=\"width: 0px; border-top: 8px solid #F4F4F4; border-right: 8px solid transparent; transform: translateY(16px);\"><\/div>\n<div style=\"background-color: #f4f4f4; flex-grow: 0; height: 12px; width: 16px; transform: translateY(-4px);\"><\/div>\n<div style=\"width: 0; height: 0; border-top: 8px solid #F4F4F4; border-left: 8px solid transparent; transform: translateY(-4px) translateX(8px);\"><\/div>\n<\/div>\n<\/div>\n<div style=\"display: flex; flex-direction: column; flex-grow: 1; justify-content: center; margin-bottom: 24px;\">\n<div style=\"background-color: #f4f4f4; border-radius: 4px; flex-grow: 0; height: 14px; margin-bottom: 6px; width: 224px;\"><\/div>\n<div style=\"background-color: #f4f4f4; border-radius: 4px; flex-grow: 0; height: 14px; width: 144px;\"><\/div>\n<\/div>\n<p>&nbsp;<\/p>\n<p style=\"color: #c9c8cd; font-family: Arial,sans-serif; font-size: 14px; line-height: 17px; margin-bottom: 0; margin-top: 8px; overflow: hidden; padding: 8px 0 7px; text-align: center; text-overflow: ellipsis; white-space: nowrap;\"><a style=\"color: #c9c8cd; font-family: Arial,sans-serif; font-size: 14px; font-style: normal; font-weight: normal; line-height: 17px; text-decoration: none;\" href=\"https:\/\/www.instagram.com\/p\/DAgdceAJ9G1\/?utm_source=ig_embed&amp;utm_campaign=loading\" target=\"_blank\" rel=\"noopener\">A post shared by Logan Paul (@loganpaul)<\/a><\/p>\n<\/div>\n<\/blockquote>\n<p><script async src=\"\/\/www.instagram.com\/embed.js\"><\/script><\/p>\n<p data-idx=\"4\" data-imp-id=\"article_paragraph_4\"><span style=\"vertical-align: inherit;\"><span style=\"vertical-align: inherit;\">La publicaci\u00f3n llam\u00f3 la atenci\u00f3n de varias estrellas, entre ellas Charlotte Flair, Liv Morgan, Dominik Mysterio, Tiffany Stratton y otras, a quienes les gust\u00f3 la actualizaci\u00f3n. Natalya, Maryse y Torrie Wilson, entre otras, felicitaron a la pareja en la secci\u00f3n de comentarios.<\/span><\/span><\/p>\n<p data-idx=\"5\" data-imp-id=\"article_paragraph_5\"><em><span style=\"vertical-align: inherit;\"><span style=\"vertical-align: inherit;\">Puedes ver algunas de las reacciones en la captura de pantalla a continuaci\u00f3n:<\/span><\/span><\/em><\/p>\n<figure class=\"image\"><img loading=\"lazy\" decoding=\"async\" class=\"aligncenter  wp-image-271056\" src=\"https:\/\/www.prwrestling.com\/nw\/wp-content\/uploads\/2024\/09\/54ada-17276528140431-1920.webp\" alt=\"Logan \" width=\"795\" height=\"447\" srcset=\"https:\/\/www.prwrestling.com\/nw\/wp-content\/uploads\/2024\/09\/54ada-17276528140431-1920.webp 1200w, https:\/\/www.prwrestling.com\/nw\/wp-content\/uploads\/2024\/09\/54ada-17276528140431-1920-300x169.webp 300w, https:\/\/www.prwrestling.com\/nw\/wp-content\/uploads\/2024\/09\/54ada-17276528140431-1920-768x432.webp 768w, https:\/\/www.prwrestling.com\/nw\/wp-content\/uploads\/2024\/09\/54ada-17276528140431-1920-140x79.webp 140w\" sizes=\"auto, (max-width: 795px) 100vw, 795px\" \/><figcaption><span style=\"vertical-align: inherit;\"><span style=\"vertical-align: inherit;\">Las estrellas reaccionan a la actualizaci\u00f3n de Paul [Cr\u00e9dito de la imagen: captura de pantalla de las reacciones en la publicaci\u00f3n de Paul en Instagram]<\/span><\/span><\/figcaption><\/figure>\n<h2><span style=\"vertical-align: inherit;\"><span style=\"vertical-align: inherit;\">Jim Ross comparte su opini\u00f3n sincera sobre el conflicto en l\u00ednea de Logan Paul con el miembro del Sal\u00f3n de la Fama de la WWE<\/span><\/span><\/h2>\n<p data-idx=\"6\" data-imp-id=\"article_paragraph_6\"><span style=\"vertical-align: inherit;\"><span style=\"vertical-align: inherit;\">Recientemente, Logan Paul y <a href=\"https:\/\/www.prwrestling.com\/nw\/tag\/kevin-nash\">Kevin Nash<\/a> se vieron envueltos en un altercado en l\u00ednea. Comenz\u00f3 con el miembro del Sal\u00f3n de la Fama de la WWE criticando a The Maverick por la falta de conocimiento de este \u00faltimo sobre los t\u00e9rminos comunes de la lucha libre y tambi\u00e9n por su horario en comparaci\u00f3n con otras estrellas importantes. Paul tambi\u00e9n respondi\u00f3 r\u00e1pidamente con una respuesta insultante.<\/span><\/span><\/p>\n<p data-idx=\"7\" data-imp-id=\"article_paragraph_7\"><span style=\"vertical-align: inherit;\"><span style=\"vertical-align: inherit;\">En su reciente\u00a0 podcast <\/span><\/span><em><span style=\"vertical-align: inherit;\"><span style=\"vertical-align: inherit;\">Grilling JR<\/span><\/span><\/em><span style=\"vertical-align: inherit;\"><span style=\"vertical-align: inherit;\"> \u00a0, Jim Ross\u00a0 <\/span><\/span><span style=\"vertical-align: inherit;\"><span style=\"vertical-align: inherit;\">se\u00f1al\u00f3<\/span><\/span><span style=\"vertical-align: inherit;\"><span style=\"vertical-align: inherit;\"> \u00a0que no deber\u00eda haberse hecho p\u00fablico porque no ayud\u00f3 a nadie. Agreg\u00f3 que el talento involucrado debe tener cuidado con esas cosas. El comentarista de AEW afirm\u00f3 adem\u00e1s que Paul debe concentrarse en su trabajo en lugar de buscar peleas.<\/span><\/span><\/p>\n<blockquote><p><em><span style=\"vertical-align: inherit;\"><span style=\"vertical-align: inherit;\">&#8220;No deber\u00eda haberse hecho p\u00fablico, no lo creo. \u00bfA qui\u00e9n ayud\u00f3? No ayud\u00f3 a Logan Paul. Y no s\u00e9 si ayud\u00f3 a la WWE. Estamos hablando de ello, as\u00ed que tal vez s\u00ed, y simplemente no lo estamos reconociendo. Pero probablemente hubiera preferido, si hubiera estado involucrado en las relaciones con los talentos. [&#8230;] Los talentos deber\u00edan ser lo suficientemente inteligentes como para no provocar problemas que no puedan abordar. En otras palabras, est\u00e1n filmando un \u00e1ngulo que nunca suceder\u00e1. Y eso es una p\u00e9rdida de tiempo. Hay un mill\u00f3n de cosas que Logan Paul, que todav\u00eda est\u00e1 tratando de superar -y es muy bueno-, pero a\u00fan as\u00ed&#8230; No s\u00e9 c\u00f3mo ayuda a todos. Te muestra d\u00f3nde est\u00e1 la cabeza de Logan Paul&#8221;, dijo. [H\/T: WrestleTalk]<\/span><\/span><\/em><\/p><\/blockquote>\n<p data-idx=\"8\" data-imp-id=\"article_paragraph_8\"><em><span style=\"vertical-align: inherit;\"><span style=\"vertical-align: inherit;\">Puedes escuchar sus comentarios en el podcast a continuaci\u00f3n:<\/span><\/span><\/em><\/p>\n<p><iframe src=\"https:\/\/embed.podcasts.apple.com\/us\/podcast\/episode-284-free-agents\/id1370438585?i=1000670034794\" width=\"100%\" frameborder=\"0\" allowfullscreen=\"allowfullscreen\" data-mce-fragment=\"1\"><\/iframe><\/p>\n<p data-idx=\"9\" data-imp-id=\"article_paragraph_9\"><span style=\"vertical-align: inherit;\"><span style=\"vertical-align: inherit;\">Logan no ha aparecido en televisi\u00f3n durante casi dos meses. Queda por ver cu\u00e1nto tiempo le llevar\u00e1 regresar al cuadril\u00e1tero.<\/span><\/span><\/p>\n","protected":false},"excerpt":{"rendered":"<p>La superestrella de la WWE,\u00a0 Logan Paul , comparti\u00f3 recientemente una actualizaci\u00f3n personal en las redes sociales en medio de su ausencia de la televisi\u00f3n de World Wrestling Entertainment. Varias superestrellas importantes, incluidas Liv Morgan, Charlotte Flair, Dominik Mysterio y m\u00e1s, compartieron sus reacciones a la publicaci\u00f3n de la sensaci\u00f3n de las redes sociales.<\/p>\n","protected":false},"author":1,"featured_media":271057,"comment_status":"closed","ping_status":"closed","sticky":false,"template":"","format":"standard","meta":{"footnotes":""},"categories":[5,38],"tags":[],"class_list":{"0":"post-271054","1":"post","2":"type-post","3":"status-publish","4":"format-standard","5":"has-post-thumbnail","7":"category-noticias","8":"category-noticias-y-rumores-de-la-wwe"},"_links":{"self":[{"href":"https:\/\/www.prwrestling.com\/nw\/wp-json\/wp\/v2\/posts\/271054","targetHints":{"allow":["GET"]}}],"collection":[{"href":"https:\/\/www.prwrestling.com\/nw\/wp-json\/wp\/v2\/posts"}],"about":[{"href":"https:\/\/www.prwrestling.com\/nw\/wp-json\/wp\/v2\/types\/post"}],"author":[{"embeddable":true,"href":"https:\/\/www.prwrestling.com\/nw\/wp-json\/wp\/v2\/users\/1"}],"replies":[{"embeddable":true,"href":"https:\/\/www.prwrestling.com\/nw\/wp-json\/wp\/v2\/comments?post=271054"}],"version-history":[{"count":2,"href":"https:\/\/www.prwrestling.com\/nw\/wp-json\/wp\/v2\/posts\/271054\/revisions"}],"predecessor-version":[{"id":271058,"href":"https:\/\/www.prwrestling.com\/nw\/wp-json\/wp\/v2\/posts\/271054\/revisions\/271058"}],"wp:featuredmedia":[{"embeddable":true,"href":"https:\/\/www.prwrestling.com\/nw\/wp-json\/wp\/v2\/media\/271057"}],"wp:attachment":[{"href":"https:\/\/www.prwrestling.com\/nw\/wp-json\/wp\/v2\/media?parent=271054"}],"wp:term":[{"taxonomy":"category","embeddable":true,"href":"https:\/\/www.prwrestling.com\/nw\/wp-json\/wp\/v2\/categories?post=271054"},{"taxonomy":"post_tag","embeddable":true,"href":"https:\/\/www.prwrestling.com\/nw\/wp-json\/wp\/v2\/tags?post=271054"}],"curies":[{"name":"wp","href":"https:\/\/api.w.org\/{rel}","templated":true}]}}