{"id":271418,"date":"2024-10-10T17:19:27","date_gmt":"2024-10-10T21:19:27","guid":{"rendered":"https:\/\/www.prwrestling.com\/nw\/?p=271418"},"modified":"2024-10-10T17:19:27","modified_gmt":"2024-10-10T21:19:27","slug":"contrato-con-wwe-limita-a-rob-van-dam-en-poder-hacer-mas-proyectos-con-aew","status":"publish","type":"post","link":"https:\/\/www.prwrestling.com\/nw\/contrato-con-wwe-limita-a-rob-van-dam-en-poder-hacer-mas-proyectos-con-aew\/","title":{"rendered":"Contrato con WWE limita a Rob Van Dam en poder hacer m\u00e1s proyectos con AEW"},"content":{"rendered":"<p><span style=\"vertical-align: inherit;\"><span style=\"vertical-align: inherit;\">Mientras aparec\u00eda en el podcast Cheap Heat Productions, Rob Van Dam explic\u00f3 c\u00f3mo el hecho de tener un contrato con WWE Legends afecta la forma en que AEW puede utilizarlo y por qu\u00e9 est\u00e1 limitado en algunos aspectos.<\/span><\/span><!--more--><\/p>\n<p><span style=\"vertical-align: inherit;\"><span style=\"vertical-align: inherit;\"><a href=\"https:\/\/www.prwrestling.com\/nw\/tag\/rob-van-dam\">RVD<\/a> ha luchado seis combates de AEW, apareciendo espor\u00e1dicamente para la promoci\u00f3n desde agosto de 2023. Le dijo a Cheap Heat Productions que, si bien puede luchar para AEW, su acuerdo de Legends con WWE significa que AEW no podr\u00eda ponerlo en un videojuego ni hacer una figura de acci\u00f3n de RVD.<\/span><\/span><\/p>\n<div id=\"ad-slot\" style=\"min-width: 300px; min-height: 250px;\">\r\n<p style=\"text-align: center;\">\r\n<script async src=\"https:\/\/pagead2.googlesyndication.com\/pagead\/js\/adsbygoogle.js\"><\/script>\r\n<!-- 300x250 sc a -->\r\n<ins class=\"adsbygoogle\"\r\n     style=\"display:inline-block;width:300px;height:250px\"\r\n     data-ad-client=\"ca-pub-1244235910658811\"\r\n     data-ad-slot=\"8592682546\"><\/ins>\r\n<script>\r\n     (adsbygoogle = window.adsbygoogle || []).push({});\r\n<\/script><\/center>\r\n<\/p><\/div>\n<blockquote><p><span style=\"vertical-align: inherit;\"><span style=\"vertical-align: inherit;\">\u201cNo tengo contrato con AEW. Firmo un contrato por combate con ellos, lo cual he hecho cinco, tal vez seis veces\u201d, dijo RVD. \u201cY es solo lucha libre. La primera vez que habl\u00e9 con Tony Khan sobre hacer esto, un factor fue que todav\u00eda tengo un acuerdo con WWE Legends. Entonces, mi uso en AEW ser\u00eda limitado, en cuanto a que no pueden ponerme en videojuegos, figuras de acci\u00f3n, cosas as\u00ed. Entonces, se podr\u00eda decir que est\u00e1 limitado en ambos extremos, o se podr\u00eda decir que tengo ambos extremos funcionando, lo mejor de ambos mundos. O simplemente se podr\u00eda decir que RVD hace lo que quiere\u201d.<\/span><\/span><\/p><\/blockquote>\n<p><iframe loading=\"lazy\" title=\"Rob Van Dam Live Interview\" src=\"https:\/\/www.youtube.com\/embed\/H3XafZEdJFk?feature=oembed\" width=\"500\" height=\"281\" frameborder=\"0\" allowfullscreen=\"allowfullscreen\" data-mce-fragment=\"1\"><\/iframe><\/p>\n<p><span style=\"vertical-align: inherit;\"><span style=\"vertical-align: inherit;\">La lucha m\u00e1s reciente de RVD para AEW fue en la edici\u00f3n del 20 de abril de Collision a principios de este a\u00f1o.<\/span><\/span><\/p>\n<p><span style=\"vertical-align: inherit;\"><span style=\"vertical-align: inherit;\">RVD, quien es miembro del Sal\u00f3n de la Fama de la WWE,\u00a0 <\/span><\/span><span style=\"vertical-align: inherit;\"><span style=\"vertical-align: inherit;\">hizo una aparici\u00f3n<\/span><\/span><span style=\"vertical-align: inherit;\"><span style=\"vertical-align: inherit;\"> \u00a0en la programaci\u00f3n de la WWE el mes pasado cuando SmackDown regres\u00f3 a USA Network. Fue una de las varias leyendas que se mostraron entre el p\u00fablico.<\/span><\/span><\/p>\n","protected":false},"excerpt":{"rendered":"<p>Mientras aparec\u00eda en el podcast Cheap Heat Productions, Rob Van Dam explic\u00f3 c\u00f3mo el hecho de tener un contrato con WWE Legends afecta la forma en que AEW puede utilizarlo y por qu\u00e9 est\u00e1 limitado en algunos aspectos.<\/p>\n","protected":false},"author":1,"featured_media":271420,"comment_status":"closed","ping_status":"closed","sticky":false,"template":"","format":"standard","meta":{"footnotes":""},"categories":[5,38],"tags":[3533],"class_list":{"0":"post-271418","1":"post","2":"type-post","3":"status-publish","4":"format-standard","5":"has-post-thumbnail","7":"category-noticias","8":"category-noticias-y-rumores-de-la-wwe","9":"tag-rob-van-dam"},"_links":{"self":[{"href":"https:\/\/www.prwrestling.com\/nw\/wp-json\/wp\/v2\/posts\/271418","targetHints":{"allow":["GET"]}}],"collection":[{"href":"https:\/\/www.prwrestling.com\/nw\/wp-json\/wp\/v2\/posts"}],"about":[{"href":"https:\/\/www.prwrestling.com\/nw\/wp-json\/wp\/v2\/types\/post"}],"author":[{"embeddable":true,"href":"https:\/\/www.prwrestling.com\/nw\/wp-json\/wp\/v2\/users\/1"}],"replies":[{"embeddable":true,"href":"https:\/\/www.prwrestling.com\/nw\/wp-json\/wp\/v2\/comments?post=271418"}],"version-history":[{"count":2,"href":"https:\/\/www.prwrestling.com\/nw\/wp-json\/wp\/v2\/posts\/271418\/revisions"}],"predecessor-version":[{"id":271421,"href":"https:\/\/www.prwrestling.com\/nw\/wp-json\/wp\/v2\/posts\/271418\/revisions\/271421"}],"wp:featuredmedia":[{"embeddable":true,"href":"https:\/\/www.prwrestling.com\/nw\/wp-json\/wp\/v2\/media\/271420"}],"wp:attachment":[{"href":"https:\/\/www.prwrestling.com\/nw\/wp-json\/wp\/v2\/media?parent=271418"}],"wp:term":[{"taxonomy":"category","embeddable":true,"href":"https:\/\/www.prwrestling.com\/nw\/wp-json\/wp\/v2\/categories?post=271418"},{"taxonomy":"post_tag","embeddable":true,"href":"https:\/\/www.prwrestling.com\/nw\/wp-json\/wp\/v2\/tags?post=271418"}],"curies":[{"name":"wp","href":"https:\/\/api.w.org\/{rel}","templated":true}]}}