{"id":271581,"date":"2024-10-15T18:29:41","date_gmt":"2024-10-15T22:29:41","guid":{"rendered":"https:\/\/www.prwrestling.com\/nw\/?p=271581"},"modified":"2024-10-15T18:29:41","modified_gmt":"2024-10-15T22:29:41","slug":"ex-estrella-de-la-wwe-planifica-regreso-al-ring-despues-de-9-anos-comparte-nuevo-video-de-entrenamiento","status":"publish","type":"post","link":"https:\/\/www.prwrestling.com\/nw\/ex-estrella-de-la-wwe-planifica-regreso-al-ring-despues-de-9-anos-comparte-nuevo-video-de-entrenamiento\/","title":{"rendered":"Ex estrella de la WWE planifica regreso al ring despu\u00e9s de 9 a\u00f1os; comparte nuevo video de entrenamiento"},"content":{"rendered":"<p data-idx=\"0\" data-imp-id=\"article_paragraph_0\"><span style=\"vertical-align: inherit;\"><span style=\"vertical-align: inherit;\">Una ex superestrella de la WWE comparti\u00f3 hoy en las redes sociales un adelanto de su posible regreso. La veterana estrella no ha competido en un combate desde 2015 y abandon\u00f3 la WWE en 2014.<\/span><\/span><!--more--><\/p>\n<p data-idx=\"0\" data-imp-id=\"article_paragraph_0\"><div id=\"ad-slot\" style=\"min-width: 300px; min-height: 250px;\">\r\n<p style=\"text-align: center;\">\r\n<script async src=\"https:\/\/pagead2.googlesyndication.com\/pagead\/js\/adsbygoogle.js\"><\/script>\r\n<!-- 300x250 sc a -->\r\n<ins class=\"adsbygoogle\"\r\n     style=\"display:inline-block;width:300px;height:250px\"\r\n     data-ad-client=\"ca-pub-1244235910658811\"\r\n     data-ad-slot=\"8592682546\"><\/ins>\r\n<script>\r\n     (adsbygoogle = window.adsbygoogle || []).push({});\r\n<\/script><\/center>\r\n<\/p><\/div><\/p>\n<p data-idx=\"1\" data-imp-id=\"article_paragraph_1\"><span style=\"vertical-align: inherit;\"><span style=\"vertical-align: inherit;\">Ezekiel Jackson\u00a0 <\/span><\/span><span style=\"vertical-align: inherit;\"><span style=\"vertical-align: inherit;\">recientemente insinu\u00f3 su regreso al ring<\/span><\/span><span style=\"vertical-align: inherit;\"><span style=\"vertical-align: inherit;\"> \u00a0y lo sigui\u00f3 con otro mensaje hoy en su cuenta oficial de X\/Twitter. El ex campe\u00f3n intercontinental recurri\u00f3 a las redes sociales para compartir un nuevo video de entrenamiento. El luchador de 46 a\u00f1os corri\u00f3 por las cuerdas, recibi\u00f3 un golpe en el ring durante el video y se\u00f1al\u00f3 que lo hizo bien para su edad.<\/span><\/span><\/p>\n<blockquote><p><span style=\"vertical-align: inherit;\"><span style=\"vertical-align: inherit;\">&#8220;Hace tiempo que no corro en un ring ni me golpeo. \u00a1No est\u00e1 mal para 46 a\u00f1os!&#8221;, escribi\u00f3.<\/span><\/span><\/p><\/blockquote>\n<p data-idx=\"2\" data-imp-id=\"article_paragraph_2\"><span style=\"vertical-align: inherit;\"><span style=\"vertical-align: inherit;\">El tiempo de Ezekiel Jackson en la WWE lleg\u00f3 a su fin en enero de 2014. Pas\u00f3 un tiempo en <a href=\"https:\/\/www.prwrestling.com\/nw\/tag\/tna\">TNA<\/a> y Lucha Underground despu\u00e9s de dejar la promoci\u00f3n. <\/span><\/span><\/p>\n<p data-idx=\"2\" data-imp-id=\"article_paragraph_2\"><div id=\"ad-slot\" style=\"min-width: 300px; min-height: 250px;\"><p style=\"text-align: center;\">\r\n<script async src=\"https:\/\/pagead2.googlesyndication.com\/pagead\/js\/adsbygoogle.js\"><\/script>\r\n<!-- Responsive sc c -->\r\n<ins class=\"adsbygoogle\"\r\n     style=\"display:block\"\r\n     data-ad-client=\"ca-pub-1244235910658811\"\r\n     data-ad-slot=\"4234005358\"\r\n     data-ad-format=\"auto\"\r\n     data-full-width-responsive=\"true\"><\/ins>\r\n<script>\r\n     (adsbygoogle = window.adsbygoogle || []).push({});\r\n<\/script><\/p><\/div><\/p>\n<p data-idx=\"2\" data-imp-id=\"article_paragraph_2\"><span style=\"vertical-align: inherit;\"><span style=\"vertical-align: inherit;\">El \u00faltimo combate de Jackson tuvo lugar el 18 de octubre de 2015, durante la gira del 15\u00ba aniversario de wXw.<\/span><\/span><\/p>\n<p><iframe loading=\"lazy\" title=\"Ezekiel Jackson Debut in WWE\" src=\"https:\/\/www.youtube.com\/embed\/TVYqNLrisR0\" width=\"100%\" height=\"414\" frameborder=\"0\" allowfullscreen=\"allowfullscreen\"><span data-mce-type=\"bookmark\" style=\"display: inline-block; width: 0px; overflow: hidden; line-height: 0;\" class=\"mce_SELRES_start\">\ufeff<\/span><\/iframe><\/p>\n<h2><span style=\"vertical-align: inherit;\"><span style=\"vertical-align: inherit;\">Ezekiel Jackson sobre la derrota por el t\u00edtulo intercontinental ante una gran estrella de la WWE antes de SummerSlam 2011<\/span><\/span><\/h2>\n<p data-idx=\"3\" data-imp-id=\"article_paragraph_3\"><span style=\"vertical-align: inherit;\"><span style=\"vertical-align: inherit;\">El veterano de la lucha libre\u00a0 <\/span><\/span><span style=\"vertical-align: inherit;\"><span style=\"vertical-align: inherit;\">Ezekiel Jackson<\/span><\/span><span style=\"vertical-align: inherit;\"><span style=\"vertical-align: inherit;\"> \u00a0comparti\u00f3 recientemente sus pensamientos sobre la derrota del Campeonato Intercontinental ante <a href=\"https:\/\/www.prwrestling.com\/nw\/tag\/cody-rhodes\">Cody Rhodes<\/a> pocos d\u00edas antes de SummerSlam 2011.<\/span><\/span><\/p>\n<p data-idx=\"4\" data-imp-id=\"article_paragraph_4\"><span style=\"vertical-align: inherit;\"><span style=\"vertical-align: inherit;\"><span style=\"vertical-align: inherit;\"><span style=\"vertical-align: inherit;\">Cody Rhodes es el actual campe\u00f3n indiscutible de la WWE y apareci\u00f3 en RAW anoche para un encuentro cara a cara con el campe\u00f3n mundial de peso pesado Gunther. Las dos estrellas se enfrentar\u00e1n para determinar qui\u00e9n es el campe\u00f3n de Crown Jewel en el evento en vivo premium en Arabia Saudita el 2 de noviembre.<\/span><\/span><\/span><\/span><\/p>\n<p data-idx=\"5\" data-imp-id=\"article_paragraph_5\"><span style=\"vertical-align: inherit;\"><span style=\"vertical-align: inherit;\"><span style=\"vertical-align: inherit;\"><span style=\"vertical-align: inherit;\">En una entrevista en el podcast <\/span><\/span><\/span><\/span><em><span style=\"vertical-align: inherit;\"><span style=\"vertical-align: inherit;\"><span style=\"vertical-align: inherit;\"><span style=\"vertical-align: inherit;\">Two Man Power Trip of Wrestling<\/span><\/span><\/span><\/span><\/em><span style=\"vertical-align: inherit;\"><span style=\"vertical-align: inherit;\"><span style=\"vertical-align: inherit;\"><span style=\"vertical-align: inherit;\"> \u00a0, Jackson habl\u00f3 sobre perder el t\u00edtulo ante Rhodes un par de d\u00edas antes de SummerSlam 2011. Ezekiel se\u00f1al\u00f3 que pens\u00f3 que defender\u00eda el t\u00edtulo contra The American Nightmare en el evento en vivo premium y\u00a0 <\/span><\/span><\/span><\/span><span style=\"vertical-align: inherit;\"><span style=\"vertical-align: inherit;\"><span style=\"vertical-align: inherit;\"><span style=\"vertical-align: inherit;\">no sab\u00eda que perder\u00eda el t\u00edtulo cuando llegara a SmackDown.<\/span><\/span><\/span><\/span><\/p>\n<blockquote><p><span style=\"vertical-align: inherit;\"><span style=\"vertical-align: inherit;\"><span style=\"vertical-align: inherit;\"><span style=\"vertical-align: inherit;\">&#8220;Pens\u00e9: &#8216;Genial, probablemente lleguemos a SummerSlam. Tendr\u00e9 mi combate de SummerSlam con Cody, lo que sea, de cualquier manera, estoy listo para lo que sea&#8217;. Perder el t\u00edtulo en SmackDown antes de SummerSlam fue realmente extra\u00f1o. Pens\u00e9: &#8216; \u00bfDe verdad no pude conseguir un combate de SummerSlam?&#8217; Aparec\u00ed y ni siquiera sab\u00eda que estaba perdiendo el t\u00edtulo esa noche&#8221;. [Del 49:28 al 49:55]<\/span><\/span><\/span><\/span><\/p><\/blockquote>\n<p data-idx=\"6\" data-imp-id=\"article_paragraph_6\"><em><span style=\"vertical-align: inherit;\"><span style=\"vertical-align: inherit;\"><span style=\"vertical-align: inherit;\"><span style=\"vertical-align: inherit;\">Puedes ver la entrevista en el v\u00eddeo a continuaci\u00f3n:<\/span><\/span><\/span><\/span><\/em><\/p>\n<p><iframe loading=\"lazy\" src=\"https:\/\/www.youtube.com\/embed\/ZUJ6JUZtSAw\" width=\"100%\" height=\"370\" frameborder=\"0\" allowfullscreen=\"allowfullscreen\" data-mce-fragment=\"1\"><\/iframe><\/p>\n<p data-idx=\"7\" data-imp-id=\"article_paragraph_7\"><span style=\"vertical-align: inherit;\"><span style=\"vertical-align: inherit;\"><span style=\"vertical-align: inherit;\"><span style=\"vertical-align: inherit;\">Ezekiel Jackson tambi\u00e9n gan\u00f3 el Campeonato de la ECW durante su carrera. Ser\u00e1 interesante ver si el veterano decide volver a la acci\u00f3n en el futuro.<\/span><\/span><\/span><\/span><\/p>\n","protected":false},"excerpt":{"rendered":"<p>Una ex superestrella de la WWE comparti\u00f3 hoy en las redes sociales un adelanto de su posible regreso. La veterana estrella no ha competido en un combate desde 2015 y abandon\u00f3 la WWE en 2014.<\/p>\n","protected":false},"author":1,"featured_media":271584,"comment_status":"closed","ping_status":"closed","sticky":false,"template":"","format":"standard","meta":{"footnotes":""},"categories":[5,38],"tags":[],"class_list":{"0":"post-271581","1":"post","2":"type-post","3":"status-publish","4":"format-standard","5":"has-post-thumbnail","7":"category-noticias","8":"category-noticias-y-rumores-de-la-wwe"},"_links":{"self":[{"href":"https:\/\/www.prwrestling.com\/nw\/wp-json\/wp\/v2\/posts\/271581","targetHints":{"allow":["GET"]}}],"collection":[{"href":"https:\/\/www.prwrestling.com\/nw\/wp-json\/wp\/v2\/posts"}],"about":[{"href":"https:\/\/www.prwrestling.com\/nw\/wp-json\/wp\/v2\/types\/post"}],"author":[{"embeddable":true,"href":"https:\/\/www.prwrestling.com\/nw\/wp-json\/wp\/v2\/users\/1"}],"replies":[{"embeddable":true,"href":"https:\/\/www.prwrestling.com\/nw\/wp-json\/wp\/v2\/comments?post=271581"}],"version-history":[{"count":3,"href":"https:\/\/www.prwrestling.com\/nw\/wp-json\/wp\/v2\/posts\/271581\/revisions"}],"predecessor-version":[{"id":271585,"href":"https:\/\/www.prwrestling.com\/nw\/wp-json\/wp\/v2\/posts\/271581\/revisions\/271585"}],"wp:featuredmedia":[{"embeddable":true,"href":"https:\/\/www.prwrestling.com\/nw\/wp-json\/wp\/v2\/media\/271584"}],"wp:attachment":[{"href":"https:\/\/www.prwrestling.com\/nw\/wp-json\/wp\/v2\/media?parent=271581"}],"wp:term":[{"taxonomy":"category","embeddable":true,"href":"https:\/\/www.prwrestling.com\/nw\/wp-json\/wp\/v2\/categories?post=271581"},{"taxonomy":"post_tag","embeddable":true,"href":"https:\/\/www.prwrestling.com\/nw\/wp-json\/wp\/v2\/tags?post=271581"}],"curies":[{"name":"wp","href":"https:\/\/api.w.org\/{rel}","templated":true}]}}