{"id":271711,"date":"2024-10-20T10:54:57","date_gmt":"2024-10-20T14:54:57","guid":{"rendered":"https:\/\/www.prwrestling.com\/nw\/?p=271711"},"modified":"2026-02-22T11:15:15","modified_gmt":"2026-02-22T16:15:15","slug":"terminar-con-la-racha-de-undertaker-fue-la-peor-decision-en-la-historia-de-la-lucha-libre-declara-tommy-dreamer","status":"publish","type":"post","link":"https:\/\/www.prwrestling.com\/nw\/terminar-con-la-racha-de-undertaker-fue-la-peor-decision-en-la-historia-de-la-lucha-libre-declara-tommy-dreamer\/","title":{"rendered":"Terminar con la racha de Undertaker fue &#8220;la peor decisi\u00f3n en la historia de la lucha libre,&#8221; declara Tommy Dreamer"},"content":{"rendered":"<p><span style=\"vertical-align: inherit;\"><span style=\"vertical-align: inherit;\">Las contribuciones de The Undertaker a la lucha libre profesional son incomparables, y uno de sus legados m\u00e1s importantes es su racha de WrestleMania. Sin embargo, la decisi\u00f3n de terminar esa racha ahora se considera una de las peores decisiones en la historia de la lucha libre, al menos para una leyenda de la lucha libre hardcore.<\/span><\/span><!--more--><\/p>\n<div id=\"ad-slot\" style=\"min-width: 300px; min-height: 250px;\">\r\n<p style=\"text-align: center;\">\r\n<script async src=\"https:\/\/pagead2.googlesyndication.com\/pagead\/js\/adsbygoogle.js\"><\/script>\r\n<!-- 300x250 sc a -->\r\n<ins class=\"adsbygoogle\"\r\n     style=\"display:inline-block;width:300px;height:250px\"\r\n     data-ad-client=\"ca-pub-1244235910658811\"\r\n     data-ad-slot=\"8592682546\"><\/ins>\r\n<script>\r\n     (adsbygoogle = window.adsbygoogle || []).push({});\r\n<\/script><\/center>\r\n<\/p><\/div>\n<p><span style=\"vertical-align: inherit;\"><span style=\"vertical-align: inherit;\">La legendaria racha invicta de The Undertaker en WrestleMania comenz\u00f3 en 1991 cuando derrot\u00f3 a Jimmy Snuka. Con el paso de los a\u00f1os, sus victorias sobre grandes estrellas como Jake Roberts, Sid y Ric Flair le dieron m\u00e1s importancia a The Streak, volvi\u00e9ndola tan significativa como la lucha por el Campeonato Mundial en WrestleMania. Sin embargo, The Streak lleg\u00f3 a su fin en WrestleMania 30 cuando <a href=\"https:\/\/www.prwrestling.com\/nw\/undertaker-dice-roman-reigns-no-brock-lesnar-debio-haber-terminado-su-racha-de-wrestlemania\/\">Brock Lesnar derrot\u00f3 a The Undertake<\/a>r, una decisi\u00f3n\u00a0 <\/span><\/span><span style=\"vertical-align: inherit;\"><span style=\"vertical-align: inherit;\">que todav\u00eda no le sienta bien a mucha gente<\/span><\/span><span style=\"vertical-align: inherit;\"><span style=\"vertical-align: inherit;\"> .<\/span><\/span><\/p>\n<p><span style=\"vertical-align: inherit;\"><span style=\"vertical-align: inherit;\">La decisi\u00f3n de terminar con The Streak sigue siendo controvertida diez a\u00f1os despu\u00e9s, y muchas personas en la lucha libre dicen que\u00a0 <\/span><\/span><span style=\"vertical-align: inherit;\"><span style=\"vertical-align: inherit;\">nunca debi\u00f3 haber sucedido<\/span><\/span><span style=\"vertical-align: inherit;\"><span style=\"vertical-align: inherit;\"> . Algunos creen que Brock Lesnar no era la persona adecuada para este momento, ya que muchos hubieran preferido a Roman Reigns o\u00a0 <\/span><\/span><a href=\"https:\/\/www.prwrestling.com\/nw\/tag\/bray-wyatt\"><span style=\"vertical-align: inherit;\"><span style=\"vertical-align: inherit;\">Bray Wyatt<\/span><\/span><\/a><span style=\"vertical-align: inherit;\"><span style=\"vertical-align: inherit;\"> .<\/span><\/span><\/p>\n<div id=\"ad-slot\" style=\"min-width: 300px; min-height: 250px;\"><p style=\"text-align: center;\">\r\n<script async src=\"https:\/\/pagead2.googlesyndication.com\/pagead\/js\/adsbygoogle.js\"><\/script>\r\n<!-- Responsive sc c -->\r\n<ins class=\"adsbygoogle\"\r\n     style=\"display:block\"\r\n     data-ad-client=\"ca-pub-1244235910658811\"\r\n     data-ad-slot=\"4234005358\"\r\n     data-ad-format=\"auto\"\r\n     data-full-width-responsive=\"true\"><\/ins>\r\n<script>\r\n     (adsbygoogle = window.adsbygoogle || []).push({});\r\n<\/script><\/p><\/div>\n<p><span style=\"vertical-align: inherit;\"><span style=\"vertical-align: inherit;\">Tommy Dreamer comparti\u00f3 su firme opini\u00f3n sobre esto durante un episodio de <\/span><\/span><a href=\"https:\/\/podcasts.apple.com\/us\/podcast\/busted-open\/id1463861548\" target=\"_blank\" rel=\"noopener\"><em><span style=\"vertical-align: inherit;\"><span style=\"vertical-align: inherit;\">Busted Open<\/span><\/span><\/em><\/a><span style=\"vertical-align: inherit;\"><span style=\"vertical-align: inherit;\"> . Dijo que el hecho de que Lesnar terminara con The Streak fue &#8220;la peor decisi\u00f3n&#8221; en la historia de la lucha libre. Dreamer sinti\u00f3 que Lesnar no necesitaba romper The Streak y sugiri\u00f3 que si la WWE hubiera esperado unos a\u00f1os m\u00e1s, podr\u00eda haber sido un final perfecto para The Undertaker en una WrestleMania de dos noches como su \u00faltimo combate.<\/span><\/span><\/p>\n<p><iframe loading=\"lazy\" title=\"Director's cut of The Undertaker's Streak ending\" src=\"https:\/\/www.youtube.com\/embed\/0pb3NfeykSg\" width=\"100%\" height=\"414\" frameborder=\"0\" allowfullscreen=\"allowfullscreen\"><span data-mce-type=\"bookmark\" style=\"display: inline-block; width: 0px; overflow: hidden; line-height: 0;\" class=\"mce_SELRES_start\">\ufeff<\/span><\/iframe><\/p>\n<p><span style=\"vertical-align: inherit;\"><span style=\"vertical-align: inherit;\">Dreamer se\u00f1al\u00f3 que The Streak era muy popular y atra\u00eda a muchos fan\u00e1ticos a WrestleMania. Dreamer cre\u00eda que a The Undertaker todav\u00eda le quedaban algunas luchas por delante y que el momento deber\u00eda haberle tocado a alguien que realmente lo necesitara. Dese\u00f3 que la decisi\u00f3n nunca hubiera sucedido y pens\u00f3 que The Undertaker solo deber\u00eda haber perdido si realmente era su \u00faltima lucha.<\/span><\/span><\/p>\n<blockquote class=\"wp-block-quote is-layout-flow wp-block-quote-is-layout-flow\"><p><em><span style=\"vertical-align: inherit;\"><span style=\"vertical-align: inherit;\">&#8220;A\u00fan hoy dir\u00eda que tal vez fue la peor decisi\u00f3n en la historia de la lucha libre profesional. No creo que Brock lo necesitara en ese momento.<\/span><\/span><\/em><\/p>\n<p><em><span style=\"vertical-align: inherit;\"><span style=\"vertical-align: inherit;\">The Streak era tan popular como atractivo para WrestleMania. Si lo piensas, le quedaban unos cuantos combates m\u00e1s. Cuando se pasaba a dos d\u00edas, ese era un evento principal garantizado en el que no ten\u00edas que pensar demasiado en lo que ten\u00edas, en qui\u00e9n ser\u00eda la pr\u00f3xima persona en hacerlo.<\/span><\/span><\/em><\/p>\n<p><em><span style=\"vertical-align: inherit;\"><span style=\"vertical-align: inherit;\">Nunca lo hubiera hecho; Brock no lo necesitaba, siempre se hace algo as\u00ed por alguien que lo necesita. Ojal\u00e1 nunca hubiera sucedido, creo que la \u00fanica forma en que Taker deber\u00eda haber perdido es si fuera su \u00faltimo combate\u201d.<\/span><\/span><\/em><\/p><\/blockquote>\n<p><span style=\"vertical-align: inherit;\"><span style=\"vertical-align: inherit;\">Incluso Edge declar\u00f3 anteriormente que\u00a0 <\/span><\/span><a href=\"https:\/\/www.prwrestling.com\/nw\/edge-dice-roman-reigns-debio-haber-sido-quien-terminara-la-racha-de-undertaker-en-wrestlemania\/\"><span style=\"vertical-align: inherit;\"><span style=\"vertical-align: inherit;\">la racha de The Undertaker debi\u00f3 haber sido terminada por Roman Reigns<\/span><\/span><\/a><span style=\"vertical-align: inherit;\"><span style=\"vertical-align: inherit;\"> . De todos modos, la racha de The Phenom en WrestleMania seguir\u00e1 siendo para siempre un aspecto crucial de la historia de la WWE y ese ser\u00e1 para siempre su legado, algo que nunca cambiar\u00e1 a pesar de toda la controversia sobre c\u00f3mo termin\u00f3.<\/span><\/span><br \/>\n<iframe style=\"width: 100%; max-width: 660px; overflow: hidden; border-radius: 10px;\" src=\"https:\/\/embed.podcasts.apple.com\/us\/podcast\/busted-open\/id1463861548\" height=\"450\" frameborder=\"0\" sandbox=\"allow-forms allow-popups allow-same-origin allow-scripts allow-storage-access-by-user-activation allow-top-navigation-by-user-activation\"><\/iframe><\/p>\n","protected":false},"excerpt":{"rendered":"<p>Las contribuciones de The Undertaker a la lucha libre profesional son incomparables, y uno de sus legados m\u00e1s importantes es su racha de WrestleMania. Sin embargo, la decisi\u00f3n de terminar esa racha ahora se considera una de las peores decisiones en la historia de la lucha libre, al menos para una leyenda de la lucha<\/p>\n","protected":false},"author":1,"featured_media":271715,"comment_status":"closed","ping_status":"closed","sticky":false,"template":"","format":"standard","meta":{"footnotes":""},"categories":[5,38],"tags":[],"class_list":{"0":"post-271711","1":"post","2":"type-post","3":"status-publish","4":"format-standard","5":"has-post-thumbnail","7":"category-noticias","8":"category-noticias-y-rumores-de-la-wwe"},"_links":{"self":[{"href":"https:\/\/www.prwrestling.com\/nw\/wp-json\/wp\/v2\/posts\/271711","targetHints":{"allow":["GET"]}}],"collection":[{"href":"https:\/\/www.prwrestling.com\/nw\/wp-json\/wp\/v2\/posts"}],"about":[{"href":"https:\/\/www.prwrestling.com\/nw\/wp-json\/wp\/v2\/types\/post"}],"author":[{"embeddable":true,"href":"https:\/\/www.prwrestling.com\/nw\/wp-json\/wp\/v2\/users\/1"}],"replies":[{"embeddable":true,"href":"https:\/\/www.prwrestling.com\/nw\/wp-json\/wp\/v2\/comments?post=271711"}],"version-history":[{"count":5,"href":"https:\/\/www.prwrestling.com\/nw\/wp-json\/wp\/v2\/posts\/271711\/revisions"}],"predecessor-version":[{"id":289166,"href":"https:\/\/www.prwrestling.com\/nw\/wp-json\/wp\/v2\/posts\/271711\/revisions\/289166"}],"wp:featuredmedia":[{"embeddable":true,"href":"https:\/\/www.prwrestling.com\/nw\/wp-json\/wp\/v2\/media\/271715"}],"wp:attachment":[{"href":"https:\/\/www.prwrestling.com\/nw\/wp-json\/wp\/v2\/media?parent=271711"}],"wp:term":[{"taxonomy":"category","embeddable":true,"href":"https:\/\/www.prwrestling.com\/nw\/wp-json\/wp\/v2\/categories?post=271711"},{"taxonomy":"post_tag","embeddable":true,"href":"https:\/\/www.prwrestling.com\/nw\/wp-json\/wp\/v2\/tags?post=271711"}],"curies":[{"name":"wp","href":"https:\/\/api.w.org\/{rel}","templated":true}]}}