{"id":271975,"date":"2024-10-27T20:53:19","date_gmt":"2024-10-28T00:53:19","guid":{"rendered":"https:\/\/www.prwrestling.com\/nw\/?p=271975"},"modified":"2024-10-27T20:53:19","modified_gmt":"2024-10-28T00:53:19","slug":"ex-campeon-de-la-wwe-se-unira-al-bloodline-og-luego-de-que-roman-reigns-se-disculpara-con-el-dice-leyenda-y-no-es-jey-uso","status":"publish","type":"post","link":"https:\/\/www.prwrestling.com\/nw\/ex-campeon-de-la-wwe-se-unira-al-bloodline-og-luego-de-que-roman-reigns-se-disculpara-con-el-dice-leyenda-y-no-es-jey-uso\/","title":{"rendered":"Ex campe\u00f3n de la WWE se unir\u00e1 al Bloodline OG luego de que Roman Reigns se disculpara con \u00e9l, dice leyenda, y no es Jey Uso"},"content":{"rendered":"<p data-idx=\"0\" data-imp-id=\"article_paragraph_0\"><span style=\"vertical-align: inherit;\"><span style=\"vertical-align: inherit;\">Roman Reigns aparentemente est\u00e1 reuniendo a la alineaci\u00f3n original de Bloodline para luchar contra Bloodline de Solo Sikoa en WWE SmackDown. Una leyenda de la lucha libre predijo recientemente que un ex miembro del grupo de Reigns se reunir\u00eda inesperadamente con el Jefe Tribal Original.<\/span><\/span><!--more--><\/p>\n<p data-idx=\"0\" data-imp-id=\"article_paragraph_0\"><div id=\"ad-slot\" style=\"min-width: 300px; min-height: 250px;\">\r\n<p style=\"text-align: center;\">\r\n<script async src=\"https:\/\/pagead2.googlesyndication.com\/pagead\/js\/adsbygoogle.js\"><\/script>\r\n<!-- 300x250 sc a -->\r\n<ins class=\"adsbygoogle\"\r\n     style=\"display:inline-block;width:300px;height:250px\"\r\n     data-ad-client=\"ca-pub-1244235910658811\"\r\n     data-ad-slot=\"8592682546\"><\/ins>\r\n<script>\r\n     (adsbygoogle = window.adsbygoogle || []).push({});\r\n<\/script><\/center>\r\n<\/p><\/div><\/p>\n<p data-idx=\"1\" data-imp-id=\"article_paragraph_1\"><span style=\"vertical-align: inherit;\"><span style=\"vertical-align: inherit;\">Tras la derrota de Reigns ante Cody Rhodes en WrestleMania 40, Sikoa se volvi\u00f3 contra su Jefe Tribal y se hizo cargo de The Bloodline. Cuando el ex campe\u00f3n indiscutible de la WWE regres\u00f3 despu\u00e9s de casi cuatro meses de pausa, los dos se involucraron en una lucha de poder por el liderazgo de la familia. Aunque Roman y Solo, junto con sus aliados, est\u00e1n actualmente en guerra, el miembro del Sal\u00f3n de la Fama de la WWE Mark Henry sugiri\u00f3 que el ex campe\u00f3n norteamericano de NXT pronto volver\u00eda a unir fuerzas con su ex jefe tribal y The Usos.<\/span><\/span><\/p>\n<p data-idx=\"2\" data-imp-id=\"article_paragraph_2\"><span style=\"vertical-align: inherit;\"><span style=\"vertical-align: inherit;\">En el\u00a0 podcast <\/span><\/span><em><span style=\"vertical-align: inherit;\"><span style=\"vertical-align: inherit;\">Busted Open<\/span><\/span><\/em><span style=\"vertical-align: inherit;\"><span style=\"vertical-align: inherit;\"> \u00a0, El Hombre M\u00e1s Fuerte del Mundo afirm\u00f3 que Sikoa se dar\u00eda cuenta de que solo era\u00a0 <\/span><\/span><span style=\"vertical-align: inherit;\"><span style=\"vertical-align: inherit;\">un pe\u00f3n de <a href=\"https:\/\/www.prwrestling.com\/nw\/tag\/the-rock\">The Rock<\/a><\/span><\/span><span style=\"vertical-align: inherit;\"><span style=\"vertical-align: inherit;\"> , quien pondr\u00eda a los miembros actuales de Bloodline en su contra a su regreso.<\/span><\/span><\/p>\n<p data-idx=\"2\" data-imp-id=\"article_paragraph_2\"><div id=\"ad-slot\" style=\"min-width: 300px; min-height: 250px;\"><p style=\"text-align: center;\">\r\n<script async src=\"https:\/\/pagead2.googlesyndication.com\/pagead\/js\/adsbygoogle.js\"><\/script>\r\n<!-- Responsive sc c -->\r\n<ins class=\"adsbygoogle\"\r\n     style=\"display:block\"\r\n     data-ad-client=\"ca-pub-1244235910658811\"\r\n     data-ad-slot=\"4234005358\"\r\n     data-ad-format=\"auto\"\r\n     data-full-width-responsive=\"true\"><\/ins>\r\n<script>\r\n     (adsbygoogle = window.adsbygoogle || []).push({});\r\n<\/script><\/p><\/div><\/p>\n<blockquote><p><span style=\"vertical-align: inherit;\"><span style=\"vertical-align: inherit;\">&#8220;Cuando llegue ese d\u00eda, el Bloodline original volver\u00e1 a estar reunido. Pero antes de que eso suceda, Roman tiene que hacer con Solo lo mismo que hizo con Jimmy y Jey&#8221;, dijo.<\/span><\/span><\/p><\/blockquote>\n<p data-idx=\"3\" data-imp-id=\"article_paragraph_3\"><span style=\"vertical-align: inherit;\"><span style=\"vertical-align: inherit;\">Mientras tanto, la leyenda de la lucha libre se\u00f1al\u00f3 que el Jefe Tribal Original se disculpar\u00eda con su antiguo ejecutor antes de que este \u00faltimo se re\u00fana con su antigua facci\u00f3n:<\/span><\/span><\/p>\n<blockquote><p><span style=\"vertical-align: inherit;\"><span style=\"vertical-align: inherit;\">&#8220;[Entonces, \u00bfcrees que Solo se alinear\u00e1 con Roman?] S\u00ed, pero ya no se trata de volver a alinearse. Es volver a casa y darte cuenta, &#8216;Oye hermano, s\u00e9 que eres mi primo, pero eres mi hermano. Lamento haber puesto a tus hermanos unos contra otros. Lamento haber sido un mal ejemplo para ti. Lamento haberte golpeado con orgullo y haberte puesto en una posici\u00f3n en la que fueras sumiso a m\u00ed. Si me permitieras pagarte con mis acciones, quiero hacerlo, por favor perm\u00edteme&#8217;. Y ver\u00e1s, cuando te humillas y te arrojas a merced de la persona a la que afectaste, ahora puedes ser verdaderamente una unidad guerrera&#8221;. [De 07:59 a 09:20]<\/span><\/span><\/p><\/blockquote>\n<p data-idx=\"4\" data-imp-id=\"article_paragraph_4\"><em><span style=\"vertical-align: inherit;\"><span style=\"vertical-align: inherit;\">Mira el podcast a continuaci\u00f3n:<\/span><\/span><\/em><\/p>\n<p><iframe src=\"https:\/\/open.spotify.com\/embed\/episode\/2VbNR8vhdP8jD42RrlJR2H?utm_source=generator&amp;t=479\" width=\"100%\" frameborder=\"0\" allowfullscreen=\"allowfullscreen\" data-mce-fragment=\"1\"><\/iframe><\/p>\n<h2><span style=\"vertical-align: inherit;\"><span style=\"vertical-align: inherit;\">\u00bfQui\u00e9n m\u00e1s podr\u00eda unirse a Roman Reigns en su guerra contra The Bloodline en la WWE?<\/span><\/span><\/h2>\n<p data-idx=\"5\" data-imp-id=\"article_paragraph_5\"><span style=\"vertical-align: inherit;\"><span style=\"vertical-align: inherit;\">Jimmy Uso regres\u00f3 a Bad Blood para reunirse con Roman Reigns a principios de este mes.\u00a0 <\/span><\/span><a href=\"https:\/\/www.prwrestling.com\/nw\/tag\/jey-uso\" target=\"_blank\" rel=\"noopener noreferrer\" data-is-sponsored=\"false\"><span style=\"vertical-align: inherit;\"><span style=\"vertical-align: inherit;\">Jey Uso<\/span><\/span><\/a><span style=\"vertical-align: inherit;\"><span style=\"vertical-align: inherit;\"> \u00a0tambi\u00e9n parece estar en camino de volver a unir fuerzas con ellos despu\u00e9s de abrazar a su hermano gemelo el viernes pasado en SmackDown.<\/span><\/span><\/p>\n<p data-idx=\"6\" data-imp-id=\"article_paragraph_6\"><span style=\"vertical-align: inherit;\"><span style=\"vertical-align: inherit;\">Mientras muchos esperan que el OG Bloodline se enfrente al Bloodline de Solo Sikoa en un WarGames Match en Survivor Series, el ex presentador de la WWE\u00a0 <\/span><\/span><span style=\"vertical-align: inherit;\"><span style=\"vertical-align: inherit;\">Matt Camp predijo<\/span><\/span><span style=\"vertical-align: inherit;\"><span style=\"vertical-align: inherit;\">\u00a0que Sami Zayn ser\u00eda el cuarto miembro del equipo de Reigns. El ex campe\u00f3n intercontinental fue parte de The Bloodline durante casi un a\u00f1o antes de enfrentarse al Jefe Tribal Original en enero de 2023:<\/span><\/span><\/p>\n<blockquote><p><span style=\"vertical-align: inherit;\"><span style=\"vertical-align: inherit;\">&#8220;\u00bfQui\u00e9n es amigo de Jey en RAW todav\u00eda? \u00bfQui\u00e9n ha sido siempre su amigo? \u00bfQui\u00e9n ha sido su amigo desde WarGames? Sami Zayn. \u00bfY qu\u00e9 hizo Sami Zayn el lunes? Termin\u00f3 su historia con Gunther. [&#8230;] Aunque tiene que ser Sami. Si va a ser Jey, tiene que ser Sami&#8221;, dijo.<\/span><\/span><\/p><\/blockquote>\n<blockquote class=\"instagram-media\" style=\"background: #FFF; border: 0; border-radius: 3px; box-shadow: 0 0 1px 0 rgba(0,0,0,0.5),0 1px 10px 0 rgba(0,0,0,0.15); margin: 1px; max-width: 540px; min-width: 326px; padding: 0; width: calc(100% - 2px);\" data-instgrm-captioned=\"\" data-instgrm-permalink=\"https:\/\/www.instagram.com\/reel\/DBkjHAzMijc\/?utm_source=ig_embed&amp;utm_campaign=loading\" data-instgrm-version=\"14\">\n<div style=\"padding: 16px;\">\n<p>&nbsp;<\/p>\n<div style=\"display: flex; flex-direction: row; align-items: center;\">\n<div style=\"background-color: #f4f4f4; border-radius: 50%; flex-grow: 0; height: 40px; margin-right: 14px; width: 40px;\"><\/div>\n<div style=\"display: flex; flex-direction: column; flex-grow: 1; justify-content: center;\">\n<div style=\"background-color: #f4f4f4; border-radius: 4px; flex-grow: 0; height: 14px; margin-bottom: 6px; width: 100px;\"><\/div>\n<div style=\"background-color: #f4f4f4; border-radius: 4px; flex-grow: 0; height: 14px; width: 60px;\"><\/div>\n<\/div>\n<\/div>\n<div style=\"padding: 19% 0;\"><\/div>\n<div style=\"display: block; height: 50px; margin: 0 auto 12px; width: 50px;\"><\/div>\n<div style=\"padding-top: 8px;\">\n<div style=\"color: #3897f0; font-family: Arial,sans-serif; font-size: 14px; font-style: normal; font-weight: 550; line-height: 18px;\">View this post on Instagram<\/div>\n<\/div>\n<div style=\"padding: 12.5% 0;\"><\/div>\n<div style=\"display: flex; flex-direction: row; margin-bottom: 14px; align-items: center;\">\n<div>\n<div style=\"background-color: #f4f4f4; border-radius: 50%; height: 12.5px; width: 12.5px; transform: translateX(0px) translateY(7px);\"><\/div>\n<div style=\"background-color: #f4f4f4; height: 12.5px; transform: rotate(-45deg) translateX(3px) translateY(1px); width: 12.5px; flex-grow: 0; margin-right: 14px; margin-left: 2px;\"><\/div>\n<div style=\"background-color: #f4f4f4; border-radius: 50%; height: 12.5px; width: 12.5px; transform: translateX(9px) translateY(-18px);\"><\/div>\n<\/div>\n<div style=\"margin-left: 8px;\">\n<div style=\"background-color: #f4f4f4; border-radius: 50%; flex-grow: 0; height: 20px; width: 20px;\"><\/div>\n<div style=\"width: 0; height: 0; border-top: 2px solid transparent; border-left: 6px solid #f4f4f4; border-bottom: 2px solid transparent; transform: translateX(16px) translateY(-4px) rotate(30deg);\"><\/div>\n<\/div>\n<div style=\"margin-left: auto;\">\n<div style=\"width: 0px; border-top: 8px solid #F4F4F4; border-right: 8px solid transparent; transform: translateY(16px);\"><\/div>\n<div style=\"background-color: #f4f4f4; flex-grow: 0; height: 12px; width: 16px; transform: translateY(-4px);\"><\/div>\n<div style=\"width: 0; height: 0; border-top: 8px solid #F4F4F4; border-left: 8px solid transparent; transform: translateY(-4px) translateX(8px);\"><\/div>\n<\/div>\n<\/div>\n<div style=\"display: flex; flex-direction: column; flex-grow: 1; justify-content: center; margin-bottom: 24px;\">\n<div style=\"background-color: #f4f4f4; border-radius: 4px; flex-grow: 0; height: 14px; margin-bottom: 6px; width: 224px;\"><\/div>\n<div style=\"background-color: #f4f4f4; border-radius: 4px; flex-grow: 0; height: 14px; width: 144px;\"><\/div>\n<\/div>\n<p>&nbsp;<\/p>\n<p style=\"color: #c9c8cd; font-family: Arial,sans-serif; font-size: 14px; line-height: 17px; margin-bottom: 0; margin-top: 8px; overflow: hidden; padding: 8px 0 7px; text-align: center; text-overflow: ellipsis; white-space: nowrap;\"><a style=\"color: #c9c8cd; font-family: Arial,sans-serif; font-size: 14px; font-style: normal; font-weight: normal; line-height: 17px; text-decoration: none;\" href=\"https:\/\/www.instagram.com\/reel\/DBkjHAzMijc\/?utm_source=ig_embed&amp;utm_campaign=loading\" target=\"_blank\" rel=\"noopener\">A post shared by WWE (@wwe)<\/a><\/p>\n<\/div>\n<\/blockquote>\n<p><script async src=\"\/\/www.instagram.com\/embed.js\"><\/script><\/p>\n<p data-idx=\"7\" data-imp-id=\"article_paragraph_7\"><span style=\"vertical-align: inherit;\"><span style=\"vertical-align: inherit;\">El analista de la WWE\u00a0 <\/span><\/span><span style=\"vertical-align: inherit;\"><span style=\"vertical-align: inherit;\">Sam Roberts sugiri\u00f3 que<\/span><\/span><span style=\"vertical-align: inherit;\"><span style=\"vertical-align: inherit;\"> \u00a0<a href=\"https:\/\/www.prwrestling.com\/nw\/tag\/paul-heyman\">Paul Heyman<\/a> podr\u00eda regresar despu\u00e9s de que el equipo de Reigns pierda potencialmente el rumoreado combate de WarGames. The Wiseman ha estado ausente de la televisi\u00f3n desde que The Bloodline lo expuls\u00f3 de SmackDown en junio pasado.<\/span><\/span><\/p>\n","protected":false},"excerpt":{"rendered":"<p>Roman Reigns aparentemente est\u00e1 reuniendo a la alineaci\u00f3n original de Bloodline para luchar contra Bloodline de Solo Sikoa en WWE SmackDown. Una leyenda de la lucha libre predijo recientemente que un ex miembro del grupo de Reigns se reunir\u00eda inesperadamente con el Jefe Tribal Original.<\/p>\n","protected":false},"author":1,"featured_media":271977,"comment_status":"closed","ping_status":"closed","sticky":false,"template":"","format":"standard","meta":{"footnotes":""},"categories":[5,38],"tags":[],"class_list":{"0":"post-271975","1":"post","2":"type-post","3":"status-publish","4":"format-standard","5":"has-post-thumbnail","7":"category-noticias","8":"category-noticias-y-rumores-de-la-wwe"},"_links":{"self":[{"href":"https:\/\/www.prwrestling.com\/nw\/wp-json\/wp\/v2\/posts\/271975","targetHints":{"allow":["GET"]}}],"collection":[{"href":"https:\/\/www.prwrestling.com\/nw\/wp-json\/wp\/v2\/posts"}],"about":[{"href":"https:\/\/www.prwrestling.com\/nw\/wp-json\/wp\/v2\/types\/post"}],"author":[{"embeddable":true,"href":"https:\/\/www.prwrestling.com\/nw\/wp-json\/wp\/v2\/users\/1"}],"replies":[{"embeddable":true,"href":"https:\/\/www.prwrestling.com\/nw\/wp-json\/wp\/v2\/comments?post=271975"}],"version-history":[{"count":2,"href":"https:\/\/www.prwrestling.com\/nw\/wp-json\/wp\/v2\/posts\/271975\/revisions"}],"predecessor-version":[{"id":271978,"href":"https:\/\/www.prwrestling.com\/nw\/wp-json\/wp\/v2\/posts\/271975\/revisions\/271978"}],"wp:featuredmedia":[{"embeddable":true,"href":"https:\/\/www.prwrestling.com\/nw\/wp-json\/wp\/v2\/media\/271977"}],"wp:attachment":[{"href":"https:\/\/www.prwrestling.com\/nw\/wp-json\/wp\/v2\/media?parent=271975"}],"wp:term":[{"taxonomy":"category","embeddable":true,"href":"https:\/\/www.prwrestling.com\/nw\/wp-json\/wp\/v2\/categories?post=271975"},{"taxonomy":"post_tag","embeddable":true,"href":"https:\/\/www.prwrestling.com\/nw\/wp-json\/wp\/v2\/tags?post=271975"}],"curies":[{"name":"wp","href":"https:\/\/api.w.org\/{rel}","templated":true}]}}