{"id":272349,"date":"2024-11-08T15:36:26","date_gmt":"2024-11-08T20:36:26","guid":{"rendered":"https:\/\/www.prwrestling.com\/nw\/?p=272349"},"modified":"2026-02-22T11:14:10","modified_gmt":"2026-02-22T16:14:10","slug":"maven-dice-dean-malenko-se-nego-a-trabajar-con-el","status":"publish","type":"post","link":"https:\/\/www.prwrestling.com\/nw\/maven-dice-dean-malenko-se-nego-a-trabajar-con-el\/","title":{"rendered":"Maven dice Dean Malenko se neg\u00f3 a trabajar con \u00e9l"},"content":{"rendered":"<p data-idx=\"0\" data-imp-id=\"article_paragraph_0\"><span style=\"vertical-align: inherit;\"><span style=\"vertical-align: inherit;\">Maven Huffman apareci\u00f3 en la WWE entre 2001 y 2005 despu\u00e9s de ganar la temporada inaugural del reality show Tough Enough. El luchador de 47 a\u00f1os recientemente habl\u00f3 sobre la supuesta negativa de Dean Malenko a trabajar con \u00e9l despu\u00e9s de un evento.<\/span><\/span><\/p>\n<p><!--more--><br \/>\n<div id=\"ad-slot\" style=\"min-width: 300px; min-height: 250px;\">\r\n<p style=\"text-align: center;\">\r\n<script async src=\"https:\/\/pagead2.googlesyndication.com\/pagead\/js\/adsbygoogle.js\"><\/script>\r\n<!-- 300x250 sc a -->\r\n<ins class=\"adsbygoogle\"\r\n     style=\"display:inline-block;width:300px;height:250px\"\r\n     data-ad-client=\"ca-pub-1244235910658811\"\r\n     data-ad-slot=\"8592682546\"><\/ins>\r\n<script>\r\n     (adsbygoogle = window.adsbygoogle || []).push({});\r\n<\/script><\/center>\r\n<\/p><\/div><\/p>\n<p data-idx=\"1\" data-imp-id=\"article_paragraph_1\"><span style=\"vertical-align: inherit;\"><span style=\"vertical-align: inherit;\">Malenko luch\u00f3 para varias empresas importantes entre 1979 y 2001, incluidas ECW, WCW y WWE. En 2005, trabaj\u00f3 como productor de la WWE cuando Maven se enfrent\u00f3 a Shelton Benjamin en un evento no televisado en Wilkes-Barre, Pensilvania.<\/span><\/span><\/p>\n<p data-idx=\"2\" data-imp-id=\"article_paragraph_2\"><span style=\"vertical-align: inherit;\"><span style=\"vertical-align: inherit;\">En su canal de YouTube, Maven record\u00f3 c\u00f3mo Malenko lo critic\u00f3 despu\u00e9s del combate frente a todos detr\u00e1s del escenario:<\/span><\/span><\/p>\n<p data-idx=\"2\" data-imp-id=\"article_paragraph_2\"><div id=\"ad-slot\" style=\"min-width: 300px; min-height: 250px;\"><p style=\"text-align: center;\">\r\n<script async src=\"https:\/\/pagead2.googlesyndication.com\/pagead\/js\/adsbygoogle.js\"><\/script>\r\n<!-- Responsive sc c -->\r\n<ins class=\"adsbygoogle\"\r\n     style=\"display:block\"\r\n     data-ad-client=\"ca-pub-1244235910658811\"\r\n     data-ad-slot=\"4234005358\"\r\n     data-ad-format=\"auto\"\r\n     data-full-width-responsive=\"true\"><\/ins>\r\n<script>\r\n     (adsbygoogle = window.adsbygoogle || []).push({});\r\n<\/script><\/p><\/div><\/p>\n<blockquote><p><span style=\"vertical-align: inherit;\"><span style=\"vertical-align: inherit;\">&#8220;Llegu\u00e9 al backstage y me dijo inmediatamente que hab\u00eda sido uno de los peores combates de lucha libre que hab\u00eda visto en su vida. Me dej\u00f3 claro que nunca m\u00e1s quer\u00eda trabajar conmigo como productor y agente, y no creo que lo hayamos hecho. Y para colmo de males, no me hizo a un lado para darme esa informaci\u00f3n. \u00a1Oh, no! Me rega\u00f1\u00f3 delante de todo el vestuario y se asegur\u00f3 de que todo el mundo lo escuchara durante el proceso&#8221;. [13:05 \u2013 13:36]<\/span><\/span><\/p><\/blockquote>\n<p><iframe loading=\"lazy\" src=\"https:\/\/www.youtube.com\/embed\/7EFAQD7cxEI\" width=\"100%\" height=\"470\" frameborder=\"0\" allowfullscreen=\"allowfullscreen\" data-mce-fragment=\"1\"><\/iframe><\/p>\n<p>&nbsp;<\/p>\n<p data-idx=\"3\" data-imp-id=\"article_paragraph_3\"><span style=\"vertical-align: inherit;\"><span style=\"vertical-align: inherit;\">El tres veces campe\u00f3n Hardcore tambi\u00e9n <\/span><\/span><span style=\"vertical-align: inherit;\"><span style=\"vertical-align: inherit;\">reflexion\u00f3<\/span><\/span><span style=\"vertical-align: inherit;\"><span style=\"vertical-align: inherit;\"> sobre cuando <a href=\"https:\/\/www.prwrestling.com\/nw\/tag\/shawn-michaels\">Shawn Michaels<\/a> lo reprendi\u00f3 detr\u00e1s de escena luego de un error en el ring.<\/span><\/span><\/p>\n<h2><span style=\"vertical-align: inherit;\"><span style=\"vertical-align: inherit;\">C\u00f3mo reaccion\u00f3 Maven a los comentarios de Dean Malenko despu\u00e9s del combate de la WWE<\/span><\/span><\/h2>\n<p data-idx=\"4\" data-imp-id=\"article_paragraph_4\"><span style=\"vertical-align: inherit;\"><span style=\"vertical-align: inherit;\">Arn Anderson, otro productor <\/span><\/span><span style=\"vertical-align: inherit;\"><span style=\"vertical-align: inherit;\">de la WWE<\/span><\/span><span style=\"vertical-align: inherit;\"><span style=\"vertical-align: inherit;\"> en ese momento, le ofreci\u00f3 a Maven algunas palabras de aliento despu\u00e9s de presenciar el arrebato de Dean Malenko despu\u00e9s del combate. <\/span><\/span><a href=\"https:\/\/www.prwrestling.com\/tag\/shelton-benjamin\" target=\"_blank\" rel=\"noopener noreferrer\" data-is-sponsored=\"false\"><span style=\"vertical-align: inherit;\"><span style=\"vertical-align: inherit;\">Shelton Benjamin<\/span><\/span><\/a><span style=\"vertical-align: inherit;\"><span style=\"vertical-align: inherit;\"> tambi\u00e9n le asegur\u00f3 a su oponente que su actuaci\u00f3n no fue tan mala como afirm\u00f3 Malenko.<\/span><\/span><\/p>\n<p data-idx=\"5\" data-imp-id=\"article_paragraph_5\"><span style=\"vertical-align: inherit;\"><span style=\"vertical-align: inherit;\">Aunque otros lo apoyaron tras bastidores, Maven tem\u00eda que lo pudieran despedir si se ganaba la reputaci\u00f3n de mal luchador:<\/span><\/span><\/p>\n<blockquote><p><span style=\"vertical-align: inherit;\"><span style=\"vertical-align: inherit;\">&#8220;Aunque agradec\u00ed el apoyo de Arn y Shelton, ese viaje de cuatro horas a casa fue atroz. No solo pens\u00e9 que mi trabajo estaba en peligro, sino que pens\u00e9 que el tiempo, el esfuerzo y la habilidad con los que pens\u00e9 que estaba progresando no serv\u00edan para nada, y no hay peor sensaci\u00f3n en el mundo que pensar que has hecho algo a cambio de absolutamente nada&#8221;. [13:55 \u2013 14:17]<\/span><\/span><\/p><\/blockquote>\n<p data-idx=\"6\" data-imp-id=\"article_paragraph_6\"><span style=\"vertical-align: inherit;\"><span style=\"vertical-align: inherit;\">Maven recibi\u00f3 su liberaci\u00f3n de la compa\u00f1\u00eda el 5 de julio de 2005, seis meses despu\u00e9s del combate con Benjamin.<\/span><\/span><\/p>\n","protected":false},"excerpt":{"rendered":"<p>Maven Huffman apareci\u00f3 en la WWE entre 2001 y 2005 despu\u00e9s de ganar la temporada inaugural del reality show Tough Enough. El luchador de 47 a\u00f1os recientemente habl\u00f3 sobre la supuesta negativa de Dean Malenko a trabajar con \u00e9l despu\u00e9s de un evento.<\/p>\n","protected":false},"author":1,"featured_media":272351,"comment_status":"closed","ping_status":"closed","sticky":false,"template":"","format":"standard","meta":{"footnotes":""},"categories":[5,38],"tags":[7624],"class_list":{"0":"post-272349","1":"post","2":"type-post","3":"status-publish","4":"format-standard","5":"has-post-thumbnail","7":"category-noticias","8":"category-noticias-y-rumores-de-la-wwe","9":"tag-maven"},"_links":{"self":[{"href":"https:\/\/www.prwrestling.com\/nw\/wp-json\/wp\/v2\/posts\/272349","targetHints":{"allow":["GET"]}}],"collection":[{"href":"https:\/\/www.prwrestling.com\/nw\/wp-json\/wp\/v2\/posts"}],"about":[{"href":"https:\/\/www.prwrestling.com\/nw\/wp-json\/wp\/v2\/types\/post"}],"author":[{"embeddable":true,"href":"https:\/\/www.prwrestling.com\/nw\/wp-json\/wp\/v2\/users\/1"}],"replies":[{"embeddable":true,"href":"https:\/\/www.prwrestling.com\/nw\/wp-json\/wp\/v2\/comments?post=272349"}],"version-history":[{"count":3,"href":"https:\/\/www.prwrestling.com\/nw\/wp-json\/wp\/v2\/posts\/272349\/revisions"}],"predecessor-version":[{"id":289165,"href":"https:\/\/www.prwrestling.com\/nw\/wp-json\/wp\/v2\/posts\/272349\/revisions\/289165"}],"wp:featuredmedia":[{"embeddable":true,"href":"https:\/\/www.prwrestling.com\/nw\/wp-json\/wp\/v2\/media\/272351"}],"wp:attachment":[{"href":"https:\/\/www.prwrestling.com\/nw\/wp-json\/wp\/v2\/media?parent=272349"}],"wp:term":[{"taxonomy":"category","embeddable":true,"href":"https:\/\/www.prwrestling.com\/nw\/wp-json\/wp\/v2\/categories?post=272349"},{"taxonomy":"post_tag","embeddable":true,"href":"https:\/\/www.prwrestling.com\/nw\/wp-json\/wp\/v2\/tags?post=272349"}],"curies":[{"name":"wp","href":"https:\/\/api.w.org\/{rel}","templated":true}]}}