{"id":272572,"date":"2024-11-14T12:16:57","date_gmt":"2024-11-14T17:16:57","guid":{"rendered":"https:\/\/www.prwrestling.com\/nw\/?p=272572"},"modified":"2024-11-14T12:16:57","modified_gmt":"2024-11-14T17:16:57","slug":"rob-van-dam-lanza-duras-acusaciones-contra-vince-mcmahon","status":"publish","type":"post","link":"https:\/\/www.prwrestling.com\/nw\/rob-van-dam-lanza-duras-acusaciones-contra-vince-mcmahon\/","title":{"rendered":"Rob Van Dam lanza duras acusaciones contra Vince McMahon"},"content":{"rendered":"<p><a href=\"https:\/\/www.prwrestling.com\/tag\/vince-mcmahon\" target=\"_blank\" rel=\"noopener noreferrer\" data-is-sponsored=\"false\">Vince McMahon<\/a> hizo que la WWE pasara de ser una promoci\u00f3n regional de lucha libre profesional a una potencia del entretenimiento deportivo con un alcance masivo en todo el mundo. Este viaje no estuvo exento de controversias, esc\u00e1ndalos, acusaciones, rumores y especulaciones, que contin\u00faan hasta el d\u00eda de hoy. RVD acaba de hacer algunos comentarios interesantes sobre el Sr. McMahon y su adquisici\u00f3n de la industria.<!--more--><div id=\"ad-slot\" style=\"min-width: 300px; min-height: 250px;\">\r\n<p style=\"text-align: center;\">\r\n<script async src=\"https:\/\/pagead2.googlesyndication.com\/pagead\/js\/adsbygoogle.js\"><\/script>\r\n<!-- 300x250 sc a -->\r\n<ins class=\"adsbygoogle\"\r\n     style=\"display:inline-block;width:300px;height:250px\"\r\n     data-ad-client=\"ca-pub-1244235910658811\"\r\n     data-ad-slot=\"8592682546\"><\/ins>\r\n<script>\r\n     (adsbygoogle = window.adsbygoogle || []).push({});\r\n<\/script><\/center>\r\n<\/p><\/div><\/p>\n<p>Extreme Championship Wrestling se lanz\u00f3 oficialmente en 1994 bajo la direcci\u00f3n de Paul Heyman. La ic\u00f3nica promoci\u00f3n cerr\u00f3 en 2001, pero ese a\u00f1o revivi\u00f3 como una marca de la WWE por su enfoque en Invasion. Vince McMahon compr\u00f3 los activos de ECW en 2003 y, en 2005, comenz\u00f3 a reintroducir la organizaci\u00f3n hardcore a trav\u00e9s de contenido, productos, documentales y PPV. ECW funcion\u00f3 como una marca completa desde mayo de 2006 hasta febrero de 2010, presentando el programa semanal ECW On Sci-Fi.<\/p>\n<p>La ECW ha estado en las noticias este a\u00f1o gracias a la incorporaci\u00f3n de Heyman al Sal\u00f3n de la Fama, WrestleMania XL en Filadelfia, el documental Biography de A&amp;E sobre la ECW y el reciente especial NXT 2300 desde el antiguo ECW Arena. Rob Van Dam es un luchador original de la ECW y fue vital para los diversos reinicios y el reciente especial NXT 2300.<\/p>\n<div id=\"ad-slot\" style=\"min-width: 300px; min-height: 250px;\"><p style=\"text-align: center;\">\r\n<script async src=\"https:\/\/pagead2.googlesyndication.com\/pagead\/js\/adsbygoogle.js\"><\/script>\r\n<!-- Responsive sc c -->\r\n<ins class=\"adsbygoogle\"\r\n     style=\"display:block\"\r\n     data-ad-client=\"ca-pub-1244235910658811\"\r\n     data-ad-slot=\"4234005358\"\r\n     data-ad-format=\"auto\"\r\n     data-full-width-responsive=\"true\"><\/ins>\r\n<script>\r\n     (adsbygoogle = window.adsbygoogle || []).push({});\r\n<\/script><\/p><\/div>\n<p>En declaraciones a <em>Busted Open Radio<\/em>, The Whole F&#8217;N Show ofreci\u00f3 su visi\u00f3n \u00fanica cuando se le pregunt\u00f3 por qu\u00e9 WWE recuper\u00f3 la marca. RVD insinu\u00f3 que McMahon pudo haber revivido Extreme Championship Wrestling <a href=\"https:\/\/www.prwrestling.com\/nw\/rvd-dice-vince-mcmahon-quiso-destruir-ecw-luego-de-comprarlo\/\">solo para destruirla<\/a>, y agreg\u00f3 que al ex campe\u00f3n mundial de peso pesado de la ECW no le gustaba que los fan\u00e1ticos gritaran &#8220;\u00a1ECW!&#8221; durante los shows de la WWE.<\/p>\n<blockquote><p>&#8220;Cuando la WWE trajo de vuelta a ECW, hubo varias ocasiones en las que se podr\u00eda haber demostrado que solo la estaban trayendo de vuelta para destruirla. Quiero decir, Vince [McMahon] llevaba el cintur\u00f3n, y cambiaron a todos los OG por The New Breed&#8230; Para m\u00ed, estaban haciendo una declaraci\u00f3n all\u00ed, y s\u00e9 que a Vince no le gustaba que los fan\u00e1ticos corearan ECW durante sus shows cuando algunos de nosotros que estamos representados est\u00e1bamos en el ring&#8221;, dijo Rob Van Dam.<\/p><\/blockquote>\n<p><iframe loading=\"lazy\" src=\"https:\/\/www.youtube.com\/embed\/Fa2lUwwTa8U\" width=\"100%\" height=\"470\" frameborder=\"0\" allowfullscreen=\"allowfullscreen\"><\/iframe><\/p>\n<p>En los \u00faltimos a\u00f1os, RVD ha luchado para AEW, TNA e innumerables indies. Su \u00faltimo combate en la WWE fue una victoria por conteo sobre <a href=\"https:\/\/www.prwrestling.com\/tag\/seth-rollins\" target=\"_blank\" rel=\"noopener noreferrer\" data-is-sponsored=\"false\">Seth Rollins<\/a> en la edici\u00f3n del 28 de agosto de 2014 de Main Event, que se produjo justo despu\u00e9s de su derrota en SmackDown ante Rollins. Apareci\u00f3 en NXT 2300 la semana pasada para evitar que Wes Lee hiciera trampa durante la derrota ante Je&#8217;Von Evans.<\/p>\n<h2>Rob Van Dam adelanta su regreso a la WWE<\/h2>\n<p>Rob Van Dam se volvi\u00f3 viral por su aparici\u00f3n sorpresa en el reciente evento WWE NXT 2300 desde el antiguo ECW Arena en Filadelfia. Van Dam elogi\u00f3 a Je&#8217;Von Evans despu\u00e9s de ayudarlo a derrotar a Wes Lee al evitar un golpe bajo.<\/p>\n<p>Un fan de X deseaba que Mr. Monday Night hubiera luchado en NXT 2300. El miembro del Sal\u00f3n de la Fama de la WWE respondi\u00f3 y adelant\u00f3 que habr\u00eda m\u00e1s.<\/p>\n<blockquote><p>&#8220;Yo tambi\u00e9n, pero volver\u00e9&#8221;, escribi\u00f3 Rob Van Dam.<\/p><\/blockquote>\n<p>The Whole F&#8217;N Show tiene un contrato con WWE Legends desde 2021. Si bien puede aparecer en TNA, AEW y otras promociones, no puede aprovechar t\u00e9rminos espec\u00edficos, como los mismos pagos de regal\u00edas que otros reciben por las figuras de acci\u00f3n de AEW.<\/p>\n","protected":false},"excerpt":{"rendered":"<p>Vince McMahon hizo que la WWE pasara de ser una promoci\u00f3n regional de lucha libre profesional a una potencia del entretenimiento deportivo con un alcance masivo en todo el mundo. Este viaje no estuvo exento de controversias, esc\u00e1ndalos, acusaciones, rumores y especulaciones, que contin\u00faan hasta el d\u00eda de hoy. RVD acaba de hacer algunos comentarios<\/p>\n","protected":false},"author":1,"featured_media":272574,"comment_status":"closed","ping_status":"closed","sticky":false,"template":"","format":"standard","meta":{"footnotes":""},"categories":[5,38],"tags":[3533],"class_list":{"0":"post-272572","1":"post","2":"type-post","3":"status-publish","4":"format-standard","5":"has-post-thumbnail","7":"category-noticias","8":"category-noticias-y-rumores-de-la-wwe","9":"tag-rob-van-dam"},"_links":{"self":[{"href":"https:\/\/www.prwrestling.com\/nw\/wp-json\/wp\/v2\/posts\/272572","targetHints":{"allow":["GET"]}}],"collection":[{"href":"https:\/\/www.prwrestling.com\/nw\/wp-json\/wp\/v2\/posts"}],"about":[{"href":"https:\/\/www.prwrestling.com\/nw\/wp-json\/wp\/v2\/types\/post"}],"author":[{"embeddable":true,"href":"https:\/\/www.prwrestling.com\/nw\/wp-json\/wp\/v2\/users\/1"}],"replies":[{"embeddable":true,"href":"https:\/\/www.prwrestling.com\/nw\/wp-json\/wp\/v2\/comments?post=272572"}],"version-history":[{"count":2,"href":"https:\/\/www.prwrestling.com\/nw\/wp-json\/wp\/v2\/posts\/272572\/revisions"}],"predecessor-version":[{"id":272575,"href":"https:\/\/www.prwrestling.com\/nw\/wp-json\/wp\/v2\/posts\/272572\/revisions\/272575"}],"wp:featuredmedia":[{"embeddable":true,"href":"https:\/\/www.prwrestling.com\/nw\/wp-json\/wp\/v2\/media\/272574"}],"wp:attachment":[{"href":"https:\/\/www.prwrestling.com\/nw\/wp-json\/wp\/v2\/media?parent=272572"}],"wp:term":[{"taxonomy":"category","embeddable":true,"href":"https:\/\/www.prwrestling.com\/nw\/wp-json\/wp\/v2\/categories?post=272572"},{"taxonomy":"post_tag","embeddable":true,"href":"https:\/\/www.prwrestling.com\/nw\/wp-json\/wp\/v2\/tags?post=272572"}],"curies":[{"name":"wp","href":"https:\/\/api.w.org\/{rel}","templated":true}]}}