{"id":273301,"date":"2024-12-05T15:51:51","date_gmt":"2024-12-05T20:51:51","guid":{"rendered":"https:\/\/www.prwrestling.com\/nw\/?p=273301"},"modified":"2024-12-05T15:51:51","modified_gmt":"2024-12-05T20:51:51","slug":"wwe-se-prepara-para-hacer-un-cambio-repentino-a-smackdown-de-3-horas-en-2025-segun-informes","status":"publish","type":"post","link":"https:\/\/www.prwrestling.com\/nw\/wwe-se-prepara-para-hacer-un-cambio-repentino-a-smackdown-de-3-horas-en-2025-segun-informes\/","title":{"rendered":"WWE se prepara para hacer un cambio repentino a SmackDown de 3 horas en 2025, seg\u00fan informes"},"content":{"rendered":"<p>La WWE est\u00e1 buscando ampliar el horario de SmackDown, y ya se inform\u00f3 sobre el cambio de tres horas en <em>WrestleVotes Radio<\/em>. El nuevo informe ha brindado una actualizaci\u00f3n sobre un cambio repentino en el plan de tres horas para la marca azul en 2025.<\/p>\n<p><!--more--><div id=\"ad-slot\" style=\"min-width: 300px; min-height: 250px;\">\r\n<p style=\"text-align: center;\">\r\n<script async src=\"https:\/\/pagead2.googlesyndication.com\/pagead\/js\/adsbygoogle.js\"><\/script>\r\n<!-- 300x250 sc a -->\r\n<ins class=\"adsbygoogle\"\r\n     style=\"display:inline-block;width:300px;height:250px\"\r\n     data-ad-client=\"ca-pub-1244235910658811\"\r\n     data-ad-slot=\"8592682546\"><\/ins>\r\n<script>\r\n     (adsbygoogle = window.adsbygoogle || []).push({});\r\n<\/script><\/center>\r\n<\/p><\/div><\/p>\n<p>Anteriormente se inform\u00f3 que la WWE seguir\u00eda el formato de tres horas para SmackDown desde mediados de enero hasta alg\u00fan momento de mayo de 2025. Por qu\u00e9 es por un per\u00edodo de tiempo limitado no se sabe hasta el momento.<\/p>\n<p>En <em><a href=\"https:\/\/www.patreon.com\/posts\/117373613\" target=\"_blank\" rel=\"nofollow noopener noreferrer\" data-is-sponsored=\"false\">WrestleVotes Radio Backstage Pass<\/a><\/em> esta semana, JoeyVotes y TC dieron una actualizaci\u00f3n sobre la situaci\u00f3n. En este momento, parece que el hecho de que RAW tenga tres horas en Netflix es un hecho consumado, y debido a eso, la WWE podr\u00eda trasladar la emisi\u00f3n de tres horas de SmackDown de mediados de enero a fines de enero.<\/p>\n<div id=\"ad-slot\" style=\"min-width: 300px; min-height: 250px;\"><p style=\"text-align: center;\">\r\n<script async src=\"https:\/\/pagead2.googlesyndication.com\/pagead\/js\/adsbygoogle.js\"><\/script>\r\n<!-- Responsive sc c -->\r\n<ins class=\"adsbygoogle\"\r\n     style=\"display:block\"\r\n     data-ad-client=\"ca-pub-1244235910658811\"\r\n     data-ad-slot=\"4234005358\"\r\n     data-ad-format=\"auto\"\r\n     data-full-width-responsive=\"true\"><\/ins>\r\n<script>\r\n     (adsbygoogle = window.adsbygoogle || []).push({});\r\n<\/script><\/p><\/div>\n<p>De cualquier manera, parece que se van a producir cuatro meses de episodios de tres horas de la marca azul.<\/p>\n<blockquote class=\"twitter-tweet\" style=\"min-height: 500px;\">\n<p dir=\"ltr\" lang=\"en\">According to <a href=\"https:\/\/twitter.com\/WrestleVotes?ref_src=twsrc%5Etfw\" target=\"_blank\" rel=\"noopener\">@WrestleVotes<\/a>, Raw and SmackDown will BOTH be 3 hour shows starting from January.<\/p>\n<p>That is insane. <a href=\"https:\/\/t.co\/Zzdr9AzY6Q\">pic.twitter.com\/Zzdr9AzY6Q<\/a><\/p>\n<p>\u2014 Pro Wrestling Finesse (@ProWFinesse) <a href=\"https:\/\/twitter.com\/ProWFinesse\/status\/1836874043175112961?ref_src=twsrc%5Etfw\" target=\"_blank\" rel=\"noopener\">September 19, 2024<\/a><\/p><\/blockquote>\n<p><script async src=\"https:\/\/platform.twitter.com\/widgets.js\" charset=\"utf-8\"><\/script><\/p>\n<h2>\u00bfCu\u00e1les ser\u00e1n las consecuencias de Survivor Series en SmackDown?<\/h2>\n<p>Las consecuencias de Survivor Series: WarGames en la marca azul ser\u00e1n incre\u00edbles de ver. Por un lado, Jey Uso y Sami Zayn parecen estar de regreso en SmackDown, con <a href=\"https:\/\/www.sportskeeda.com\/player\/drew-mcintyre\" target=\"_blank\" rel=\"noopener noreferrer\" data-is-sponsored=\"false\">Drew McIntyre<\/a> apuntando a ambos hombres a su regreso para hacer una declaraci\u00f3n.<\/p>\n<p>Esto puede llevar a que haya una peque\u00f1a superposici\u00f3n entre las historias de Sami Zayn y Jey Uso en ambas marcas. Teniendo en cuenta que RAW en Netflix en enero contar\u00e1 con Roman Reigns, es posible que veamos que la historia se superpone de una marca a la otra.<\/p>\n<p>Ser\u00e1 interesante ver si Roman Reigns y Jimmy Uso estar\u00e1n solos contra The New Bloodline, quienes a\u00fan los superan en n\u00famero a pesar de la derrota en WarGames. El papel de CM Punk con The Bloodline fue breve e impactante, pero es una estrella de RAW.<\/p>\n<p><a href=\"https:\/\/www.sportskeeda.com\/player\/cody-rhodes\" target=\"_blank\" rel=\"noopener noreferrer\" data-is-sponsored=\"false\">Cody Rhodes<\/a> vs Kevin Owens ser\u00e1 el punto focal de la marca azul para los episodios del programa del 6 y 13 de diciembre, ya que se espera que la lucha por el Campeonato Indiscutible de la WWE encabece el evento.<\/p>\n<blockquote class=\"twitter-tweet\" style=\"min-height: 500px;\">\n<p dir=\"ltr\" lang=\"en\">THE OG BLOODLINE HAS WON!!! <a href=\"https:\/\/twitter.com\/hashtag\/SurvivorSeries?src=hash&amp;ref_src=twsrc%5Etfw\" target=\"_blank\" rel=\"noopener\">#SurvivorSeries<\/a> <a href=\"https:\/\/twitter.com\/WWE?ref_src=twsrc%5Etfw\" target=\"_blank\" rel=\"noopener\">@WWE<\/a> WOW! <a href=\"https:\/\/twitter.com\/hashtag\/WarGames?src=hash&amp;ref_src=twsrc%5Etfw\" target=\"_blank\" rel=\"noopener\">#WarGames<\/a> <a href=\"https:\/\/t.co\/02IYMuuoqm\">pic.twitter.com\/02IYMuuoqm<\/a><\/p>\n<p>\u2014 WWETommy (@WWEFan_Tommy) <a href=\"https:\/\/twitter.com\/WWEFan_Tommy\/status\/1863048058860118352?ref_src=twsrc%5Etfw\" target=\"_blank\" rel=\"noopener\">December 1, 2024<\/a><\/p><\/blockquote>\n<p><script async src=\"https:\/\/platform.twitter.com\/widgets.js\" charset=\"utf-8\"><\/script><br \/>\nVeremos el resurgimiento de Shinsuke Nakamura como el nuevo Campe\u00f3n de los Estados Unidos mientras contin\u00faa el torneo para coronar a la nueva Campeona Femenina de Estados Unidos.<\/p>\n","protected":false},"excerpt":{"rendered":"<p>La WWE est\u00e1 buscando ampliar el horario de SmackDown, y ya se inform\u00f3 sobre el cambio de tres horas en WrestleVotes Radio. El nuevo informe ha brindado una actualizaci\u00f3n sobre un cambio repentino en el plan de tres horas para la marca azul en 2025.<\/p>\n","protected":false},"author":1,"featured_media":252487,"comment_status":"closed","ping_status":"closed","sticky":false,"template":"","format":"standard","meta":{"footnotes":""},"categories":[5,38],"tags":[],"class_list":{"0":"post-273301","1":"post","2":"type-post","3":"status-publish","4":"format-standard","5":"has-post-thumbnail","7":"category-noticias","8":"category-noticias-y-rumores-de-la-wwe"},"_links":{"self":[{"href":"https:\/\/www.prwrestling.com\/nw\/wp-json\/wp\/v2\/posts\/273301","targetHints":{"allow":["GET"]}}],"collection":[{"href":"https:\/\/www.prwrestling.com\/nw\/wp-json\/wp\/v2\/posts"}],"about":[{"href":"https:\/\/www.prwrestling.com\/nw\/wp-json\/wp\/v2\/types\/post"}],"author":[{"embeddable":true,"href":"https:\/\/www.prwrestling.com\/nw\/wp-json\/wp\/v2\/users\/1"}],"replies":[{"embeddable":true,"href":"https:\/\/www.prwrestling.com\/nw\/wp-json\/wp\/v2\/comments?post=273301"}],"version-history":[{"count":2,"href":"https:\/\/www.prwrestling.com\/nw\/wp-json\/wp\/v2\/posts\/273301\/revisions"}],"predecessor-version":[{"id":273303,"href":"https:\/\/www.prwrestling.com\/nw\/wp-json\/wp\/v2\/posts\/273301\/revisions\/273303"}],"wp:featuredmedia":[{"embeddable":true,"href":"https:\/\/www.prwrestling.com\/nw\/wp-json\/wp\/v2\/media\/252487"}],"wp:attachment":[{"href":"https:\/\/www.prwrestling.com\/nw\/wp-json\/wp\/v2\/media?parent=273301"}],"wp:term":[{"taxonomy":"category","embeddable":true,"href":"https:\/\/www.prwrestling.com\/nw\/wp-json\/wp\/v2\/categories?post=273301"},{"taxonomy":"post_tag","embeddable":true,"href":"https:\/\/www.prwrestling.com\/nw\/wp-json\/wp\/v2\/tags?post=273301"}],"curies":[{"name":"wp","href":"https:\/\/api.w.org\/{rel}","templated":true}]}}