{"id":274058,"date":"2025-01-01T12:07:06","date_gmt":"2025-01-01T17:07:06","guid":{"rendered":"https:\/\/www.prwrestling.com\/nw\/?p=274058"},"modified":"2025-01-01T12:07:06","modified_gmt":"2025-01-01T17:07:06","slug":"mustafa-ali-detalla-un-desafortunado-incidente-familiar-el-mismo-dia-de-su-liberacion-de-la-wwe","status":"publish","type":"post","link":"https:\/\/www.prwrestling.com\/nw\/mustafa-ali-detalla-un-desafortunado-incidente-familiar-el-mismo-dia-de-su-liberacion-de-la-wwe\/","title":{"rendered":"Mustafa Ali detalla un desafortunado incidente familiar el mismo d\u00eda de su liberaci\u00f3n de la WWE"},"content":{"rendered":"<p><span style=\"vertical-align: inherit;\"><span style=\"vertical-align: inherit;\">En septiembre de 2023, la WWE le inform\u00f3 a Mustafa Ali que hab\u00eda sido liberado de su contrato. Durante una entrevista reciente en &#8220;Insight With Chris Van Vliet&#8221;, Ali detall\u00f3 otra faceta de ese fat\u00eddico d\u00eda, una que se centr\u00f3 espec\u00edficamente en su esposa.<\/span><\/span><!--more--><\/p>\n<div id=\"ad-slot\" style=\"min-width: 300px; min-height: 250px;\">\r\n<p style=\"text-align: center;\">\r\n<!-- Site name: prwrestling.com\r\nZone name: prwrestling.com_banner_300x250\r\nZone id: 2109741734\r\nType: banner\r\nFormat: 300x250\r\n --> \r\n\r\n<!-- Copy and paste this code on the page. -->\r\n<div id='zone_2109741734' ><\/div>\r\n<script>\r\n    (function(w,d,o,g,r,a,m){\r\n        var cid='zone_2109741734';\r\n        w[r]=w[r]||function(){(w[r+'l']=w[r+'l']||[]).push(arguments)};\r\n        function e(b,w,r){if((w[r+'h']=b.pop())&&!w.ABN){\r\n            var a=d.createElement(o),p=d.getElementsByTagName(o)[0];a.async=1;\r\n            a.src='https:\/\/cdn.'+w[r+'h']+'\/libs\/e.js';a.onerror=function(){e(g,w,r)};\r\n            p.parentNode.insertBefore(a,p)}}e(g,w,r);\r\n        w[r](cid,{id:2109741734,domain:w[r+'h']});\r\n    })(window,document,'script',['traffmovie.com'],'ABNS');\r\n<\/script>\r\n\r\n<!--\r\nWhen setting the zone code, make sure:\r\n  - you have provided all domains from which the area code will be called\r\n  - the site does not limit the loading in the Content Security Policy\r\n  - the area code is installed in the ad space inside the page\r\n  - site layout allows you to display the banner on mobile devices in full size\r\nUse data-cp1={customParam1} data-cp2={customParam2}... attributes for sending custom params\r\n-->\r\n<\/p><\/div>\n<blockquote><p><span style=\"vertical-align: inherit;\"><span style=\"vertical-align: inherit;\">&#8220;No te estoy tomando el pelo, cinco minutos despu\u00e9s de recibir la llamada sobre la liberaci\u00f3n, suena su tel\u00e9fono&#8221;, recuerda Ali. &#8220;Ella contesta. La gente no sabe que, meses antes de que todo esto sucediera, mi esposa ten\u00eda un dolor de cuello muy fuerte. Cambiamos las almohadas, le dije que fuera a hacerse un masaje y el dolor empeoraba cada vez m\u00e1s hasta el punto de convertirse en un dolor debilitante. Yo pensaba: &#8216;\u00bfQu\u00e9 pasa?&#8217;. <\/span><\/span><\/p>\n<p><span style=\"vertical-align: inherit;\"><span style=\"vertical-align: inherit;\">La llevamos al m\u00e9dico, as\u00ed que su m\u00e9dico llama y dice: &#8216;S\u00ed, tienes el cuello roto y necesitas una cirug\u00eda&#8217;. El d\u00eda que me despidieron, como 10 minutos despu\u00e9s, cinco minutos despu\u00e9s, nos enteramos de que ten\u00eda el cuello roto, mi atenci\u00f3n, toda mi energ\u00eda, mi concentraci\u00f3n se centran en ella&#8221;.<\/span><\/span><\/p><\/blockquote>\n<p><span style=\"vertical-align: inherit;\"><span style=\"vertical-align: inherit;\">Seg\u00fan Ali, recibi\u00f3 la llamada de la WWE mientras hac\u00eda ejercicios cardiovasculares en la planta baja de su casa. Naturalmente, el ex l\u00edder de Retribution subi\u00f3 las escaleras para transmitirle la informaci\u00f3n a su esposa, asegur\u00e1ndole al mismo tiempo que averiguar\u00eda cu\u00e1les ser\u00edan los siguientes pasos. <\/span><\/span><\/p>\n<p><span style=\"vertical-align: inherit;\"><span style=\"vertical-align: inherit;\">Minutos despu\u00e9s, su esposa recibi\u00f3 la llamada telef\u00f3nica antes mencionada de su m\u00e9dico. Afortunadamente, con la ayuda de algunos amigos m\u00e9dicos, la pareja pudo programar la cirug\u00eda que necesitaba poco tiempo despu\u00e9s.\u00a0<\/span><\/span><\/p>\n","protected":false},"excerpt":{"rendered":"<p>En septiembre de 2023, la WWE le inform\u00f3 a Mustafa Ali que hab\u00eda sido liberado de su contrato. Durante una entrevista reciente en &#8220;Insight With Chris Van Vliet&#8221;, Ali detall\u00f3 otra faceta de ese fat\u00eddico d\u00eda, una que se centr\u00f3 espec\u00edficamente en su esposa.<\/p>\n","protected":false},"author":1,"featured_media":274060,"comment_status":"closed","ping_status":"closed","sticky":false,"template":"","format":"standard","meta":{"footnotes":""},"categories":[5,38],"tags":[],"class_list":["post-274058","post","type-post","status-publish","format-standard","has-post-thumbnail","category-noticias","category-noticias-y-rumores-de-la-wwe"],"_links":{"self":[{"href":"https:\/\/www.prwrestling.com\/nw\/wp-json\/wp\/v2\/posts\/274058","targetHints":{"allow":["GET"]}}],"collection":[{"href":"https:\/\/www.prwrestling.com\/nw\/wp-json\/wp\/v2\/posts"}],"about":[{"href":"https:\/\/www.prwrestling.com\/nw\/wp-json\/wp\/v2\/types\/post"}],"author":[{"embeddable":true,"href":"https:\/\/www.prwrestling.com\/nw\/wp-json\/wp\/v2\/users\/1"}],"replies":[{"embeddable":true,"href":"https:\/\/www.prwrestling.com\/nw\/wp-json\/wp\/v2\/comments?post=274058"}],"version-history":[{"count":3,"href":"https:\/\/www.prwrestling.com\/nw\/wp-json\/wp\/v2\/posts\/274058\/revisions"}],"predecessor-version":[{"id":274063,"href":"https:\/\/www.prwrestling.com\/nw\/wp-json\/wp\/v2\/posts\/274058\/revisions\/274063"}],"wp:featuredmedia":[{"embeddable":true,"href":"https:\/\/www.prwrestling.com\/nw\/wp-json\/wp\/v2\/media\/274060"}],"wp:attachment":[{"href":"https:\/\/www.prwrestling.com\/nw\/wp-json\/wp\/v2\/media?parent=274058"}],"wp:term":[{"taxonomy":"category","embeddable":true,"href":"https:\/\/www.prwrestling.com\/nw\/wp-json\/wp\/v2\/categories?post=274058"},{"taxonomy":"post_tag","embeddable":true,"href":"https:\/\/www.prwrestling.com\/nw\/wp-json\/wp\/v2\/tags?post=274058"}],"curies":[{"name":"wp","href":"https:\/\/api.w.org\/{rel}","templated":true}]}}