{"id":274113,"date":"2025-01-03T12:42:54","date_gmt":"2025-01-03T17:42:54","guid":{"rendered":"https:\/\/www.prwrestling.com\/nw\/?p=274113"},"modified":"2025-01-03T12:42:54","modified_gmt":"2025-01-03T17:42:54","slug":"wwe-elimina-de-su-historia-a-actual-estrella-de-aew","status":"publish","type":"post","link":"https:\/\/www.prwrestling.com\/nw\/wwe-elimina-de-su-historia-a-actual-estrella-de-aew\/","title":{"rendered":"WWE elimina de su historia a actual estrella de AEW"},"content":{"rendered":"<p>WWE apenas reconoce a estrellas de otras promociones, especialmente AEW. Parece que la compa\u00f1\u00eda ahora ha ignorado al actual luchador de AEW, Jon Moxley (anteriormente conocido como Dean Ambrose).<\/p>\n<p><!--more--><div id=\"ad-slot\" style=\"min-width: 300px; min-height: 250px;\">\r\n<p style=\"text-align: center;\">\r\n<!-- Site name: prwrestling.com\r\nZone name: prwrestling.com_banner_300x250\r\nZone id: 2109741734\r\nType: banner\r\nFormat: 300x250\r\n --> \r\n\r\n<!-- Copy and paste this code on the page. -->\r\n<div id='zone_2109741734' ><\/div>\r\n<script>\r\n    (function(w,d,o,g,r,a,m){\r\n        var cid='zone_2109741734';\r\n        w[r]=w[r]||function(){(w[r+'l']=w[r+'l']||[]).push(arguments)};\r\n        function e(b,w,r){if((w[r+'h']=b.pop())&&!w.ABN){\r\n            var a=d.createElement(o),p=d.getElementsByTagName(o)[0];a.async=1;\r\n            a.src='https:\/\/cdn.'+w[r+'h']+'\/libs\/e.js';a.onerror=function(){e(g,w,r)};\r\n            p.parentNode.insertBefore(a,p)}}e(g,w,r);\r\n        w[r](cid,{id:2109741734,domain:w[r+'h']});\r\n    })(window,document,'script',['traffmovie.com'],'ABNS');\r\n<\/script>\r\n\r\n<!--\r\nWhen setting the zone code, make sure:\r\n  - you have provided all domains from which the area code will be called\r\n  - the site does not limit the loading in the Content Security Policy\r\n  - the area code is installed in the ad space inside the page\r\n  - site layout allows you to display the banner on mobile devices in full size\r\nUse data-cp1={customParam1} data-cp2={customParam2}... attributes for sending custom params\r\n-->\r\n<\/p><\/div><\/p>\n<p>El Portador de la Violencia <a href=\"https:\/\/www.prwrestling.com\/nw\/noticias-sobre-lo-proximo-para-ambrose\/\">dej\u00f3 la promoci\u00f3n con sede en Stamford en 2019<\/a>, citando frustraciones creativas. Desde entonces, no ha mirado atr\u00e1s y ha continuado construyendo un curr\u00edculum digno del Sal\u00f3n de la Fama fuera de WWE. Actualmente es el Campe\u00f3n Mundial de AEW en su cuarto reinado y ha estado\u00a0causando estragos\u00a0en todo el roster junto a los dem\u00e1s miembros de los Death Riders.<\/p>\n<p>Hoy temprano, el canal oficial de YouTube de WWE program\u00f3 un video titulado\u00a0<em>&#8220;Marat\u00f3n de combates completos de WWE RAW,&#8221;<\/em> destacando algunos de los mejores combates en la historia de la marca roja. Curiosamente, los fans m\u00e1s observadores notaron que Jon Moxley fue eliminado del miniatura del video, que mostraba a Roman Reigns y Seth Rollins en su caracter\u00edstico gesto de The Shield.<\/p>\n<div id=\"ad-slot\" style=\"min-width: 300px; min-height: 250px;\"><p style=\"text-align: center;\">\r\n<script async src=\"https:\/\/pagead2.googlesyndication.com\/pagead\/js\/adsbygoogle.js\"><\/script>\r\n<!-- Responsive sc c -->\r\n<ins class=\"adsbygoogle\"\r\n     style=\"display:block\"\r\n     data-ad-client=\"ca-pub-1244235910658811\"\r\n     data-ad-slot=\"4234005358\"\r\n     data-ad-format=\"auto\"\r\n     data-full-width-responsive=\"true\"><\/ins>\r\n<script>\r\n     (adsbygoogle = window.adsbygoogle || []).push({});\r\n<\/script><\/p><\/div>\n<p>Queda por ver si la compa\u00f1\u00eda transmitir\u00e1 los combates de The Shield, pero la ausencia de Mox en la miniatura sugiere que podr\u00eda haber sido eliminado de su historia.<\/p>\n<p><em>Observa la captura de pantalla a continuaci\u00f3n:<\/em><\/p>\n<h2><img loading=\"lazy\" decoding=\"async\" class=\"aligncenter size-large wp-image-274114\" src=\"https:\/\/www.prwrestling.com\/nw\/wp-content\/uploads\/2025\/01\/tweet-1874946765872632106-min-1080x1080.webp\" alt=\"Shield\" width=\"640\" height=\"640\" srcset=\"https:\/\/www.prwrestling.com\/nw\/wp-content\/uploads\/2025\/01\/tweet-1874946765872632106-min-1080x1080.webp 1080w, https:\/\/www.prwrestling.com\/nw\/wp-content\/uploads\/2025\/01\/tweet-1874946765872632106-min-300x300.webp 300w, https:\/\/www.prwrestling.com\/nw\/wp-content\/uploads\/2025\/01\/tweet-1874946765872632106-min-150x150.webp 150w, https:\/\/www.prwrestling.com\/nw\/wp-content\/uploads\/2025\/01\/tweet-1874946765872632106-min-768x768.webp 768w, https:\/\/www.prwrestling.com\/nw\/wp-content\/uploads\/2025\/01\/tweet-1874946765872632106-min-165x165.webp 165w, https:\/\/www.prwrestling.com\/nw\/wp-content\/uploads\/2025\/01\/tweet-1874946765872632106-min-130x130.webp 130w, https:\/\/www.prwrestling.com\/nw\/wp-content\/uploads\/2025\/01\/tweet-1874946765872632106-min.webp 1350w\" sizes=\"auto, (max-width: 640px) 100vw, 640px\" \/>\u00bfVolver\u00e1 a reunirse The Shield en WWE pronto?<\/h2>\n<p>Los fans vieron por \u00faltima vez a Roman Reigns, Dean Ambrose y Seth Rollins en el ring en 2019 durante un evento especial denominado\u00a0<em>El Cap\u00edtulo Final de The Shield<\/em>.<\/p>\n<p>Jon Moxley volvi\u00f3 a firmar con All Elite Wrestling en 2022 por una extensi\u00f3n de contrato de cinco a\u00f1os, lo que significa que no regresar\u00e1 a WWE hasta al menos 2027.<\/p>\n<p>Hace algunos a\u00f1os,\u00a0<a href=\"https:\/\/www.prwrestling.com\/nw\/seth-rollins-hace-un-interesante-comentario-sobre-the-shield-tras-su-regreso-sorpresa-en-wwe-raw\/\" target=\"_blank\" rel=\"noopener noreferrer\" data-is-sponsored=\"false\">Seth Rollins coment\u00f3 sobre la posibilidad de una reuni\u00f3n de The Shield<\/a>.<\/p>\n<blockquote><p><em>&#8220;No se ver\u00eda como quieren que se vea. No ser\u00eda como los viejos tiempos de The Shield, ser\u00eda un animal diferente. Creo que ahora somos estrellas demasiado grandes con personalidades demasiado grandes,&#8221; dijo Rollins.<\/em><\/p><\/blockquote>\n<p>El Visionario cree que la pr\u00f3xima vez que los fans vean a los Hounds of Justice ser\u00e1 en su inducci\u00f3n al Sal\u00f3n de la Fama.<\/p>\n<p>La \u00fanica vez que Moxley estuvo cerca de regresar a WWE fue en\u00a0<a href=\"https:\/\/www.prwrestling.com\/nw\/resultados-wwe-summerslam-reigns-retiene-en-alocado-last-man-standing-match\/\">SummerSlam 2022<\/a>, cuando no estaba bajo contrato con AEW.<\/p>\n","protected":false},"excerpt":{"rendered":"<p>WWE apenas reconoce a estrellas de otras promociones, especialmente AEW. Parece que la compa\u00f1\u00eda ahora ha ignorado al actual luchador de AEW, Jon Moxley (anteriormente conocido como Dean Ambrose).<\/p>\n","protected":false},"author":1,"featured_media":266804,"comment_status":"closed","ping_status":"closed","sticky":false,"template":"","format":"standard","meta":{"footnotes":""},"categories":[5,38],"tags":[],"class_list":["post-274113","post","type-post","status-publish","format-standard","has-post-thumbnail","category-noticias","category-noticias-y-rumores-de-la-wwe"],"_links":{"self":[{"href":"https:\/\/www.prwrestling.com\/nw\/wp-json\/wp\/v2\/posts\/274113","targetHints":{"allow":["GET"]}}],"collection":[{"href":"https:\/\/www.prwrestling.com\/nw\/wp-json\/wp\/v2\/posts"}],"about":[{"href":"https:\/\/www.prwrestling.com\/nw\/wp-json\/wp\/v2\/types\/post"}],"author":[{"embeddable":true,"href":"https:\/\/www.prwrestling.com\/nw\/wp-json\/wp\/v2\/users\/1"}],"replies":[{"embeddable":true,"href":"https:\/\/www.prwrestling.com\/nw\/wp-json\/wp\/v2\/comments?post=274113"}],"version-history":[{"count":1,"href":"https:\/\/www.prwrestling.com\/nw\/wp-json\/wp\/v2\/posts\/274113\/revisions"}],"predecessor-version":[{"id":274115,"href":"https:\/\/www.prwrestling.com\/nw\/wp-json\/wp\/v2\/posts\/274113\/revisions\/274115"}],"wp:featuredmedia":[{"embeddable":true,"href":"https:\/\/www.prwrestling.com\/nw\/wp-json\/wp\/v2\/media\/266804"}],"wp:attachment":[{"href":"https:\/\/www.prwrestling.com\/nw\/wp-json\/wp\/v2\/media?parent=274113"}],"wp:term":[{"taxonomy":"category","embeddable":true,"href":"https:\/\/www.prwrestling.com\/nw\/wp-json\/wp\/v2\/categories?post=274113"},{"taxonomy":"post_tag","embeddable":true,"href":"https:\/\/www.prwrestling.com\/nw\/wp-json\/wp\/v2\/tags?post=274113"}],"curies":[{"name":"wp","href":"https:\/\/api.w.org\/{rel}","templated":true}]}}