{"id":274269,"date":"2025-01-08T17:43:34","date_gmt":"2025-01-08T22:43:34","guid":{"rendered":"https:\/\/www.prwrestling.com\/nw\/?p=274269"},"modified":"2025-01-08T17:43:34","modified_gmt":"2025-01-08T22:43:34","slug":"jeff-hardy-cree-que-podria-haber-sido-mas-grande-que-john-cena","status":"publish","type":"post","link":"https:\/\/www.prwrestling.com\/nw\/jeff-hardy-cree-que-podria-haber-sido-mas-grande-que-john-cena\/","title":{"rendered":"Jeff Hardy cree que podr\u00eda haber sido \u201cm\u00e1s grande que John Cena\u201d"},"content":{"rendered":"<p><span style=\"vertical-align: inherit;\"><span style=\"vertical-align: inherit;\">Durante una entrevista reciente, Jeff Hardy habl\u00f3 sobre c\u00f3mo su carrera podr\u00eda haber resultado diferente si se hubiera cuidado mejor cuando era m\u00e1s joven.<\/span><\/span><!--more--><\/p>\n<div id=\"ad-slot\" style=\"min-width: 300px; min-height: 250px;\">\r\n<p style=\"text-align: center;\">\r\n<script async src=\"https:\/\/pagead2.googlesyndication.com\/pagead\/js\/adsbygoogle.js\"><\/script>\r\n<!-- 300x250 sc a -->\r\n<ins class=\"adsbygoogle\"\r\n     style=\"display:inline-block;width:300px;height:250px\"\r\n     data-ad-client=\"ca-pub-1244235910658811\"\r\n     data-ad-slot=\"8592682546\"><\/ins>\r\n<script>\r\n     (adsbygoogle = window.adsbygoogle || []).push({});\r\n<\/script><\/center>\r\n<\/p><\/div>\n<p><span style=\"vertical-align: inherit;\"><span style=\"vertical-align: inherit;\">El luchador de 47 a\u00f1os apareci\u00f3 en la televisi\u00f3n de Dallas esta ma\u00f1ana promocionando las grabaciones de <a href=\"https:\/\/www.prwrestling.com\/nw\/tag\/tna\">TNA<\/a> en el Curtis Culwell Center a finales de este mes. Jeff dijo que si hubiera vivido su vida de manera diferente cuando era m\u00e1s joven, podr\u00eda haber sido &#8220;m\u00e1s grande que John Cena&#8221;.<\/span><\/span><\/p>\n<p><span style=\"vertical-align: inherit;\"><span style=\"vertical-align: inherit;\">Jeff Hardy dijo:<\/span><\/span><\/p>\n<blockquote><p><span style=\"vertical-align: inherit;\"><span style=\"vertical-align: inherit;\">\u201cLa forma en que viv\u00eda la vida cuando ten\u00eda 20 y 30 a\u00f1os, y si viviera la vida como la vivo ahora, Dios m\u00edo, no hay forma de saberlo. Probablemente ser\u00eda m\u00e1s grande que John Cena hoy en d\u00eda porque nac\u00ed con un gran don para ser luchador profesional. Me pareci\u00f3 tan natural y como si hubiera sido creado para hacer esto. Y lo bueno de eso es que todav\u00eda estoy aqu\u00ed. Todav\u00eda tengo vida y me siento bien\u201d.<\/span><\/span><\/p><\/blockquote>\n<div id=\"ad-slot\" style=\"min-width: 300px; min-height: 250px;\"><p style=\"text-align: center;\">\r\n<script async src=\"https:\/\/pagead2.googlesyndication.com\/pagead\/js\/adsbygoogle.js\"><\/script>\r\n<!-- Responsive sc c -->\r\n<ins class=\"adsbygoogle\"\r\n     style=\"display:block\"\r\n     data-ad-client=\"ca-pub-1244235910658811\"\r\n     data-ad-slot=\"4234005358\"\r\n     data-ad-format=\"auto\"\r\n     data-full-width-responsive=\"true\"><\/ins>\r\n<script>\r\n     (adsbygoogle = window.adsbygoogle || []).push({});\r\n<\/script><\/p><\/div>\n<p><span style=\"vertical-align: inherit;\"><span style=\"vertical-align: inherit;\">Jeff dice que \u00e9l y su hermano se han estado cuidando mejor f\u00edsicamente \u00faltimamente. Mencion\u00f3 espec\u00edficamente los ba\u00f1os de hielo como algo que le ha resultado beneficioso.<\/span><\/span><\/p>\n<blockquote><p><span style=\"vertical-align: inherit;\"><span style=\"vertical-align: inherit;\">\u201cComo Matt mencion\u00f3, nos ba\u00f1amos mucho con hielo y eso ha sido incre\u00edblemente beneficioso para m\u00ed, tanto mental como f\u00edsicamente. As\u00ed que no le pongo un n\u00famero a eso. Luchar\u00e9 hasta que no pueda luchar m\u00e1s\u201d.<\/span><\/span><\/p><\/blockquote>\n<p><span style=\"vertical-align: inherit;\"><span style=\"vertical-align: inherit;\">Matt y Jeff Hardy son los actuales Campeones Mundiales en Parejas de TNA, habiendo ganado los cinturones en Bound for Glory en octubre. Derrotaron a Brian Myers y Eddie Edwards de The System en un Table Match en Final Resolution el mes pasado y filmaron un combate contra Sami Callihan y PCO en las grabaciones de la noche siguiente que a\u00fan no se ha emitido en TNA Impact. <\/span><\/span><\/p>\n<p><span style=\"vertical-align: inherit;\"><span style=\"vertical-align: inherit;\">Est\u00e1n programados para defender sus t\u00edtulos en TNA Genesis el 19 de enero contra Trey Miguel y Zachary Wentz, The Rascalz.<\/span><\/span><\/p>\n","protected":false},"excerpt":{"rendered":"<p>Durante una entrevista reciente, Jeff Hardy habl\u00f3 sobre c\u00f3mo su carrera podr\u00eda haber resultado diferente si se hubiera cuidado mejor cuando era m\u00e1s joven.<\/p>\n","protected":false},"author":1,"featured_media":274271,"comment_status":"closed","ping_status":"closed","sticky":false,"template":"","format":"standard","meta":{"footnotes":""},"categories":[5,38],"tags":[1725],"class_list":{"0":"post-274269","1":"post","2":"type-post","3":"status-publish","4":"format-standard","5":"has-post-thumbnail","7":"category-noticias","8":"category-noticias-y-rumores-de-la-wwe","9":"tag-jeff-hardy"},"_links":{"self":[{"href":"https:\/\/www.prwrestling.com\/nw\/wp-json\/wp\/v2\/posts\/274269","targetHints":{"allow":["GET"]}}],"collection":[{"href":"https:\/\/www.prwrestling.com\/nw\/wp-json\/wp\/v2\/posts"}],"about":[{"href":"https:\/\/www.prwrestling.com\/nw\/wp-json\/wp\/v2\/types\/post"}],"author":[{"embeddable":true,"href":"https:\/\/www.prwrestling.com\/nw\/wp-json\/wp\/v2\/users\/1"}],"replies":[{"embeddable":true,"href":"https:\/\/www.prwrestling.com\/nw\/wp-json\/wp\/v2\/comments?post=274269"}],"version-history":[{"count":2,"href":"https:\/\/www.prwrestling.com\/nw\/wp-json\/wp\/v2\/posts\/274269\/revisions"}],"predecessor-version":[{"id":274272,"href":"https:\/\/www.prwrestling.com\/nw\/wp-json\/wp\/v2\/posts\/274269\/revisions\/274272"}],"wp:featuredmedia":[{"embeddable":true,"href":"https:\/\/www.prwrestling.com\/nw\/wp-json\/wp\/v2\/media\/274271"}],"wp:attachment":[{"href":"https:\/\/www.prwrestling.com\/nw\/wp-json\/wp\/v2\/media?parent=274269"}],"wp:term":[{"taxonomy":"category","embeddable":true,"href":"https:\/\/www.prwrestling.com\/nw\/wp-json\/wp\/v2\/categories?post=274269"},{"taxonomy":"post_tag","embeddable":true,"href":"https:\/\/www.prwrestling.com\/nw\/wp-json\/wp\/v2\/tags?post=274269"}],"curies":[{"name":"wp","href":"https:\/\/api.w.org\/{rel}","templated":true}]}}