{"id":274417,"date":"2025-01-14T08:36:12","date_gmt":"2025-01-14T13:36:12","guid":{"rendered":"https:\/\/www.prwrestling.com\/nw\/?p=274417"},"modified":"2025-01-14T08:36:12","modified_gmt":"2025-01-14T13:36:12","slug":"undertaker-no-fue-abucheado-en-wwe-raw-como-hulk-hogan-por-una-sencilla-razon-explica-veterano","status":"publish","type":"post","link":"https:\/\/www.prwrestling.com\/nw\/undertaker-no-fue-abucheado-en-wwe-raw-como-hulk-hogan-por-una-sencilla-razon-explica-veterano\/","title":{"rendered":"Undertaker no fue abucheado en WWE RAW como Hulk Hogan por una sencilla raz\u00f3n, explica veterano"},"content":{"rendered":"<p>Hulk Hogan tuvo una reacci\u00f3n bastante inesperada a su reciente aparici\u00f3n en WWE RAW, que fue muy diferente a la c\u00e1lida recepci\u00f3n que recibi\u00f3 The Undertaker. Seg\u00fan el veterano de la lucha libre <a href=\"https:\/\/www.prwrestling.com\/tag\/eric-bischoff\" target=\"_blank\" rel=\"noopener noreferrer\" data-is-sponsored=\"false\">Eric Bischoff<\/a>, sus elecciones pol\u00edticas podr\u00edan ser la raz\u00f3n de esa diferencia.<\/p>\n<p><!--more--><div id=\"ad-slot\" style=\"min-width: 300px; min-height: 250px;\">\r\n<p style=\"text-align: center;\">\r\n<script async src=\"https:\/\/pagead2.googlesyndication.com\/pagead\/js\/adsbygoogle.js\"><\/script>\r\n<!-- 300x250 sc a -->\r\n<ins class=\"adsbygoogle\"\r\n     style=\"display:inline-block;width:300px;height:250px\"\r\n     data-ad-client=\"ca-pub-1244235910658811\"\r\n     data-ad-slot=\"8592682546\"><\/ins>\r\n<script>\r\n     (adsbygoogle = window.adsbygoogle || []).push({});\r\n<\/script><\/center>\r\n<\/p><\/div><\/p>\n<p>Hogan ha sido muy vocal en su apoyo a Donald Trump, lo que lo ha llevado a estar muy involucrado en la pol\u00edtica. Mientras que <a href=\"https:\/\/www.prwrestling.com\/tag\/undertaker\" target=\"_blank\" rel=\"noopener noreferrer\" data-is-sponsored=\"false\">The Undertaker<\/a> tambi\u00e9n ha participado hasta cierto punto, Bischoff cree que ha hecho un buen trabajo manteniendo su carrera de lucha libre separada. Seg\u00fan el miembro del Sal\u00f3n de la Fama, esta fue la raz\u00f3n por la cual las dos leyendas obtuvieron reacciones muy diferentes de los fan\u00e1ticos.<\/p>\n<p>En el programa <em>The Wrestling Time Machine<\/em>\u00a0Bischoff declar\u00f3:<\/p>\n<div id=\"ad-slot\" style=\"min-width: 300px; min-height: 250px;\"><p style=\"text-align: center;\">\r\n<script async src=\"https:\/\/pagead2.googlesyndication.com\/pagead\/js\/adsbygoogle.js\"><\/script>\r\n<!-- Responsive sc c -->\r\n<ins class=\"adsbygoogle\"\r\n     style=\"display:block\"\r\n     data-ad-client=\"ca-pub-1244235910658811\"\r\n     data-ad-slot=\"4234005358\"\r\n     data-ad-format=\"auto\"\r\n     data-full-width-responsive=\"true\"><\/ins>\r\n<script>\r\n     (adsbygoogle = window.adsbygoogle || []).push({});\r\n<\/script><\/p><\/div>\n<blockquote><p>&#8220;Creo que el rechazo que recibi\u00f3 fue mucho mayor porque estuvo al frente y al centro con Trump. Y en respuesta, la gente dir\u00e1: &#8216;S\u00ed, \u00bfqu\u00e9 pasa con Undertaker?&#8217; En primer lugar, Undertaker no sali\u00f3 y dio un discurso. Undertaker entr\u00f3 en una motocicleta, dio una vuelta y se despidi\u00f3. Es un escenario diferente.&#8221; [6:18 en adelante]<\/p><\/blockquote>\n<p><em>Puedes ver el video completo aqu\u00ed.<\/em><\/p>\n<p><iframe loading=\"lazy\" src=\"https:\/\/www.youtube.com\/embed\/0slFGCKZsWw\" width=\"100%\" height=\"470\" frameborder=\"0\" allowfullscreen=\"allowfullscreen\" data-mce-fragment=\"1\"><\/iframe><\/p>\n<h2>Veterano de WWE dej\u00f3 en claro por qu\u00e9 The Undertaker no era lo mismo que Hulk Hogan<\/h2>\n<p>Eric Bischoff dijo que The Undertaker no enfrent\u00f3 el mismo rechazo de los fan\u00e1ticos en Los \u00c1ngeles a pesar de haber entrevistado a Donald Trump.<\/p>\n<p>Agregando a sus comentarios anteriores en <em>The Wrestling Time Machine<\/em>, el veterano de WWE explic\u00f3 que, a diferencia de Hulk Hogan, The Phenom no us\u00f3 su personaje de lucha libre para su trabajo pol\u00edtico.<\/p>\n<blockquote><p>&#8220;S\u00ed, Taker entrevist\u00f3 a Donald Trump. Taker no oculta el hecho de que es conservador, pero Undertaker no estaba all\u00ed con su personaje completo, haciendo campa\u00f1a para Kamala Harris o Donald Trump en este caso.&#8221; [6:39 en adelante]<\/p><\/blockquote>\n<blockquote class=\"instagram-media\" style=\"background: #FFF; border: 0; border-radius: 3px; box-shadow: 0 0 1px 0 rgba(0,0,0,0.5),0 1px 10px 0 rgba(0,0,0,0.15); margin: 1px; max-width: 540px; min-width: 326px; padding: 0; width: calc(100% - 2px);\" data-instgrm-captioned=\"\" data-instgrm-permalink=\"https:\/\/www.instagram.com\/reel\/DEgl4CfJxG7\/?utm_source=ig_embed&amp;utm_campaign=loading\" data-instgrm-version=\"14\">\n<div style=\"padding: 16px;\">\n<p>&nbsp;<\/p>\n<div style=\"display: flex; flex-direction: row; align-items: center;\">\n<div style=\"background-color: #f4f4f4; border-radius: 50%; flex-grow: 0; height: 40px; margin-right: 14px; width: 40px;\"><\/div>\n<div style=\"display: flex; flex-direction: column; flex-grow: 1; justify-content: center;\">\n<div style=\"background-color: #f4f4f4; border-radius: 4px; flex-grow: 0; height: 14px; margin-bottom: 6px; width: 100px;\"><\/div>\n<div style=\"background-color: #f4f4f4; border-radius: 4px; flex-grow: 0; height: 14px; width: 60px;\"><\/div>\n<\/div>\n<\/div>\n<div style=\"padding: 19% 0;\"><\/div>\n<div style=\"display: block; height: 50px; margin: 0 auto 12px; width: 50px;\"><\/div>\n<div style=\"padding-top: 8px;\">\n<div style=\"color: #3897f0; font-family: Arial,sans-serif; font-size: 14px; font-style: normal; font-weight: 550; line-height: 18px;\">View this post on Instagram<\/div>\n<\/div>\n<div style=\"padding: 12.5% 0;\"><\/div>\n<div style=\"display: flex; flex-direction: row; margin-bottom: 14px; align-items: center;\">\n<div>\n<div style=\"background-color: #f4f4f4; border-radius: 50%; height: 12.5px; width: 12.5px; transform: translateX(0px) translateY(7px);\"><\/div>\n<div style=\"background-color: #f4f4f4; height: 12.5px; transform: rotate(-45deg) translateX(3px) translateY(1px); width: 12.5px; flex-grow: 0; margin-right: 14px; margin-left: 2px;\"><\/div>\n<div style=\"background-color: #f4f4f4; border-radius: 50%; height: 12.5px; width: 12.5px; transform: translateX(9px) translateY(-18px);\"><\/div>\n<\/div>\n<div style=\"margin-left: 8px;\">\n<div style=\"background-color: #f4f4f4; border-radius: 50%; flex-grow: 0; height: 20px; width: 20px;\"><\/div>\n<div style=\"width: 0; height: 0; border-top: 2px solid transparent; border-left: 6px solid #f4f4f4; border-bottom: 2px solid transparent; transform: translateX(16px) translateY(-4px) rotate(30deg);\"><\/div>\n<\/div>\n<div style=\"margin-left: auto;\">\n<div style=\"width: 0px; border-top: 8px solid #F4F4F4; border-right: 8px solid transparent; transform: translateY(16px);\"><\/div>\n<div style=\"background-color: #f4f4f4; flex-grow: 0; height: 12px; width: 16px; transform: translateY(-4px);\"><\/div>\n<div style=\"width: 0; height: 0; border-top: 8px solid #F4F4F4; border-left: 8px solid transparent; transform: translateY(-4px) translateX(8px);\"><\/div>\n<\/div>\n<\/div>\n<div style=\"display: flex; flex-direction: column; flex-grow: 1; justify-content: center; margin-bottom: 24px;\">\n<div style=\"background-color: #f4f4f4; border-radius: 4px; flex-grow: 0; height: 14px; margin-bottom: 6px; width: 224px;\"><\/div>\n<div style=\"background-color: #f4f4f4; border-radius: 4px; flex-grow: 0; height: 14px; width: 144px;\"><\/div>\n<\/div>\n<p>&nbsp;<\/p>\n<p style=\"color: #c9c8cd; font-family: Arial,sans-serif; font-size: 14px; line-height: 17px; margin-bottom: 0; margin-top: 8px; overflow: hidden; padding: 8px 0 7px; text-align: center; text-overflow: ellipsis; white-space: nowrap;\"><a style=\"color: #c9c8cd; font-family: Arial,sans-serif; font-size: 14px; font-style: normal; font-weight: normal; line-height: 17px; text-decoration: none;\" href=\"https:\/\/www.instagram.com\/reel\/DEgl4CfJxG7\/?utm_source=ig_embed&amp;utm_campaign=loading\" target=\"_blank\" rel=\"noopener\">A post shared by Undertaker (@undertaker)<\/a><\/p>\n<\/div>\n<\/blockquote>\n<p><script async src=\"\/\/www.instagram.com\/embed.js\"><\/script><br \/>\nQueda por ver si <a href=\"https:\/\/www.prwrestling.com\/tag\/hulk-hogan\" target=\"_blank\" rel=\"noopener noreferrer\" data-is-sponsored=\"false\">Hulk Hogan<\/a> o The Undertaker aparecer\u00e1n nuevamente en WWE pr\u00f3ximamente.<\/p>\n","protected":false},"excerpt":{"rendered":"<p>Hulk Hogan tuvo una reacci\u00f3n bastante inesperada a su reciente aparici\u00f3n en WWE RAW, que fue muy diferente a la c\u00e1lida recepci\u00f3n que recibi\u00f3 The Undertaker. Seg\u00fan el veterano de la lucha libre Eric Bischoff, sus elecciones pol\u00edticas podr\u00edan ser la raz\u00f3n de esa diferencia.<\/p>\n","protected":false},"author":1,"featured_media":274418,"comment_status":"closed","ping_status":"closed","sticky":false,"template":"","format":"standard","meta":{"footnotes":""},"categories":[5,38],"tags":[],"class_list":{"0":"post-274417","1":"post","2":"type-post","3":"status-publish","4":"format-standard","5":"has-post-thumbnail","7":"category-noticias","8":"category-noticias-y-rumores-de-la-wwe"},"_links":{"self":[{"href":"https:\/\/www.prwrestling.com\/nw\/wp-json\/wp\/v2\/posts\/274417","targetHints":{"allow":["GET"]}}],"collection":[{"href":"https:\/\/www.prwrestling.com\/nw\/wp-json\/wp\/v2\/posts"}],"about":[{"href":"https:\/\/www.prwrestling.com\/nw\/wp-json\/wp\/v2\/types\/post"}],"author":[{"embeddable":true,"href":"https:\/\/www.prwrestling.com\/nw\/wp-json\/wp\/v2\/users\/1"}],"replies":[{"embeddable":true,"href":"https:\/\/www.prwrestling.com\/nw\/wp-json\/wp\/v2\/comments?post=274417"}],"version-history":[{"count":1,"href":"https:\/\/www.prwrestling.com\/nw\/wp-json\/wp\/v2\/posts\/274417\/revisions"}],"predecessor-version":[{"id":274419,"href":"https:\/\/www.prwrestling.com\/nw\/wp-json\/wp\/v2\/posts\/274417\/revisions\/274419"}],"wp:featuredmedia":[{"embeddable":true,"href":"https:\/\/www.prwrestling.com\/nw\/wp-json\/wp\/v2\/media\/274418"}],"wp:attachment":[{"href":"https:\/\/www.prwrestling.com\/nw\/wp-json\/wp\/v2\/media?parent=274417"}],"wp:term":[{"taxonomy":"category","embeddable":true,"href":"https:\/\/www.prwrestling.com\/nw\/wp-json\/wp\/v2\/categories?post=274417"},{"taxonomy":"post_tag","embeddable":true,"href":"https:\/\/www.prwrestling.com\/nw\/wp-json\/wp\/v2\/tags?post=274417"}],"curies":[{"name":"wp","href":"https:\/\/api.w.org\/{rel}","templated":true}]}}