{"id":274427,"date":"2025-01-14T16:28:17","date_gmt":"2025-01-14T21:28:17","guid":{"rendered":"https:\/\/www.prwrestling.com\/nw\/?p=274427"},"modified":"2025-01-14T16:28:17","modified_gmt":"2025-01-14T21:28:17","slug":"corey-graves-no-estara-en-nxt-tras-expresar-aparente-descontento-con-la-wwe","status":"publish","type":"post","link":"https:\/\/www.prwrestling.com\/nw\/corey-graves-no-estara-en-nxt-tras-expresar-aparente-descontento-con-la-wwe\/","title":{"rendered":"Corey Graves no estar\u00e1 en NXT tras expresar aparente descontento con la WWE"},"content":{"rendered":"<p><span style=\"vertical-align: inherit;\"><span style=\"vertical-align: inherit;\">Es posible que Corey Graves no aparezca en WWE NXT esta noche despu\u00e9s de todo.<\/span><\/span><!--more--><\/p>\n<div id=\"ad-slot\" style=\"min-width: 300px; min-height: 250px;\">\r\n<p style=\"text-align: center;\">\r\n<script async src=\"https:\/\/pagead2.googlesyndication.com\/pagead\/js\/adsbygoogle.js\"><\/script>\r\n<!-- 300x250 sc a -->\r\n<ins class=\"adsbygoogle\"\r\n     style=\"display:inline-block;width:300px;height:250px\"\r\n     data-ad-client=\"ca-pub-1244235910658811\"\r\n     data-ad-slot=\"8592682546\"><\/ins>\r\n<script>\r\n     (adsbygoogle = window.adsbygoogle || []).push({});\r\n<\/script><\/center>\r\n<\/p><\/div>\n<p><span style=\"vertical-align: inherit;\"><span style=\"vertical-align: inherit;\">A pesar de que Graves dijo que tendr\u00eda mucho que decir en el programa, PWInsider informa que no aparecer\u00e1 esta noche (14 de enero). El informe dice que Graves fue visto en el aeropuerto de Orlando esta tarde prepar\u00e1ndose para salir de la ciudad. NXT se llevar\u00e1 a cabo desde el WWE Performance Center.<\/span><\/span><\/p>\n<p><span style=\"vertical-align: inherit;\"><span style=\"vertical-align: inherit;\">Con el regreso de Pat McAfee a los comentarios de la WWE, los equipos de comentaristas del elenco principal sufrieron una reestructuraci\u00f3n y Graves qued\u00f3 como el hombre fuera. Michael Cole y McAfee son el equipo de Raw y Joe Tessitore y Wade Barrett han sido trasladados a SmackDown. A partir del martes pasado, Graves regres\u00f3 a NXT para una cabina de tres hombres con Vic Joseph y Booker T.<\/span><\/span><\/p>\n<div id=\"ad-slot\" style=\"min-width: 300px; min-height: 250px;\"><p style=\"text-align: center;\">\r\n<script async src=\"https:\/\/pagead2.googlesyndication.com\/pagead\/js\/adsbygoogle.js\"><\/script>\r\n<!-- Responsive sc c -->\r\n<ins class=\"adsbygoogle\"\r\n     style=\"display:block\"\r\n     data-ad-client=\"ca-pub-1244235910658811\"\r\n     data-ad-slot=\"4234005358\"\r\n     data-ad-format=\"auto\"\r\n     data-full-width-responsive=\"true\"><\/ins>\r\n<script>\r\n     (adsbygoogle = window.adsbygoogle || []).push({});\r\n<\/script><\/p><\/div>\n<p><span style=\"vertical-align: inherit;\"><span style=\"vertical-align: inherit;\">Graves public\u00f3 un tuit el lunes por la noche expresando su descontento con la situaci\u00f3n, pero un tuit posterior esta ma\u00f1ana pareci\u00f3 confirmar que la publicaci\u00f3n original era una historia. Graves dijo que tendr\u00eda mucho que decir en NXT esta noche y les pidi\u00f3 a los fan\u00e1ticos que sintonizaran el programa.<\/span><\/span><\/p>\n<p><span style=\"vertical-align: inherit;\"><span style=\"vertical-align: inherit;\">Escribi\u00f3 en el post original:<\/span><\/span><\/p>\n<blockquote><p><span style=\"vertical-align: inherit;\"><span style=\"vertical-align: inherit;\">Imagina que persigues tu sue\u00f1o y que luego te DIGAN (no que decidas) que ya no est\u00e1s f\u00edsicamente en condiciones de perseguirlo. Luego dedicas tu vida a algo &#8220;relacionado con tu sue\u00f1o&#8221; y lo haces de maravilla. <\/span><\/span><\/p>\n<p><span style=\"vertical-align: inherit;\"><span style=\"vertical-align: inherit;\">Y luego, cuando llega el momento de disfrutar de los frutos de tu trabajo, te dicen que no eres lo suficientemente famoso para tu propio trabajo. Por si acaso te has preguntado d\u00f3nde he estado.<\/span><\/span><\/p><\/blockquote>\n<p><span style=\"vertical-align: inherit;\"><span style=\"vertical-align: inherit;\">Graves luego public\u00f3 esta ma\u00f1ana:<\/span><\/span><\/p>\n<blockquote><p><span style=\"vertical-align: inherit;\"><span style=\"vertical-align: inherit;\">Tengo mucho que decir. No te pierdas #WWENXT esta noche en @TheCW TONIGHT.<\/span><\/span><\/p><\/blockquote>\n<p><span style=\"vertical-align: inherit;\"><span style=\"vertical-align: inherit;\">Graves no ha hecho comentarios sobre el tema desde ese tuit. Su hermano Sam Adonis afirm\u00f3 que la situaci\u00f3n \u201cno es un libreto\u201d.<\/span><\/span><\/p>\n","protected":false},"excerpt":{"rendered":"<p>Es posible que Corey Graves no aparezca en WWE NXT esta noche despu\u00e9s de todo.<\/p>\n","protected":false},"author":1,"featured_media":271411,"comment_status":"closed","ping_status":"closed","sticky":false,"template":"","format":"standard","meta":{"footnotes":""},"categories":[5,38],"tags":[],"class_list":{"0":"post-274427","1":"post","2":"type-post","3":"status-publish","4":"format-standard","5":"has-post-thumbnail","7":"category-noticias","8":"category-noticias-y-rumores-de-la-wwe"},"_links":{"self":[{"href":"https:\/\/www.prwrestling.com\/nw\/wp-json\/wp\/v2\/posts\/274427","targetHints":{"allow":["GET"]}}],"collection":[{"href":"https:\/\/www.prwrestling.com\/nw\/wp-json\/wp\/v2\/posts"}],"about":[{"href":"https:\/\/www.prwrestling.com\/nw\/wp-json\/wp\/v2\/types\/post"}],"author":[{"embeddable":true,"href":"https:\/\/www.prwrestling.com\/nw\/wp-json\/wp\/v2\/users\/1"}],"replies":[{"embeddable":true,"href":"https:\/\/www.prwrestling.com\/nw\/wp-json\/wp\/v2\/comments?post=274427"}],"version-history":[{"count":2,"href":"https:\/\/www.prwrestling.com\/nw\/wp-json\/wp\/v2\/posts\/274427\/revisions"}],"predecessor-version":[{"id":274429,"href":"https:\/\/www.prwrestling.com\/nw\/wp-json\/wp\/v2\/posts\/274427\/revisions\/274429"}],"wp:featuredmedia":[{"embeddable":true,"href":"https:\/\/www.prwrestling.com\/nw\/wp-json\/wp\/v2\/media\/271411"}],"wp:attachment":[{"href":"https:\/\/www.prwrestling.com\/nw\/wp-json\/wp\/v2\/media?parent=274427"}],"wp:term":[{"taxonomy":"category","embeddable":true,"href":"https:\/\/www.prwrestling.com\/nw\/wp-json\/wp\/v2\/categories?post=274427"},{"taxonomy":"post_tag","embeddable":true,"href":"https:\/\/www.prwrestling.com\/nw\/wp-json\/wp\/v2\/tags?post=274427"}],"curies":[{"name":"wp","href":"https:\/\/api.w.org\/{rel}","templated":true}]}}