{"id":274568,"date":"2025-01-19T18:08:04","date_gmt":"2025-01-19T23:08:04","guid":{"rendered":"https:\/\/www.prwrestling.com\/nw\/?p=274568"},"modified":"2025-01-19T18:08:04","modified_gmt":"2025-01-19T23:08:04","slug":"mick-foley-comparte-importante-actualizacion-de-salud-motivo-de-la-cancelacion-de-su-combate-de-regreso","status":"publish","type":"post","link":"https:\/\/www.prwrestling.com\/nw\/mick-foley-comparte-importante-actualizacion-de-salud-motivo-de-la-cancelacion-de-su-combate-de-regreso\/","title":{"rendered":"Mick Foley comparte importante actualizaci\u00f3n de salud; motivo de la cancelaci\u00f3n de su combate de regreso"},"content":{"rendered":"<p>Mick Foley comparti\u00f3 una importante actualizaci\u00f3n de salud hoy en las redes sociales. El miembro del Sal\u00f3n de la Fama iba a regresar para un Death Match en su cumplea\u00f1os 60 m\u00e1s adelante este a\u00f1o, pero <a href=\"https:\/\/www.prwrestling.com\/nw\/mick-foley-cancela-planes-de-lucha-de-retiro-luego-de-sufrir-otra-conmocion-cerebral\/\">cancel\u00f3 el combate<\/a> despu\u00e9s de sufrir una conmoci\u00f3n cerebral el a\u00f1o pasado.<\/p>\n<p><!--more--><div id=\"ad-slot\" style=\"min-width: 300px; min-height: 250px;\">\r\n<p style=\"text-align: center;\">\r\n<script async src=\"https:\/\/pagead2.googlesyndication.com\/pagead\/js\/adsbygoogle.js\"><\/script>\r\n<!-- 300x250 sc a -->\r\n<ins class=\"adsbygoogle\"\r\n     style=\"display:inline-block;width:300px;height:250px\"\r\n     data-ad-client=\"ca-pub-1244235910658811\"\r\n     data-ad-slot=\"8592682546\"><\/ins>\r\n<script>\r\n     (adsbygoogle = window.adsbygoogle || []).push({});\r\n<\/script><\/center>\r\n<\/p><\/div><\/p>\n<p>Foley public\u00f3 un inspirador video en Instagram hoy, revelando su incre\u00edble \u00e9xito en su viaje de p\u00e9rdida de peso hasta ahora. El veterano de la WWE ha perdido casi 100 libras desde que pesaba 377 libras el a\u00f1o pasado y parece estar en excelente forma. Puedes ver su video en la publicaci\u00f3n a continuaci\u00f3n.<\/p>\n<blockquote><p>&#8220;ACTUALIZACI\u00d3N DE P\u00c9RDIDA DE PESO. Hace un a\u00f1o, comenc\u00e9 mi viaje de p\u00e9rdida de peso con 377 libras. Era dif\u00edcil caminar&#8230; Hab\u00eda perdido casi toda mi fuerza&#8230; era dif\u00edcil hacer cualquier cosa. Era un infarto esperando suceder, y sab\u00eda que ten\u00eda que hacer un cambio&#8230; Afortunadamente, un a\u00f1o despu\u00e9s, solo tengo buenas noticias para compartir&#8230;,&#8221; escribi\u00f3.<\/p><\/blockquote>\n<div id=\"ad-slot\" style=\"min-width: 300px; min-height: 250px;\"><p style=\"text-align: center;\">\r\n<script async src=\"https:\/\/pagead2.googlesyndication.com\/pagead\/js\/adsbygoogle.js\"><\/script>\r\n<!-- Responsive sc c -->\r\n<ins class=\"adsbygoogle\"\r\n     style=\"display:block\"\r\n     data-ad-client=\"ca-pub-1244235910658811\"\r\n     data-ad-slot=\"4234005358\"\r\n     data-ad-format=\"auto\"\r\n     data-full-width-responsive=\"true\"><\/ins>\r\n<script>\r\n     (adsbygoogle = window.adsbygoogle || []).push({});\r\n<\/script><\/p><\/div>\n<p>Foley no ha competido en un combate desde el Royal Rumble Masculino de 2012, ganado por Sheamus.<\/p>\n<blockquote class=\"instagram-media\" style=\"background: #FFF; border: 0; border-radius: 3px; box-shadow: 0 0 1px 0 rgba(0,0,0,0.5),0 1px 10px 0 rgba(0,0,0,0.15); margin: 1px; max-width: 540px; min-width: 326px; padding: 0; width: calc(100% - 2px);\" data-instgrm-captioned=\"\" data-instgrm-permalink=\"https:\/\/www.instagram.com\/reel\/DFBSTxEpVJX\/?utm_source=ig_embed&amp;utm_campaign=loading\" data-instgrm-version=\"14\">\n<div style=\"padding: 16px;\">\n<p>&nbsp;<\/p>\n<div style=\"display: flex; flex-direction: row; align-items: center;\">\n<div style=\"background-color: #f4f4f4; border-radius: 50%; flex-grow: 0; height: 40px; margin-right: 14px; width: 40px;\"><\/div>\n<div style=\"display: flex; flex-direction: column; flex-grow: 1; justify-content: center;\">\n<div style=\"background-color: #f4f4f4; border-radius: 4px; flex-grow: 0; height: 14px; margin-bottom: 6px; width: 100px;\"><\/div>\n<div style=\"background-color: #f4f4f4; border-radius: 4px; flex-grow: 0; height: 14px; width: 60px;\"><\/div>\n<\/div>\n<\/div>\n<div style=\"padding: 19% 0;\"><\/div>\n<div style=\"display: block; height: 50px; margin: 0 auto 12px; width: 50px;\"><\/div>\n<div style=\"padding-top: 8px;\">\n<div style=\"color: #3897f0; font-family: Arial,sans-serif; font-size: 14px; font-style: normal; font-weight: 550; line-height: 18px;\">View this post on Instagram<\/div>\n<\/div>\n<div style=\"padding: 12.5% 0;\"><\/div>\n<div style=\"display: flex; flex-direction: row; margin-bottom: 14px; align-items: center;\">\n<div>\n<div style=\"background-color: #f4f4f4; border-radius: 50%; height: 12.5px; width: 12.5px; transform: translateX(0px) translateY(7px);\"><\/div>\n<div style=\"background-color: #f4f4f4; height: 12.5px; transform: rotate(-45deg) translateX(3px) translateY(1px); width: 12.5px; flex-grow: 0; margin-right: 14px; margin-left: 2px;\"><\/div>\n<div style=\"background-color: #f4f4f4; border-radius: 50%; height: 12.5px; width: 12.5px; transform: translateX(9px) translateY(-18px);\"><\/div>\n<\/div>\n<div style=\"margin-left: 8px;\">\n<div style=\"background-color: #f4f4f4; border-radius: 50%; flex-grow: 0; height: 20px; width: 20px;\"><\/div>\n<div style=\"width: 0; height: 0; border-top: 2px solid transparent; border-left: 6px solid #f4f4f4; border-bottom: 2px solid transparent; transform: translateX(16px) translateY(-4px) rotate(30deg);\"><\/div>\n<\/div>\n<div style=\"margin-left: auto;\">\n<div style=\"width: 0px; border-top: 8px solid #F4F4F4; border-right: 8px solid transparent; transform: translateY(16px);\"><\/div>\n<div style=\"background-color: #f4f4f4; flex-grow: 0; height: 12px; width: 16px; transform: translateY(-4px);\"><\/div>\n<div style=\"width: 0; height: 0; border-top: 8px solid #F4F4F4; border-left: 8px solid transparent; transform: translateY(-4px) translateX(8px);\"><\/div>\n<\/div>\n<\/div>\n<div style=\"display: flex; flex-direction: column; flex-grow: 1; justify-content: center; margin-bottom: 24px;\">\n<div style=\"background-color: #f4f4f4; border-radius: 4px; flex-grow: 0; height: 14px; margin-bottom: 6px; width: 224px;\"><\/div>\n<div style=\"background-color: #f4f4f4; border-radius: 4px; flex-grow: 0; height: 14px; width: 144px;\"><\/div>\n<\/div>\n<p>&nbsp;<\/p>\n<p style=\"color: #c9c8cd; font-family: Arial,sans-serif; font-size: 14px; line-height: 17px; margin-bottom: 0; margin-top: 8px; overflow: hidden; padding: 8px 0 7px; text-align: center; text-overflow: ellipsis; white-space: nowrap;\"><a style=\"color: #c9c8cd; font-family: Arial,sans-serif; font-size: 14px; font-style: normal; font-weight: normal; line-height: 17px; text-decoration: none;\" href=\"https:\/\/www.instagram.com\/reel\/DFBSTxEpVJX\/?utm_source=ig_embed&amp;utm_campaign=loading\" target=\"_blank\" rel=\"noopener\">A post shared by Mick Foley (@realmickfoley)<\/a><\/p>\n<\/div>\n<\/blockquote>\n<p><script async src=\"\/\/www.instagram.com\/embed.js\"><\/script><\/p>\n<h2>Leyenda de WWE comenta sobre cuando trataron de arruinar la victoria titular de Mick Foley<\/h2>\n<p>El veterano de la lucha libre JBL comparti\u00f3 recientemente sus pensamientos sobre c\u00f3mo WCW arruin\u00f3 la victoria titular de Mick Foley en aquel entonces.<\/p>\n<p>En un episodio de su podcast, JBL comparti\u00f3 sus pensamientos sobre la decisi\u00f3n de Eric Bischoff de que WCW revelara que Foley iba a ganar el t\u00edtulo en un episodio grabado de WWE RAW. JBL coment\u00f3 que probablemente no habr\u00eda salido mal si hubiera sido cualquier otra persona adem\u00e1s de la leyenda hardcore.<\/p>\n<blockquote><p>&#8220;Esto fue parte de la tormenta de nieve, ya sabes, la avalancha en contra de WCW, as\u00ed que cuando est\u00e1n haciendo esto, es como una medida desesperada. Por eso no lo vi tan mal como el Sr. Brisco, en cuanto a revelar las cosas. Pens\u00e9 que era un poco de desesperaci\u00f3n y tal vez lo era, tal vez no. Ciertamente sali\u00f3 mal, lo cual no planearon. Pero si no hubiera sido as\u00ed, si hubiera sido cualquier otra persona que no fuera Mick Foley, probablemente no habr\u00eda salido mal,&#8221; dijo. [Desde el minuto 35:06].<\/p><\/blockquote>\n<div class=\"yt-wrapper\"><iframe loading=\"lazy\" src=\"https:\/\/www.youtube.com\/embed\/eJjbnFZ6yA8\" width=\"100%\" height=\"470\" frameborder=\"0\" allowfullscreen=\"allowfullscreen\" data-mce-fragment=\"1\"><\/iframe><\/div>\n<p>JBL har\u00e1 una aparici\u00f3n en el episodio de RAW de ma\u00f1ana por la noche. Foley podr\u00eda aparecer tambi\u00e9n en AEW, ya que ha expresado inter\u00e9s en que <a href=\"https:\/\/www.prwrestling.com\/nw\/mick-foley-probablemente-habria-elegido-a-mjf-como-oponente-para-su-lucha-final\/\">MJF fuera el oponente para su lucha final<\/a> si alguna vez esta sucede.<\/p>\n","protected":false},"excerpt":{"rendered":"<p>Mick Foley comparti\u00f3 una importante actualizaci\u00f3n de salud hoy en las redes sociales. El miembro del Sal\u00f3n de la Fama iba a regresar para un Death Match en su cumplea\u00f1os 60 m\u00e1s adelante este a\u00f1o, pero cancel\u00f3 el combate despu\u00e9s de sufrir una conmoci\u00f3n cerebral el a\u00f1o pasado.<\/p>\n","protected":false},"author":1,"featured_media":274569,"comment_status":"closed","ping_status":"closed","sticky":false,"template":"","format":"standard","meta":{"footnotes":""},"categories":[5,38],"tags":[],"class_list":{"0":"post-274568","1":"post","2":"type-post","3":"status-publish","4":"format-standard","5":"has-post-thumbnail","7":"category-noticias","8":"category-noticias-y-rumores-de-la-wwe"},"_links":{"self":[{"href":"https:\/\/www.prwrestling.com\/nw\/wp-json\/wp\/v2\/posts\/274568","targetHints":{"allow":["GET"]}}],"collection":[{"href":"https:\/\/www.prwrestling.com\/nw\/wp-json\/wp\/v2\/posts"}],"about":[{"href":"https:\/\/www.prwrestling.com\/nw\/wp-json\/wp\/v2\/types\/post"}],"author":[{"embeddable":true,"href":"https:\/\/www.prwrestling.com\/nw\/wp-json\/wp\/v2\/users\/1"}],"replies":[{"embeddable":true,"href":"https:\/\/www.prwrestling.com\/nw\/wp-json\/wp\/v2\/comments?post=274568"}],"version-history":[{"count":1,"href":"https:\/\/www.prwrestling.com\/nw\/wp-json\/wp\/v2\/posts\/274568\/revisions"}],"predecessor-version":[{"id":274570,"href":"https:\/\/www.prwrestling.com\/nw\/wp-json\/wp\/v2\/posts\/274568\/revisions\/274570"}],"wp:featuredmedia":[{"embeddable":true,"href":"https:\/\/www.prwrestling.com\/nw\/wp-json\/wp\/v2\/media\/274569"}],"wp:attachment":[{"href":"https:\/\/www.prwrestling.com\/nw\/wp-json\/wp\/v2\/media?parent=274568"}],"wp:term":[{"taxonomy":"category","embeddable":true,"href":"https:\/\/www.prwrestling.com\/nw\/wp-json\/wp\/v2\/categories?post=274568"},{"taxonomy":"post_tag","embeddable":true,"href":"https:\/\/www.prwrestling.com\/nw\/wp-json\/wp\/v2\/tags?post=274568"}],"curies":[{"name":"wp","href":"https:\/\/api.w.org\/{rel}","templated":true}]}}