{"id":274657,"date":"2025-01-22T11:31:49","date_gmt":"2025-01-22T16:31:49","guid":{"rendered":"https:\/\/www.prwrestling.com\/nw\/?p=274657"},"modified":"2025-01-22T11:31:49","modified_gmt":"2025-01-22T16:31:49","slug":"se-ha-ido-se-revela-el-futuro-de-uncle-howdy-en-la-wwe","status":"publish","type":"post","link":"https:\/\/www.prwrestling.com\/nw\/se-ha-ido-se-revela-el-futuro-de-uncle-howdy-en-la-wwe\/","title":{"rendered":"&#8220;Se ha ido&#8221;: se revela el futuro de Uncle Howdy en la WWE"},"content":{"rendered":"<p>Uncle Howdy y la repentina ausencia de The Wyatt Sicks en la televisi\u00f3n de WWE se ha convertido en un tema de discusi\u00f3n entre los fan\u00e1ticos. Anoche en RAW, obtuvimos una importante actualizaci\u00f3n sobre su futuro inmediato.<\/p>\n<p><!--more--><div id=\"ad-slot\" style=\"min-width: 300px; min-height: 250px;\">\r\n<p style=\"text-align: center;\">\r\n<script async src=\"https:\/\/pagead2.googlesyndication.com\/pagead\/js\/adsbygoogle.js\"><\/script>\r\n<!-- 300x250 sc a -->\r\n<ins class=\"adsbygoogle\"\r\n     style=\"display:inline-block;width:300px;height:250px\"\r\n     data-ad-client=\"ca-pub-1244235910658811\"\r\n     data-ad-slot=\"8592682546\"><\/ins>\r\n<script>\r\n     (adsbygoogle = window.adsbygoogle || []).push({});\r\n<\/script><\/center>\r\n<\/p><\/div><\/p>\n<p>Recientemente, The Wyatt Sicks estuvieron involucrados en una rivalidad de meses contra el Final Testament. En el episodio del 9 de diciembre del a\u00f1o pasado de RAW, <a href=\"https:\/\/www.prwrestling.com\/nw\/tag\/karrion-kross\">Karrion Kross<\/a>, The Miz y los Authors of Pain lograron una sorpresiva victoria sobre The Wyatt Sicks en un combate de relevos de ocho hombres.<\/p>\n<p>Unas semanas despu\u00e9s, The Miz se enfrent\u00f3 a Dexter Lumis en un combate individual, que termin\u00f3 en descalificaci\u00f3n tras la interferencia del Final Testament. Los miembros de The Wyatt Sicks lograron defenderse de sus rivales esa noche sin la ayuda de T\u00edo Howdy.<\/p>\n<div id=\"ad-slot\" style=\"min-width: 300px; min-height: 250px;\"><p style=\"text-align: center;\">\r\n<script async src=\"https:\/\/pagead2.googlesyndication.com\/pagead\/js\/adsbygoogle.js\"><\/script>\r\n<!-- Responsive sc c -->\r\n<ins class=\"adsbygoogle\"\r\n     style=\"display:block\"\r\n     data-ad-client=\"ca-pub-1244235910658811\"\r\n     data-ad-slot=\"4234005358\"\r\n     data-ad-format=\"auto\"\r\n     data-full-width-responsive=\"true\"><\/ins>\r\n<script>\r\n     (adsbygoogle = window.adsbygoogle || []).push({});\r\n<\/script><\/p><\/div>\n<p>La semana pasada en RAW, Karrion Kross sali\u00f3 de la oficina de Adam Pearce e inform\u00f3 a The Miz que\u00a0The Wyatt Sicks hab\u00edan sido transferidos a SmackDown\u00a0a trav\u00e9s de la ventana de transferencias.<\/p>\n<p>El Doom Walker confirm\u00f3 esto nuevamente cuando Jackie Redmond lo entrevist\u00f3 a \u00e9l y a su esposa Scarlett en medio del Universo WWE anoche en RAW.<\/p>\n<p>Kross dijo que Howdy se hab\u00eda ido de RAW, marcando el final de su rivalidad de manera abrupta.<\/p>\n<blockquote><p>&#8220;Bueno, quiero decir, soy el \u00fanico que ha vencido a T\u00edo Howdy. Derrib\u00e9 todo su impulso. \u00c9l se fue, yo gan\u00e9, ellos perdieron. Tengamos todos un colapso emocional por ello&#8221;, dijo Kross.<\/p><\/blockquote>\n<p>Vale la pena se\u00f1alar que ni Adam Pearce ni Nick Aldis han confirmado el traslado de The Wyatt Sicks a SmackDown.<br \/>\n<iframe loading=\"lazy\" title=\"Karrion Kross refuses to let The Miz walk away: Raw highlights, Dec. 30, 2024\" src=\"https:\/\/www.youtube.com\/embed\/xpcwGcLd2pU\" width=\"100%\" height=\"414\" frameborder=\"0\" allowfullscreen=\"allowfullscreen\"><span data-mce-type=\"bookmark\" style=\"display: inline-block; width: 0px; overflow: hidden; line-height: 0;\" class=\"mce_SELRES_start\">\ufeff<\/span><\/iframe><br \/>\nCon Karrion Kross aparentemente yendo tras Seth Rollins, esto pr\u00e1cticamente confirma que WWE tiene una direcci\u00f3n diferente para T\u00edo Howdy y The Wyatt Sicks, aunque algunos piensan que <a href=\"https:\/\/www.prwrestling.com\/nw\/4-indicios-de-que-triple-h-se-ha-dado-por-vencido-con-uncle-howdy\/\">Triple H ya se ha dado por vencido<\/a> con el.<\/p>\n","protected":false},"excerpt":{"rendered":"<p>Uncle Howdy y la repentina ausencia de The Wyatt Sicks en la televisi\u00f3n de WWE se ha convertido en un tema de discusi\u00f3n entre los fan\u00e1ticos. Anoche en RAW, obtuvimos una importante actualizaci\u00f3n sobre su futuro inmediato.<\/p>\n","protected":false},"author":1,"featured_media":274658,"comment_status":"closed","ping_status":"closed","sticky":false,"template":"","format":"standard","meta":{"footnotes":""},"categories":[5,38],"tags":[6164],"class_list":{"0":"post-274657","1":"post","2":"type-post","3":"status-publish","4":"format-standard","5":"has-post-thumbnail","7":"category-noticias","8":"category-noticias-y-rumores-de-la-wwe","9":"tag-karrion-kross"},"_links":{"self":[{"href":"https:\/\/www.prwrestling.com\/nw\/wp-json\/wp\/v2\/posts\/274657","targetHints":{"allow":["GET"]}}],"collection":[{"href":"https:\/\/www.prwrestling.com\/nw\/wp-json\/wp\/v2\/posts"}],"about":[{"href":"https:\/\/www.prwrestling.com\/nw\/wp-json\/wp\/v2\/types\/post"}],"author":[{"embeddable":true,"href":"https:\/\/www.prwrestling.com\/nw\/wp-json\/wp\/v2\/users\/1"}],"replies":[{"embeddable":true,"href":"https:\/\/www.prwrestling.com\/nw\/wp-json\/wp\/v2\/comments?post=274657"}],"version-history":[{"count":1,"href":"https:\/\/www.prwrestling.com\/nw\/wp-json\/wp\/v2\/posts\/274657\/revisions"}],"predecessor-version":[{"id":274660,"href":"https:\/\/www.prwrestling.com\/nw\/wp-json\/wp\/v2\/posts\/274657\/revisions\/274660"}],"wp:featuredmedia":[{"embeddable":true,"href":"https:\/\/www.prwrestling.com\/nw\/wp-json\/wp\/v2\/media\/274658"}],"wp:attachment":[{"href":"https:\/\/www.prwrestling.com\/nw\/wp-json\/wp\/v2\/media?parent=274657"}],"wp:term":[{"taxonomy":"category","embeddable":true,"href":"https:\/\/www.prwrestling.com\/nw\/wp-json\/wp\/v2\/categories?post=274657"},{"taxonomy":"post_tag","embeddable":true,"href":"https:\/\/www.prwrestling.com\/nw\/wp-json\/wp\/v2\/tags?post=274657"}],"curies":[{"name":"wp","href":"https:\/\/api.w.org\/{rel}","templated":true}]}}