{"id":274837,"date":"2025-01-27T20:34:19","date_gmt":"2025-01-28T01:34:19","guid":{"rendered":"https:\/\/www.prwrestling.com\/nw\/?p=274837"},"modified":"2025-01-27T20:37:19","modified_gmt":"2025-01-28T01:37:19","slug":"desafortunadas-noticias-sobre-una-nueva-lesion-de-dakota-kai-de-la-wwe","status":"publish","type":"post","link":"https:\/\/www.prwrestling.com\/nw\/desafortunadas-noticias-sobre-una-nueva-lesion-de-dakota-kai-de-la-wwe\/","title":{"rendered":"Desafortunadas noticias sobre una nueva lesi\u00f3n de Dakota Kai de la WWE"},"content":{"rendered":"<p><span style=\"vertical-align: inherit;\"><span style=\"vertical-align: inherit;\">Dakota Kai est\u00e1 oficialmente marginada con una lesi\u00f3n y ahora sabemos m\u00e1s detalles sobre lo que est\u00e1 pasando con la estrella de la WWE.<\/span><\/span><!--more--><\/p>\n<div id=\"ad-slot\" style=\"min-width: 300px; min-height: 250px;\">\r\n<p style=\"text-align: center;\">\r\n<script async src=\"https:\/\/pagead2.googlesyndication.com\/pagead\/js\/adsbygoogle.js\"><\/script>\r\n<!-- 300x250 sc a -->\r\n<ins class=\"adsbygoogle\"\r\n     style=\"display:inline-block;width:300px;height:250px\"\r\n     data-ad-client=\"ca-pub-1244235910658811\"\r\n     data-ad-slot=\"8592682546\"><\/ins>\r\n<script>\r\n     (adsbygoogle = window.adsbygoogle || []).push({});\r\n<\/script><\/center>\r\n<\/p><\/div>\n<p><span style=\"vertical-align: inherit;\"><span style=\"vertical-align: inherit;\">PWInsider ha confirmado que Kai sufri\u00f3 una conmoci\u00f3n cerebral durante su reciente lucha en parejas en RAW, donde form\u00f3 equipo con IYO SKY contra Zoey Stark y Shayna Baszler. Se cree que la lesi\u00f3n se produjo despu\u00e9s de un aterrizaje brusco tras una patada voladora, aunque ese detalle no ha sido completamente verificado.<\/span><\/span><\/p>\n<p><span style=\"vertical-align: inherit;\"><span style=\"vertical-align: inherit;\">Kai estuvo notablemente ausente tras bambalinas de RAW esta semana, y con esta nueva actualizaci\u00f3n, su estatus para el Royal Rumble est\u00e1 en serias dudas. El protocolo de conmoci\u00f3n cerebral de la WWE es estricto y no ser\u00e1 dada de alta hasta que pase todas las evaluaciones necesarias. Eso significa que no se sabe cu\u00e1ndo volver\u00e1 a la acci\u00f3n.<\/span><\/span><\/p>\n<div id=\"ad-slot\" style=\"min-width: 300px; min-height: 250px;\"><p style=\"text-align: center;\">\r\n<script async src=\"https:\/\/pagead2.googlesyndication.com\/pagead\/js\/adsbygoogle.js\"><\/script>\r\n<!-- Responsive sc c -->\r\n<ins class=\"adsbygoogle\"\r\n     style=\"display:block\"\r\n     data-ad-client=\"ca-pub-1244235910658811\"\r\n     data-ad-slot=\"4234005358\"\r\n     data-ad-format=\"auto\"\r\n     data-full-width-responsive=\"true\"><\/ins>\r\n<script>\r\n     (adsbygoogle = window.adsbygoogle || []).push({});\r\n<\/script><\/p><\/div>\n<p><span style=\"vertical-align: inherit;\"><span style=\"vertical-align: inherit;\">Este es un golpe importante, especialmente considerando la presencia esperada de Damage CTRL en el combate Royal Rumble. Ahora que Kai se ve obligado a alejarse, esto podr\u00eda alterar cualquier plan que la WWE tuviera en marcha.<\/span><\/span><br \/>\n<iframe loading=\"lazy\" title=\"Dakota Kai lesionada tras impacto de patada en WWE Raw\" src=\"https:\/\/www.youtube.com\/embed\/6UsF8RWsXKs\" width=\"100%\" height=\"414\" frameborder=\"0\" allowfullscreen=\"allowfullscreen\"><span data-mce-type=\"bookmark\" style=\"display: inline-block; width: 0px; overflow: hidden; line-height: 0;\" class=\"mce_SELRES_start\">\ufeff<\/span><\/iframe><br \/>\n<span style=\"vertical-align: inherit;\"><span style=\"vertical-align: inherit;\">En este momento, el futuro de Dakota Kai en el ring est\u00e1 en pausa y la WWE no quiere correr ning\u00fan riesgo. Con un diagn\u00f3stico de conmoci\u00f3n cerebral que la mantiene al margen, sus esperanzas de participar en el <a href=\"https:\/\/www.prwrestling.com\/nw\/tag\/wwe-royal-rumble\">Royal Rumble<\/a> se est\u00e1n desvaneciendo r\u00e1pidamente. El camino hacia la recuperaci\u00f3n es impredecible y el estricto protocolo de la WWE significa que estar\u00e1 fuera hasta que reciba el alta m\u00e9dica. Para los fan\u00e1ticos que esperan verla en el ring este fin de semana, parece m\u00e1s bien un juego de espera.<\/span><\/span><\/p>\n","protected":false},"excerpt":{"rendered":"<p>Dakota Kai est\u00e1 oficialmente marginada con una lesi\u00f3n y ahora sabemos m\u00e1s detalles sobre lo que est\u00e1 pasando con la estrella de la WWE.<\/p>\n","protected":false},"author":3,"featured_media":274839,"comment_status":"closed","ping_status":"closed","sticky":false,"template":"","format":"standard","meta":{"footnotes":""},"categories":[5,38],"tags":[7533],"class_list":{"0":"post-274837","1":"post","2":"type-post","3":"status-publish","4":"format-standard","5":"has-post-thumbnail","7":"category-noticias","8":"category-noticias-y-rumores-de-la-wwe","9":"tag-dakota-kai"},"_links":{"self":[{"href":"https:\/\/www.prwrestling.com\/nw\/wp-json\/wp\/v2\/posts\/274837","targetHints":{"allow":["GET"]}}],"collection":[{"href":"https:\/\/www.prwrestling.com\/nw\/wp-json\/wp\/v2\/posts"}],"about":[{"href":"https:\/\/www.prwrestling.com\/nw\/wp-json\/wp\/v2\/types\/post"}],"author":[{"embeddable":true,"href":"https:\/\/www.prwrestling.com\/nw\/wp-json\/wp\/v2\/users\/3"}],"replies":[{"embeddable":true,"href":"https:\/\/www.prwrestling.com\/nw\/wp-json\/wp\/v2\/comments?post=274837"}],"version-history":[{"count":4,"href":"https:\/\/www.prwrestling.com\/nw\/wp-json\/wp\/v2\/posts\/274837\/revisions"}],"predecessor-version":[{"id":274841,"href":"https:\/\/www.prwrestling.com\/nw\/wp-json\/wp\/v2\/posts\/274837\/revisions\/274841"}],"wp:featuredmedia":[{"embeddable":true,"href":"https:\/\/www.prwrestling.com\/nw\/wp-json\/wp\/v2\/media\/274839"}],"wp:attachment":[{"href":"https:\/\/www.prwrestling.com\/nw\/wp-json\/wp\/v2\/media?parent=274837"}],"wp:term":[{"taxonomy":"category","embeddable":true,"href":"https:\/\/www.prwrestling.com\/nw\/wp-json\/wp\/v2\/categories?post=274837"},{"taxonomy":"post_tag","embeddable":true,"href":"https:\/\/www.prwrestling.com\/nw\/wp-json\/wp\/v2\/tags?post=274837"}],"curies":[{"name":"wp","href":"https:\/\/api.w.org\/{rel}","templated":true}]}}