{"id":275223,"date":"2025-02-03T22:45:59","date_gmt":"2025-02-04T03:45:59","guid":{"rendered":"https:\/\/www.prwrestling.com\/nw\/?p=275223"},"modified":"2025-02-03T22:45:59","modified_gmt":"2025-02-04T03:45:59","slug":"superestrella-de-34-anos-fue-despedida-repentinamente-por-la-wwe-despues-de-3-5-anos","status":"publish","type":"post","link":"https:\/\/www.prwrestling.com\/nw\/superestrella-de-34-anos-fue-despedida-repentinamente-por-la-wwe-despues-de-3-5-anos\/","title":{"rendered":"Superestrella de 34 a\u00f1os fue despedida repentinamente por la WWE despu\u00e9s de 3.5 a\u00f1os"},"content":{"rendered":"<p data-idx=\"0\" data-imp-id=\"article_paragraph_0\"><span style=\"vertical-align: inherit;\"><span style=\"vertical-align: inherit;\">Seg\u00fan se informa, la WWE ha despedido a una superestrella de 34 a\u00f1os despu\u00e9s de m\u00e1s de tres a\u00f1os en la empresa. La naturaleza repentina de la decisi\u00f3n ha dejado a la gente en estado de shock, ya que el despido parece haber surgido de la nada.<\/span><\/span><\/p>\n<p data-idx=\"0\" data-imp-id=\"article_paragraph_0\"><!--more--><\/p>\n<p data-idx=\"0\" data-imp-id=\"article_paragraph_0\"><div id=\"ad-slot\" style=\"min-width: 300px; min-height: 250px;\">\r\n<p style=\"text-align: center;\">\r\n<!-- Site name: prwrestling.com\r\nZone name: prwrestling.com_banner_300x250\r\nZone id: 2109741734\r\nType: banner\r\nFormat: 300x250\r\n --> \r\n\r\n<!-- Copy and paste this code on the page. -->\r\n<div id='zone_2109741734' ><\/div>\r\n<script>\r\n    (function(w,d,o,g,r,a,m){\r\n        var cid='zone_2109741734';\r\n        w[r]=w[r]||function(){(w[r+'l']=w[r+'l']||[]).push(arguments)};\r\n        function e(b,w,r){if((w[r+'h']=b.pop())&&!w.ABN){\r\n            var a=d.createElement(o),p=d.getElementsByTagName(o)[0];a.async=1;\r\n            a.src='https:\/\/cdn.'+w[r+'h']+'\/libs\/e.js';a.onerror=function(){e(g,w,r)};\r\n            p.parentNode.insertBefore(a,p)}}e(g,w,r);\r\n        w[r](cid,{id:2109741734,domain:w[r+'h']});\r\n    })(window,document,'script',['traffmovie.com'],'ABNS');\r\n<\/script>\r\n\r\n<!--\r\nWhen setting the zone code, make sure:\r\n  - you have provided all domains from which the area code will be called\r\n  - the site does not limit the loading in the Content Security Policy\r\n  - the area code is installed in the ad space inside the page\r\n  - site layout allows you to display the banner on mobile devices in full size\r\nUse data-cp1={customParam1} data-cp2={customParam2}... attributes for sending custom params\r\n-->\r\n<\/p><\/div><\/p>\n<p data-idx=\"1\" data-imp-id=\"article_paragraph_1\"><span style=\"vertical-align: inherit;\"><span style=\"vertical-align: inherit;\">WWE ha despedido a Duke Hudson despu\u00e9s de tres a\u00f1os y medio en la empresa, seg\u00fan\u00a0 <\/span><\/span><em><span style=\"vertical-align: inherit;\"><span style=\"vertical-align: inherit;\">Fightful Select<\/span><\/span><\/em><span style=\"vertical-align: inherit;\"><span style=\"vertical-align: inherit;\"> . El motivo sigue siendo desconocido. El despido no es del roster principal, sino del territorio de desarrollo\u00a0 <\/span><\/span><a href=\"https:\/\/www.prwrestling.com\/nw\/tag\/nxt\" target=\"_blank\" rel=\"noopener noreferrer\" data-is-sponsored=\"false\"><span style=\"vertical-align: inherit;\"><span style=\"vertical-align: inherit;\">NXT<\/span><\/span><\/a><span style=\"vertical-align: inherit;\"><span style=\"vertical-align: inherit;\"> , que est\u00e1 encabezado por Shawn Michaels. No se sabe si el miembro del Sal\u00f3n de la Fama ha tenido algo que ver con ello.<\/span><\/span><\/p>\n<p data-idx=\"2\" data-imp-id=\"article_paragraph_2\"><span style=\"vertical-align: inherit;\"><span style=\"vertical-align: inherit;\">Seg\u00fan Fightful, esto habr\u00eda sucedido en alg\u00fan momento de enero. Tambi\u00e9n fue eliminado del roster interno a mediados de enero, lo que significa que su liberaci\u00f3n se ha mantenido en secreto durante un tiempo.<\/span><\/span><\/p>\n<p data-idx=\"2\" data-imp-id=\"article_paragraph_2\"><div id=\"ad-slot\" style=\"min-width: 300px; min-height: 250px;\"><p style=\"text-align: center;\">\r\n<script async src=\"https:\/\/pagead2.googlesyndication.com\/pagead\/js\/adsbygoogle.js\"><\/script>\r\n<!-- Responsive sc c -->\r\n<ins class=\"adsbygoogle\"\r\n     style=\"display:block\"\r\n     data-ad-client=\"ca-pub-1244235910658811\"\r\n     data-ad-slot=\"4234005358\"\r\n     data-ad-format=\"auto\"\r\n     data-full-width-responsive=\"true\"><\/ins>\r\n<script>\r\n     (adsbygoogle = window.adsbygoogle || []).push({});\r\n<\/script><\/p><\/div><\/p>\n<p data-idx=\"3\" data-imp-id=\"article_paragraph_3\"><span style=\"vertical-align: inherit;\"><span style=\"vertical-align: inherit;\">Hudson era parte de la aclamada facci\u00f3n Chase University, que se disolvi\u00f3 tr\u00e1gicamente a fines de 2024 por cortes\u00eda de\u00a0 <\/span><\/span><span style=\"vertical-align: inherit;\"><span style=\"vertical-align: inherit;\">Ridge Holland<\/span><\/span><span style=\"vertical-align: inherit;\"><span style=\"vertical-align: inherit;\"> .<\/span><\/span><\/p>\n<p><iframe loading=\"lazy\" title=\"FULL MATCH: Oba Femi vs. Duke Hudson \u2013 NXT North American Title: NXT highlights, July 16, 2024\" src=\"https:\/\/www.youtube.com\/embed\/D8fnAD8ZevQ\" width=\"100%\" height=\"414\" frameborder=\"0\" allowfullscreen=\"allowfullscreen\"><span data-mce-type=\"bookmark\" style=\"display: inline-block; width: 0px; overflow: hidden; line-height: 0;\" class=\"mce_SELRES_start\">\ufeff<\/span><\/iframe><\/p>\n<p><span style=\"vertical-align: inherit;\"> Chase U un grupo clave en NXT, y Hudson ten\u00eda mucho tiempo en pantalla. Sin embargo, no hab\u00eda luchado durante bastante tiempo, ya que su \u00faltimo house show fue en noviembre.<\/span><\/p>\n","protected":false},"excerpt":{"rendered":"<p>Seg\u00fan se informa, la WWE ha despedido a una superestrella de 34 a\u00f1os despu\u00e9s de m\u00e1s de tres a\u00f1os en la empresa. La naturaleza repentina de la decisi\u00f3n ha dejado a la gente en estado de shock, ya que el despido parece haber surgido de la nada.<\/p>\n","protected":false},"author":1,"featured_media":275225,"comment_status":"closed","ping_status":"closed","sticky":false,"template":"","format":"standard","meta":{"footnotes":""},"categories":[5,38],"tags":[],"class_list":["post-275223","post","type-post","status-publish","format-standard","has-post-thumbnail","category-noticias","category-noticias-y-rumores-de-la-wwe"],"_links":{"self":[{"href":"https:\/\/www.prwrestling.com\/nw\/wp-json\/wp\/v2\/posts\/275223","targetHints":{"allow":["GET"]}}],"collection":[{"href":"https:\/\/www.prwrestling.com\/nw\/wp-json\/wp\/v2\/posts"}],"about":[{"href":"https:\/\/www.prwrestling.com\/nw\/wp-json\/wp\/v2\/types\/post"}],"author":[{"embeddable":true,"href":"https:\/\/www.prwrestling.com\/nw\/wp-json\/wp\/v2\/users\/1"}],"replies":[{"embeddable":true,"href":"https:\/\/www.prwrestling.com\/nw\/wp-json\/wp\/v2\/comments?post=275223"}],"version-history":[{"count":2,"href":"https:\/\/www.prwrestling.com\/nw\/wp-json\/wp\/v2\/posts\/275223\/revisions"}],"predecessor-version":[{"id":275226,"href":"https:\/\/www.prwrestling.com\/nw\/wp-json\/wp\/v2\/posts\/275223\/revisions\/275226"}],"wp:featuredmedia":[{"embeddable":true,"href":"https:\/\/www.prwrestling.com\/nw\/wp-json\/wp\/v2\/media\/275225"}],"wp:attachment":[{"href":"https:\/\/www.prwrestling.com\/nw\/wp-json\/wp\/v2\/media?parent=275223"}],"wp:term":[{"taxonomy":"category","embeddable":true,"href":"https:\/\/www.prwrestling.com\/nw\/wp-json\/wp\/v2\/categories?post=275223"},{"taxonomy":"post_tag","embeddable":true,"href":"https:\/\/www.prwrestling.com\/nw\/wp-json\/wp\/v2\/tags?post=275223"}],"curies":[{"name":"wp","href":"https:\/\/api.w.org\/{rel}","templated":true}]}}