{"id":275394,"date":"2025-02-06T20:13:00","date_gmt":"2025-02-07T01:13:00","guid":{"rendered":"https:\/\/www.prwrestling.com\/nw\/?p=275394"},"modified":"2025-02-06T20:13:00","modified_gmt":"2025-02-07T01:13:00","slug":"matt-hardy-rompe-el-silencio-despues-de-que-the-hardy-boyz-se-reunieran-con-la-wwe-por-primera-vez-en-mas-de-tres-anos","status":"publish","type":"post","link":"https:\/\/www.prwrestling.com\/nw\/matt-hardy-rompe-el-silencio-despues-de-que-the-hardy-boyz-se-reunieran-con-la-wwe-por-primera-vez-en-mas-de-tres-anos\/","title":{"rendered":"Matt Hardy rompe el silencio despu\u00e9s de que The Hardy Boyz se reunieran con la WWE por primera vez en m\u00e1s de tres a\u00f1os"},"content":{"rendered":"<p>Los Hardy Boyz son aclamados como uno de los equipos de etiqueta m\u00e1s condecorados en la historia de la lucha libre profesional, o WWE, para el caso. Matt Hardy recientemente rompi\u00f3 el silencio despu\u00e9s de que \u00e9l y su hermano, Jeff Hardy, <a href=\"https:\/\/www.prwrestling.com\/nw\/wwe-y-the-hardy-boyz-se-reunen-despues-de-cinco-anos\/\">se reunieran con la promoci\u00f3n<\/a> con sede en Stamford despu\u00e9s de 2021.<br \/>\n<!--more--><br \/>\n<div id=\"ad-slot\" style=\"min-width: 300px; min-height: 250px;\">\r\n<p style=\"text-align: center;\">\r\n<script async src=\"https:\/\/pagead2.googlesyndication.com\/pagead\/js\/adsbygoogle.js\"><\/script>\r\n<!-- 300x250 sc a -->\r\n<ins class=\"adsbygoogle\"\r\n     style=\"display:inline-block;width:300px;height:250px\"\r\n     data-ad-client=\"ca-pub-1244235910658811\"\r\n     data-ad-slot=\"8592682546\"><\/ins>\r\n<script>\r\n     (adsbygoogle = window.adsbygoogle || []).push({});\r\n<\/script><\/center>\r\n<\/p><\/div><\/p>\n<p>Los Hardy Boyz han continuado su legado desde que se separaron del gigante del entretenimiento deportivo. El contrato de Matt expir\u00f3 en 2020, y Jeff fue despedido en diciembre de 2021. El d\u00fao tuvo una breve carrera con AEW antes de regresar a TNA el a\u00f1o pasado. Matt y Jeff a\u00f1adieron otro logro a sus carreras dignas del Sal\u00f3n de la Fama al capturar el Campeonato Mundial de Equipos de TNA por tercera vez.<\/p>\n<p>Varias estrellas de TNA han aparecido en World Wrestling Entertainment y viceversa como parte de una nueva asociaci\u00f3n entre las dos compa\u00f1\u00edas. Los Hardy Boyz regresaron esta semana cuando WWE lanz\u00f3 un Retrospectivo en su canal de YouTube, presentando a Matt y Jeff Hardy. Esto marca su primera aparici\u00f3n en la capacidad del gigante del entretenimiento deportivo en m\u00e1s de tres a\u00f1os.<br \/>\n<div id=\"ad-slot\" style=\"min-width: 300px; min-height: 250px;\"><p style=\"text-align: center;\">\r\n<script async src=\"https:\/\/pagead2.googlesyndication.com\/pagead\/js\/adsbygoogle.js\"><\/script>\r\n<!-- Responsive sc c -->\r\n<ins class=\"adsbygoogle\"\r\n     style=\"display:block\"\r\n     data-ad-client=\"ca-pub-1244235910658811\"\r\n     data-ad-slot=\"4234005358\"\r\n     data-ad-format=\"auto\"\r\n     data-full-width-responsive=\"true\"><\/ins>\r\n<script>\r\n     (adsbygoogle = window.adsbygoogle || []).push({});\r\n<\/script><\/p><\/div><\/p>\n<p>Hoy m\u00e1s temprano, Matt Hardy utiliz\u00f3 su cuenta oficial de X\/Twitter para expresar su gratitud a WWE en nombre de los Hardy Boyz. Tambi\u00e9n dijo que estar\u00edan abiertos a colaborar nuevamente para filmar m\u00e1s contenido para plataformas digitales.<\/p>\n<blockquote><p>&#8220;Gracias por tener a Jeff y a m\u00ed para sentarnos y grabar algo de contenido digital de @WWE. Ambos amamos c\u00f3mo result\u00f3 la pieza Retrospectiva de los Hardys. Esperamos hacer m\u00e1s en el futuro!&#8221; escribi\u00f3 Matt.<\/p><\/blockquote>\n<p><iframe loading=\"lazy\" title=\"The Hardy Boyz relive their greatest moments: WWE Retrospective\" src=\"https:\/\/www.youtube.com\/embed\/4vYUU0GqiOM\" width=\"100%\" height=\"414\" frameborder=\"0\" allowfullscreen=\"allowfullscreen\"><span data-mce-type=\"bookmark\" style=\"display: inline-block; width: 0px; overflow: hidden; line-height: 0;\" class=\"mce_SELRES_start\">\ufeff<\/span><\/iframe><\/p>\n<h2>\u00bfVolver\u00e1n los Hardy Boyz a WWE pronto?<\/h2>\n<p>En el podcast <em>Busted Open<\/em>, Matt Hardy dijo que ve a los Hardy Boyz regresando a su antiguo campo de acci\u00f3n para una \u00faltima carrera antes de tomar su lugar merecido en el Sal\u00f3n de la Fama.<\/p>\n<blockquote><p>&#8220;Me gustar\u00eda hacer TNA y tener una corrida fenomenal all\u00ed, y luego casi siento que ahora, el destino se ha revelado de muchas maneras; casi siento que Jeff y yo terminamos regresando a WWE, hacemos algo peque\u00f1o y luego entramos al Sal\u00f3n de la Fama. Ese es el mejor escenario&#8221;, dijo.<\/p><\/blockquote>\n<p>Interesantemente, <a href=\"https:\/\/www.prwrestling.com\/nw\/tag\/jeff-hardy\">Jeff Hardy<\/a> ha coqueteado con la idea de renovar su infame rivalidad con CM Punk y potencialmente retirar al Santo de la Segunda Ciudad.<br \/>\n<iframe loading=\"lazy\" title=\"Matt &amp; Jeff Hardy make a shocking return to WWE: WrestleMania 33 (WWE Network Exclusive)\" src=\"https:\/\/www.youtube.com\/embed\/BVeC9wXZLUc\" width=\"100%\" height=\"414\" frameborder=\"0\" allowfullscreen=\"allowfullscreen\"><\/iframe><br \/>\nMatt y Jeff Hardy recientemente firmaron nuevamente con TNA Wrestling por otro a\u00f1o, lo que los mantendr\u00e1 con la promoci\u00f3n hasta noviembre de 2025. \u00bfRegresar\u00e1 el d\u00fao a la promoci\u00f3n con sede en Stamford el pr\u00f3ximo a\u00f1o? Solo el tiempo lo dir\u00e1.<\/p>\n","protected":false},"excerpt":{"rendered":"<p>Los Hardy Boyz son aclamados como uno de los equipos de etiqueta m\u00e1s condecorados en la historia de la lucha libre profesional, o WWE, para el caso. Matt Hardy recientemente rompi\u00f3 el silencio despu\u00e9s de que \u00e9l y su hermano, Jeff Hardy, se reunieran con la promoci\u00f3n con sede en Stamford despu\u00e9s de 2021.<\/p>\n","protected":false},"author":1,"featured_media":275395,"comment_status":"closed","ping_status":"closed","sticky":false,"template":"","format":"standard","meta":{"footnotes":""},"categories":[5,38],"tags":[],"class_list":{"0":"post-275394","1":"post","2":"type-post","3":"status-publish","4":"format-standard","5":"has-post-thumbnail","7":"category-noticias","8":"category-noticias-y-rumores-de-la-wwe"},"_links":{"self":[{"href":"https:\/\/www.prwrestling.com\/nw\/wp-json\/wp\/v2\/posts\/275394","targetHints":{"allow":["GET"]}}],"collection":[{"href":"https:\/\/www.prwrestling.com\/nw\/wp-json\/wp\/v2\/posts"}],"about":[{"href":"https:\/\/www.prwrestling.com\/nw\/wp-json\/wp\/v2\/types\/post"}],"author":[{"embeddable":true,"href":"https:\/\/www.prwrestling.com\/nw\/wp-json\/wp\/v2\/users\/1"}],"replies":[{"embeddable":true,"href":"https:\/\/www.prwrestling.com\/nw\/wp-json\/wp\/v2\/comments?post=275394"}],"version-history":[{"count":1,"href":"https:\/\/www.prwrestling.com\/nw\/wp-json\/wp\/v2\/posts\/275394\/revisions"}],"predecessor-version":[{"id":275396,"href":"https:\/\/www.prwrestling.com\/nw\/wp-json\/wp\/v2\/posts\/275394\/revisions\/275396"}],"wp:featuredmedia":[{"embeddable":true,"href":"https:\/\/www.prwrestling.com\/nw\/wp-json\/wp\/v2\/media\/275395"}],"wp:attachment":[{"href":"https:\/\/www.prwrestling.com\/nw\/wp-json\/wp\/v2\/media?parent=275394"}],"wp:term":[{"taxonomy":"category","embeddable":true,"href":"https:\/\/www.prwrestling.com\/nw\/wp-json\/wp\/v2\/categories?post=275394"},{"taxonomy":"post_tag","embeddable":true,"href":"https:\/\/www.prwrestling.com\/nw\/wp-json\/wp\/v2\/tags?post=275394"}],"curies":[{"name":"wp","href":"https:\/\/api.w.org\/{rel}","templated":true}]}}