{"id":275741,"date":"2025-02-14T19:00:38","date_gmt":"2025-02-15T00:00:38","guid":{"rendered":"https:\/\/www.prwrestling.com\/nw\/?p=275741"},"modified":"2025-02-14T19:00:38","modified_gmt":"2025-02-15T00:00:38","slug":"actual-campeon-de-la-wwe-quiere-a-jacob-fatu-en-wrestlemania","status":"publish","type":"post","link":"https:\/\/www.prwrestling.com\/nw\/actual-campeon-de-la-wwe-quiere-a-jacob-fatu-en-wrestlemania\/","title":{"rendered":"Actual campe\u00f3n de la WWE quiere a Jacob Fatu en WrestleMania"},"content":{"rendered":"<p>&#8216;El Hombre Lobo Samoano&#8217; Jacob Fatu luchar\u00e1 contra Braun Strowman y Damian Priest en un gran combate de Triple Amenaza en Smackdown. El ganador se unir\u00e1 a John Cena, CM Punk, Drew McIntyre y Logan Paul en el combate de la C\u00e1mara de Eliminaci\u00f3n el 1 de marzo en el Rogers Centre en Toronto, Ontario, Canad\u00e1.<\/p>\n<p><!--more--><div id=\"ad-slot\" style=\"min-width: 300px; min-height: 250px;\">\r\n<p style=\"text-align: center;\">\r\n<script async src=\"https:\/\/pagead2.googlesyndication.com\/pagead\/js\/adsbygoogle.js\"><\/script>\r\n<!-- 300x250 sc a -->\r\n<ins class=\"adsbygoogle\"\r\n     style=\"display:inline-block;width:300px;height:250px\"\r\n     data-ad-client=\"ca-pub-1244235910658811\"\r\n     data-ad-slot=\"8592682546\"><\/ins>\r\n<script>\r\n     (adsbygoogle = window.adsbygoogle || []).push({});\r\n<\/script><\/center>\r\n<\/p><\/div><\/p>\n<p>Mientras los fan\u00e1ticos a\u00fan est\u00e1n divididos sobre la posible participaci\u00f3n del joven de 32 a\u00f1os en el pr\u00f3ximo combate de la C\u00e1mara, el Campe\u00f3n Intercontinental <a href=\"https:\/\/www.prwrestling.com\/nw\/tag\/bron-breakker\">Bron Breakker<\/a> tiene un mensaje para \u00e9l.<\/p>\n<p>En una entrevista con <em>MuscleManMalcolm,<\/em> Bron Breakker fue preguntado sobre su enfrentamiento con El Hombre Lobo Samoano en RAW en octubre de 2024, que enloqueci\u00f3 a los fan\u00e1ticos. El Perro afirm\u00f3 que si ambos se enfrentaran en el futuro, el escenario deber\u00eda ser WrestleMania:<\/p>\n<div id=\"ad-slot\" style=\"min-width: 300px; min-height: 250px;\"><p style=\"text-align: center;\">\r\n<script async src=\"https:\/\/pagead2.googlesyndication.com\/pagead\/js\/adsbygoogle.js\"><\/script>\r\n<!-- Responsive sc c -->\r\n<ins class=\"adsbygoogle\"\r\n     style=\"display:block\"\r\n     data-ad-client=\"ca-pub-1244235910658811\"\r\n     data-ad-slot=\"4234005358\"\r\n     data-ad-format=\"auto\"\r\n     data-full-width-responsive=\"true\"><\/ins>\r\n<script>\r\n     (adsbygoogle = window.adsbygoogle || []).push({});\r\n<\/script><\/p><\/div>\n<blockquote><p>&#8220;Creo que Jacob Fatu y yo \u2014 ese es un combate para WrestleMania,&#8221; dijo Bron Breakker. &#8220;Creo que todos estar\u00e1n de acuerdo con eso. Espero que alg\u00fan d\u00eda podamos hacerlo,&#8221; a\u00f1adi\u00f3. [De 1:04 a 1:14]<\/p><\/blockquote>\n<p><iframe loading=\"lazy\" src=\"https:\/\/www.youtube.com\/embed\/MT89MoY0-HI\" width=\"100%\" height=\"470\" frameborder=\"0\" allowfullscreen=\"allowfullscreen\" data-mce-fragment=\"1\"><\/iframe><\/p>\n<p>Al igual que el prodigio de la familia Anoa&#8217;i, Bron Breakker es citado por muchos como el futuro de WWE. <a href=\"https:\/\/www.prwrestling.com\/nw\/tag\/cm-punk\">CM Punk<\/a> cree que el Campe\u00f3n Intercontinental llegar\u00e1 all\u00ed si no se descarrila en el camino y si el joven mantiene el esfuerzo y puede manejar la presi\u00f3n que conlleva.<\/p>\n<p>Jacob Fatu actualmente act\u00faa en SmackDown, mientras que Bron Breakker es miembro del roster de RAW. Tal vez su interacci\u00f3n el a\u00f1o pasado fue la forma en que la compa\u00f1\u00eda prob\u00f3 las aguas para un posible enfrentamiento de alto perfil en el futuro.<\/p>\n<h2>\u00bfEs Jacob Fatu vs. Solo Sikoa la direcci\u00f3n que WWE est\u00e1 tomando esta temporada de WrestleMania?<\/h2>\n<p>Mientras tanto, El Hombre Lobo Samoano ha estado ganando impulso como competidor individual desde que Solo Sikoa lo abandon\u00f3 a \u00e9l y a Tama Tonga en enero. En un giro inesperado de eventos, El Campe\u00f3n de la Calle regres\u00f3 la semana pasada, dejando una marca en el show.<\/p>\n<blockquote class=\"instagram-media\" style=\"background: #FFF; border: 0; border-radius: 3px; box-shadow: 0 0 1px 0 rgba(0,0,0,0.5),0 1px 10px 0 rgba(0,0,0,0.15); margin: 1px; max-width: 540px; min-width: 326px; padding: 0; width: calc(100% - 2px);\" data-instgrm-captioned=\"\" data-instgrm-permalink=\"https:\/\/www.instagram.com\/reel\/DBrtn9RSDOb\/?utm_source=ig_embed&amp;utm_campaign=loading\" data-instgrm-version=\"14\">\n<div style=\"padding: 16px;\">\n<p>&nbsp;<\/p>\n<div style=\"display: flex; flex-direction: row; align-items: center;\">\n<div style=\"background-color: #f4f4f4; border-radius: 50%; flex-grow: 0; height: 40px; margin-right: 14px; width: 40px;\"><\/div>\n<div style=\"display: flex; flex-direction: column; flex-grow: 1; justify-content: center;\">\n<div style=\"background-color: #f4f4f4; border-radius: 4px; flex-grow: 0; height: 14px; margin-bottom: 6px; width: 100px;\"><\/div>\n<div style=\"background-color: #f4f4f4; border-radius: 4px; flex-grow: 0; height: 14px; width: 60px;\"><\/div>\n<\/div>\n<\/div>\n<div style=\"padding: 19% 0;\"><\/div>\n<div style=\"display: block; height: 50px; margin: 0 auto 12px; width: 50px;\"><\/div>\n<div style=\"padding-top: 8px;\">\n<div style=\"color: #3897f0; font-family: Arial,sans-serif; font-size: 14px; font-style: normal; font-weight: 550; line-height: 18px;\">View this post on Instagram<\/div>\n<\/div>\n<div style=\"padding: 12.5% 0;\"><\/div>\n<div style=\"display: flex; flex-direction: row; margin-bottom: 14px; align-items: center;\">\n<div>\n<div style=\"background-color: #f4f4f4; border-radius: 50%; height: 12.5px; width: 12.5px; transform: translateX(0px) translateY(7px);\"><\/div>\n<div style=\"background-color: #f4f4f4; height: 12.5px; transform: rotate(-45deg) translateX(3px) translateY(1px); width: 12.5px; flex-grow: 0; margin-right: 14px; margin-left: 2px;\"><\/div>\n<div style=\"background-color: #f4f4f4; border-radius: 50%; height: 12.5px; width: 12.5px; transform: translateX(9px) translateY(-18px);\"><\/div>\n<\/div>\n<div style=\"margin-left: 8px;\">\n<div style=\"background-color: #f4f4f4; border-radius: 50%; flex-grow: 0; height: 20px; width: 20px;\"><\/div>\n<div style=\"width: 0; height: 0; border-top: 2px solid transparent; border-left: 6px solid #f4f4f4; border-bottom: 2px solid transparent; transform: translateX(16px) translateY(-4px) rotate(30deg);\"><\/div>\n<\/div>\n<div style=\"margin-left: auto;\">\n<div style=\"width: 0px; border-top: 8px solid #F4F4F4; border-right: 8px solid transparent; transform: translateY(16px);\"><\/div>\n<div style=\"background-color: #f4f4f4; flex-grow: 0; height: 12px; width: 16px; transform: translateY(-4px);\"><\/div>\n<div style=\"width: 0; height: 0; border-top: 8px solid #F4F4F4; border-left: 8px solid transparent; transform: translateY(-4px) translateX(8px);\"><\/div>\n<\/div>\n<\/div>\n<div style=\"display: flex; flex-direction: column; flex-grow: 1; justify-content: center; margin-bottom: 24px;\">\n<div style=\"background-color: #f4f4f4; border-radius: 4px; flex-grow: 0; height: 14px; margin-bottom: 6px; width: 224px;\"><\/div>\n<div style=\"background-color: #f4f4f4; border-radius: 4px; flex-grow: 0; height: 14px; width: 144px;\"><\/div>\n<\/div>\n<p>&nbsp;<\/p>\n<p style=\"color: #c9c8cd; font-family: Arial,sans-serif; font-size: 14px; line-height: 17px; margin-bottom: 0; margin-top: 8px; overflow: hidden; padding: 8px 0 7px; text-align: center; text-overflow: ellipsis; white-space: nowrap;\"><a style=\"color: #c9c8cd; font-family: Arial,sans-serif; font-size: 14px; font-style: normal; font-weight: normal; line-height: 17px; text-decoration: none;\" href=\"https:\/\/www.instagram.com\/reel\/DBrtn9RSDOb\/?utm_source=ig_embed&amp;utm_campaign=loading\" target=\"_blank\" rel=\"noopener\">A post shared by USA Network (@usanetwork)<\/a><\/p>\n<\/div>\n<\/blockquote>\n<p><script async src=\"\/\/www.instagram.com\/embed.js\"><\/script><br \/>\nSolo Sikoa atac\u00f3 al Campe\u00f3n Indiscutido de WWE Cody Rhodes, generando un debate sobre si el equipo creativo podr\u00eda estar revisitando su rivalidad del a\u00f1o pasado. Pero el analista Sam Roberts cree que el regreso de Sikoa conducir\u00e1 a un enfrentamiento en <a href=\"https:\/\/www.prwrestling.com\/nw\/tag\/wwe-wrestlemania\">WrestleMania 41<\/a> con su primo, Jacob Fatu.<\/p>\n","protected":false},"excerpt":{"rendered":"<p>&#8216;El Hombre Lobo Samoano&#8217; Jacob Fatu luchar\u00e1 contra Braun Strowman y Damian Priest en un gran combate de Triple Amenaza en Smackdown. El ganador se unir\u00e1 a John Cena, CM Punk, Drew McIntyre y Logan Paul en el combate de la C\u00e1mara de Eliminaci\u00f3n el 1 de marzo en el Rogers Centre en Toronto, Ontario,<\/p>\n","protected":false},"author":1,"featured_media":275743,"comment_status":"closed","ping_status":"closed","sticky":false,"template":"","format":"standard","meta":{"footnotes":""},"categories":[5,38],"tags":[],"class_list":{"0":"post-275741","1":"post","2":"type-post","3":"status-publish","4":"format-standard","5":"has-post-thumbnail","7":"category-noticias","8":"category-noticias-y-rumores-de-la-wwe"},"_links":{"self":[{"href":"https:\/\/www.prwrestling.com\/nw\/wp-json\/wp\/v2\/posts\/275741","targetHints":{"allow":["GET"]}}],"collection":[{"href":"https:\/\/www.prwrestling.com\/nw\/wp-json\/wp\/v2\/posts"}],"about":[{"href":"https:\/\/www.prwrestling.com\/nw\/wp-json\/wp\/v2\/types\/post"}],"author":[{"embeddable":true,"href":"https:\/\/www.prwrestling.com\/nw\/wp-json\/wp\/v2\/users\/1"}],"replies":[{"embeddable":true,"href":"https:\/\/www.prwrestling.com\/nw\/wp-json\/wp\/v2\/comments?post=275741"}],"version-history":[{"count":1,"href":"https:\/\/www.prwrestling.com\/nw\/wp-json\/wp\/v2\/posts\/275741\/revisions"}],"predecessor-version":[{"id":275744,"href":"https:\/\/www.prwrestling.com\/nw\/wp-json\/wp\/v2\/posts\/275741\/revisions\/275744"}],"wp:featuredmedia":[{"embeddable":true,"href":"https:\/\/www.prwrestling.com\/nw\/wp-json\/wp\/v2\/media\/275743"}],"wp:attachment":[{"href":"https:\/\/www.prwrestling.com\/nw\/wp-json\/wp\/v2\/media?parent=275741"}],"wp:term":[{"taxonomy":"category","embeddable":true,"href":"https:\/\/www.prwrestling.com\/nw\/wp-json\/wp\/v2\/categories?post=275741"},{"taxonomy":"post_tag","embeddable":true,"href":"https:\/\/www.prwrestling.com\/nw\/wp-json\/wp\/v2\/tags?post=275741"}],"curies":[{"name":"wp","href":"https:\/\/api.w.org\/{rel}","templated":true}]}}