{"id":276464,"date":"2025-03-03T18:09:33","date_gmt":"2025-03-03T23:09:33","guid":{"rendered":"https:\/\/www.prwrestling.com\/nw\/?p=276464"},"modified":"2025-03-03T18:09:33","modified_gmt":"2025-03-03T23:09:33","slug":"personalidad-de-la-wwe-hace-interesante-afirmacion-sobre-el-estatus-de-roman-reigns-en-wrestlemania-41","status":"publish","type":"post","link":"https:\/\/www.prwrestling.com\/nw\/personalidad-de-la-wwe-hace-interesante-afirmacion-sobre-el-estatus-de-roman-reigns-en-wrestlemania-41\/","title":{"rendered":"Personalidad de la WWE hace interesante afirmaci\u00f3n sobre el estatus de Roman Reigns en WrestleMania 41"},"content":{"rendered":"<p>Roman Reigns ha desaparecido una vez m\u00e1s por completo de la televisi\u00f3n de WWE. Considerando que es la temporada de WrestleMania, esto ha sorprendido a muchos.<\/p>\n<p><!--more--><div id=\"ad-slot\" style=\"min-width: 300px; min-height: 250px;\">\r\n<p style=\"text-align: center;\">\r\n<!-- Site name: prwrestling.com\r\nZone name: prwrestling.com_banner_300x250\r\nZone id: 2109741734\r\nType: banner\r\nFormat: 300x250\r\n --> \r\n\r\n<!-- Copy and paste this code on the page. -->\r\n<div id='zone_2109741734' ><\/div>\r\n<script>\r\n    (function(w,d,o,g,r,a,m){\r\n        var cid='zone_2109741734';\r\n        w[r]=w[r]||function(){(w[r+'l']=w[r+'l']||[]).push(arguments)};\r\n        function e(b,w,r){if((w[r+'h']=b.pop())&&!w.ABN){\r\n            var a=d.createElement(o),p=d.getElementsByTagName(o)[0];a.async=1;\r\n            a.src='https:\/\/cdn.'+w[r+'h']+'\/libs\/e.js';a.onerror=function(){e(g,w,r)};\r\n            p.parentNode.insertBefore(a,p)}}e(g,w,r);\r\n        w[r](cid,{id:2109741734,domain:w[r+'h']});\r\n    })(window,document,'script',['traffmovie.com'],'ABNS');\r\n<\/script>\r\n\r\n<!--\r\nWhen setting the zone code, make sure:\r\n  - you have provided all domains from which the area code will be called\r\n  - the site does not limit the loading in the Content Security Policy\r\n  - the area code is installed in the ad space inside the page\r\n  - site layout allows you to display the banner on mobile devices in full size\r\nUse data-cp1={customParam1} data-cp2={customParam2}... attributes for sending custom params\r\n-->\r\n<\/p><\/div><\/p>\n<p>El analista de WWE Sam Roberts se\u00f1al\u00f3 que incluso si El Jefe Tribal regresara a tiempo para un combate en El Escenario M\u00e1s Grandioso de Todos, este a\u00f1o podr\u00eda marcar la primera edici\u00f3n de WrestleMania en la que no sea el evento principal, despu\u00e9s de haberlo hecho en las \u00faltimas cinco ediciones.<\/p>\n<p>Desde 2021, el evento principal de WrestleMania ha girado en torno a <a href=\"https:\/\/www.prwrestling.com\/nw\/tag\/roman-reigns\" target=\"_blank\" rel=\"noopener noreferrer\" data-is-sponsored=\"false\">Roman Reigns<\/a>. El a\u00f1o pasado, encabez\u00f3 ambas noches. En <em>Notsam Wrestling<\/em>, Sam Roberts se pregunt\u00f3 si el ex Campe\u00f3n Universal Indiscutible de WWE se a\u00f1adir\u00eda al combate por el t\u00edtulo entre John Cena y Cody Rhodes. Sin embargo, afirm\u00f3 que, por ahora, no hay espacio para El Jefe Tribal all\u00ed:<\/p>\n<div id=\"ad-slot\" style=\"min-width: 300px; min-height: 250px;\"><p style=\"text-align: center;\">\r\n<script async src=\"https:\/\/pagead2.googlesyndication.com\/pagead\/js\/adsbygoogle.js\"><\/script>\r\n<!-- Responsive sc c -->\r\n<ins class=\"adsbygoogle\"\r\n     style=\"display:block\"\r\n     data-ad-client=\"ca-pub-1244235910658811\"\r\n     data-ad-slot=\"4234005358\"\r\n     data-ad-format=\"auto\"\r\n     data-full-width-responsive=\"true\"><\/ins>\r\n<script>\r\n     (adsbygoogle = window.adsbygoogle || []).push({});\r\n<\/script><\/p><\/div>\n<blockquote><p>&#8220;Este es el primer a\u00f1o desde WrestleMania 37 [2021] en que no es una conclusi\u00f3n inevitable que Roman Reigns est\u00e9 en el evento estelar de WrestleMania,&#8221; dijo Sam Roberts. &#8220;\u00bfSe involucrar\u00e1 en lo de Cody [Rhodes] y John Cena? \u00bfEncontrar\u00e1 Roman de alguna manera un lugar en eso, y tal vez Seth Rollins y CM Punk queden solos? [&#8230;] No veo espacio por ahora para un Roman Reigns ah\u00ed.&#8221; [Desde 48:44 en adelante]<\/p><\/blockquote>\n<p><em>Mira sus comentarios en el video a continuaci\u00f3n:<\/em><\/p>\n<div class=\"yt-wrapper\"><iframe loading=\"lazy\" src=\"https:\/\/www.youtube.com\/embed\/ZBpe0dsWtKk\" width=\"100%\" height=\"470\" frameborder=\"0\" allowfullscreen=\"allowfullscreen\" data-mce-fragment=\"1\"><\/iframe><\/div>\n<p>El \u00e1ngulo m\u00e1s grande rumbo a WrestleMania Vegas es el giro villanesco de John Cena. Cena se volvi\u00f3 heel por primera vez desde 2003 en el PLE de <a href=\"https:\/\/www.prwrestling.com\/nw\/resultados-wwe-elimination-chamber-2025-john-cena-traiciona-a-cody-rhodes-y-se-une-a-the-rock\/\" target=\"_blank\" rel=\"noopener noreferrer\" data-is-sponsored=\"false\">Elimination Chamber<\/a> el s\u00e1bado pasado.<\/p>\n<h2>\u00bfD\u00f3nde deja a Roman Reigns el hecho de que el 16 veces Campe\u00f3n Mundial de WWE se una a The Rock?<\/h2>\n<p>A principios del a\u00f1o nuevo, muchos cre\u00edan que el estreno de WWE RAW en Netflix marcar\u00eda el inicio del programa entre The Rock y Roman Reigns. Sin embargo, el Jefe Final coron\u00f3 a Reigns como el Jefe Tribal indiscutible, y eso fue todo.<\/p>\n<div class=\"yt-wrapper\"><iframe loading=\"lazy\" src=\"https:\/\/www.youtube.com\/embed\/yzLeYUBMpcA\" width=\"100%\" height=\"470\" frameborder=\"0\" allowfullscreen=\"allowfullscreen\" data-mce-fragment=\"1\"><\/iframe><\/div>\n<p>Corte al 1 de marzo en el Rogers Centre en Toronto, Ontario, Canad\u00e1. John Cena atac\u00f3 brutalmente a Cody Rhodes tras recibir la se\u00f1al del Jefe Final. \u00bfD\u00f3nde deja esto al Cabeza de la Mesa, quien siempre tuvo un problema con su primo tomando el protagonismo?<\/p>\n<p>Sam Roberts cree que The Rock a\u00fan podr\u00eda enfrentarse al <a href=\"https:\/\/www.prwrestling.com\/nw\/tag\/roman-reigns\">Jefe Tribal<\/a> en WrestleMania Vegas. Al momento de escribir esto, el estatus de Reigns para el evento sigue siendo ambiguo. Fue visto por \u00faltima vez en el Royal Rumble el 1 de febrero.<\/p>\n<p>Sin embargo, Reigns revel\u00f3 recientemente a trav\u00e9s de las redes sociales que est\u00e1 programado para algunas fechas en el camino a El Show de los Shows a finales de este mes. Incluso dej\u00f3 un mensaje escalofriante.<\/p>\n","protected":false},"excerpt":{"rendered":"<p>Roman Reigns ha desaparecido una vez m\u00e1s por completo de la televisi\u00f3n de WWE. Considerando que es la temporada de WrestleMania, esto ha sorprendido a muchos.<\/p>\n","protected":false},"author":1,"featured_media":270988,"comment_status":"closed","ping_status":"closed","sticky":false,"template":"","format":"standard","meta":{"footnotes":""},"categories":[5,38],"tags":[],"class_list":["post-276464","post","type-post","status-publish","format-standard","has-post-thumbnail","category-noticias","category-noticias-y-rumores-de-la-wwe"],"_links":{"self":[{"href":"https:\/\/www.prwrestling.com\/nw\/wp-json\/wp\/v2\/posts\/276464","targetHints":{"allow":["GET"]}}],"collection":[{"href":"https:\/\/www.prwrestling.com\/nw\/wp-json\/wp\/v2\/posts"}],"about":[{"href":"https:\/\/www.prwrestling.com\/nw\/wp-json\/wp\/v2\/types\/post"}],"author":[{"embeddable":true,"href":"https:\/\/www.prwrestling.com\/nw\/wp-json\/wp\/v2\/users\/1"}],"replies":[{"embeddable":true,"href":"https:\/\/www.prwrestling.com\/nw\/wp-json\/wp\/v2\/comments?post=276464"}],"version-history":[{"count":1,"href":"https:\/\/www.prwrestling.com\/nw\/wp-json\/wp\/v2\/posts\/276464\/revisions"}],"predecessor-version":[{"id":276465,"href":"https:\/\/www.prwrestling.com\/nw\/wp-json\/wp\/v2\/posts\/276464\/revisions\/276465"}],"wp:featuredmedia":[{"embeddable":true,"href":"https:\/\/www.prwrestling.com\/nw\/wp-json\/wp\/v2\/media\/270988"}],"wp:attachment":[{"href":"https:\/\/www.prwrestling.com\/nw\/wp-json\/wp\/v2\/media?parent=276464"}],"wp:term":[{"taxonomy":"category","embeddable":true,"href":"https:\/\/www.prwrestling.com\/nw\/wp-json\/wp\/v2\/categories?post=276464"},{"taxonomy":"post_tag","embeddable":true,"href":"https:\/\/www.prwrestling.com\/nw\/wp-json\/wp\/v2\/tags?post=276464"}],"curies":[{"name":"wp","href":"https:\/\/api.w.org\/{rel}","templated":true}]}}