{"id":276648,"date":"2025-03-07T20:24:32","date_gmt":"2025-03-08T01:24:32","guid":{"rendered":"https:\/\/www.prwrestling.com\/nw\/?p=276648"},"modified":"2025-03-08T11:16:39","modified_gmt":"2025-03-08T16:16:39","slug":"john-cena-estrenara-nueva-apariencia-y-cambiara-de-nombre-luego-de-convertirse-en-heel-en-escenario-sugerido-por-veterano","status":"publish","type":"post","link":"https:\/\/www.prwrestling.com\/nw\/john-cena-estrenara-nueva-apariencia-y-cambiara-de-nombre-luego-de-convertirse-en-heel-en-escenario-sugerido-por-veterano\/","title":{"rendered":"John Cena estrenar\u00e1 nueva apariencia y cambiar\u00e1 de nombre luego de convertirse en heel en escenario sugerido por veterano"},"content":{"rendered":"<p>John Cena ha dado un sorprendente giro a heel despu\u00e9s de casi dos d\u00e9cadas. El exsuperestrella de WWE, Mario Mancini, sugiri\u00f3 recientemente un escenario en el que el L\u00edder de la Cenation debutar\u00eda con un nuevo look y cambiar\u00eda de nombre.<\/p>\n<p><!--more--><div id=\"ad-slot\" style=\"min-width: 300px; min-height: 250px;\">\r\n<p style=\"text-align: center;\">\r\n<!-- Site name: prwrestling.com\r\nZone name: prwrestling.com_banner_300x250\r\nZone id: 2109741734\r\nType: banner\r\nFormat: 300x250\r\n --> \r\n\r\n<!-- Copy and paste this code on the page. -->\r\n<div id='zone_2109741734' ><\/div>\r\n<script>\r\n    (function(w,d,o,g,r,a,m){\r\n        var cid='zone_2109741734';\r\n        w[r]=w[r]||function(){(w[r+'l']=w[r+'l']||[]).push(arguments)};\r\n        function e(b,w,r){if((w[r+'h']=b.pop())&&!w.ABN){\r\n            var a=d.createElement(o),p=d.getElementsByTagName(o)[0];a.async=1;\r\n            a.src='https:\/\/cdn.'+w[r+'h']+'\/libs\/e.js';a.onerror=function(){e(g,w,r)};\r\n            p.parentNode.insertBefore(a,p)}}e(g,w,r);\r\n        w[r](cid,{id:2109741734,domain:w[r+'h']});\r\n    })(window,document,'script',['traffmovie.com'],'ABNS');\r\n<\/script>\r\n\r\n<!--\r\nWhen setting the zone code, make sure:\r\n  - you have provided all domains from which the area code will be called\r\n  - the site does not limit the loading in the Content Security Policy\r\n  - the area code is installed in the ad space inside the page\r\n  - site layout allows you to display the banner on mobile devices in full size\r\nUse data-cp1={customParam1} data-cp2={customParam2}... attributes for sending custom params\r\n-->\r\n<\/p><\/div><\/p>\n<p>La leyenda de 47 a\u00f1os est\u00e1 programada para retirarse de la competencia en el ring a finales de este a\u00f1o. Regres\u00f3 en el episodio debut de RAW en Netflix para iniciar su Gira de Despedida en enero. Tras expresar su deseo de ganar su 17\u00ba t\u00edtulo mundial, Cena gan\u00f3 el Elimination Chamber masculino para obtener una oportunidad por el Campeonato Indiscutido de <a href=\"https:\/\/www.prwrestling.com\/nw\/tag\/cody-rhodes\" target=\"_blank\" rel=\"noopener noreferrer\" data-is-sponsored=\"false\">Cody Rhodes<\/a> en WWE en WrestleMania 41. Esa misma noche, el L\u00edder de la Cenation atac\u00f3 a The American Nightmare y se aline\u00f3 con The Rock.<\/p>\n<p>En el podcast <em>Power &amp; Glory<\/em>, Mancini abord\u00f3 c\u00f3mo la compa\u00f1\u00eda deber\u00eda reinventar a John Cena tras su giro a heel. Afirm\u00f3 que el nombre del L\u00edder de la Cenation debe modificarse, y tambi\u00e9n dijo que le gustar\u00eda ver al 16 veces Campe\u00f3n Mundial dejar los jorts y zapatillas y cambiar a trunks negros y botas:<\/p>\n<div id=\"ad-slot\" style=\"min-width: 300px; min-height: 250px;\"><p style=\"text-align: center;\">\r\n<script async src=\"https:\/\/pagead2.googlesyndication.com\/pagead\/js\/adsbygoogle.js\"><\/script>\r\n<!-- Responsive sc c -->\r\n<ins class=\"adsbygoogle\"\r\n     style=\"display:block\"\r\n     data-ad-client=\"ca-pub-1244235910658811\"\r\n     data-ad-slot=\"4234005358\"\r\n     data-ad-format=\"auto\"\r\n     data-full-width-responsive=\"true\"><\/ins>\r\n<script>\r\n     (adsbygoogle = window.adsbygoogle || []).push({});\r\n<\/script><\/p><\/div>\n<blockquote><p>&#8220;Lo pondr\u00eda en trunks negros. Lo pondr\u00eda en botas negras. Pero, \u00bfcu\u00e1l es su nombre? \u00bfCu\u00e1l es su nombre? Ver\u00e1s, John Cena no es suficiente. Entonces, ahora tenemos que a\u00f1adirle algo. \u00bfSabes a qu\u00e9 me refiero? Tenemos que a\u00f1adir algo a su nombre para reinventarlo. Y lo pondr\u00eda en negro. [\u00bfLe cortar\u00edas el pelo otra vez?] Lo rasurar\u00eda de nuevo. Ser\u00eda negro. Ya sabes, tal vez algo de vello facial,&#8221; dijo.<\/p><\/blockquote>\n<p>El veterano de 58 a\u00f1os afirm\u00f3 que The Franchise Player debe cambiar completamente su apariencia, sugiriendo que use una bata en su camino al ring.<\/p>\n<blockquote><p>&#8220;Sabes, no s\u00e9 qu\u00e9 va a hacer porque no s\u00e9 si Cena sigue haciendo esos programas matutinos o est\u00e1 en televisi\u00f3n haciendo algo. No lo s\u00e9. Pero tiene que ser un tipo totalmente diferente. Ya sabes, las zapatillas y esos pantalones caquis o lo que sea, eso se acab\u00f3. Querr\u00e1s ponerlo, no s\u00e9, tal vez en una bata, ya sabes, algo. Tal vez darle un par de chicas,&#8221; a\u00f1adi\u00f3. [23:37 &#8211; 25:10]<\/p><\/blockquote>\n<p><em>Revisa los comentarios de Mancini en el video a continuaci\u00f3n:<\/em><br \/>\n<iframe loading=\"lazy\" src=\"https:\/\/www.youtube.com\/embed\/GZfkamtFsng\" width=\"100%\" height=\"470\" frameborder=\"0\" allowfullscreen=\"allowfullscreen\" data-mce-fragment=\"1\"><\/iframe><\/p>\n<h2>El coanfitri\u00f3n de Mario Mancini piensa que John Cena derrotar\u00e1 a Cody Rhodes en WWE WrestleMania 41<\/h2>\n<p>En el mismo episodio del podcast <em>Power &amp; Glory<\/em>, el coanfitri\u00f3n de Mario Mancini, el exsuperestrella Paul Roma, predijo el resultado del pr\u00f3ximo combate por el Campeonato Indiscutido de WWE entre <a href=\"https:\/\/www.prwrestling.com\/nw\/tag\/john-cena\">John Cena<\/a> y Cody Rhodes en WrestleMania 41.<\/p>\n<p>El veterano de la lucha libre afirm\u00f3 que el L\u00edder de la Cenation dejar\u00eda Las Vegas con el t\u00edtulo:<\/p>\n<blockquote><p>&#8220;No tengo nada en contra de la familia Rhodes. Creo que Cody est\u00e1 apagado ahora mismo. No tiene nada interesante. Sale, los fans lo aplauden, pero no se vuelven locos por \u00e9l. A falta de una palabra mejor, como siempre dec\u00edamos, est\u00e1 muerto en el agua ahora mismo. Necesitan intentar encender algo, hacer que algo pase, ya sea que vayan a poner a Cena sobre \u00e9l para convertirlo en un verdadero heel y eso es b\u00e1sicamente lo que veo que va a pasar,&#8221; dijo.<\/p><\/blockquote>\n<p>Ser\u00e1 interesante ver si John Cena\u00a0estrena un nuevo look tras su inesperado giro a heel.<\/p>\n","protected":false},"excerpt":{"rendered":"<p>John Cena ha dado un sorprendente giro a heel despu\u00e9s de casi dos d\u00e9cadas. El exsuperestrella de WWE, Mario Mancini, sugiri\u00f3 recientemente un escenario en el que el L\u00edder de la Cenation debutar\u00eda con un nuevo look y cambiar\u00eda de nombre.<\/p>\n","protected":false},"author":1,"featured_media":276650,"comment_status":"closed","ping_status":"closed","sticky":false,"template":"","format":"standard","meta":{"footnotes":""},"categories":[5,38],"tags":[],"class_list":["post-276648","post","type-post","status-publish","format-standard","has-post-thumbnail","category-noticias","category-noticias-y-rumores-de-la-wwe"],"_links":{"self":[{"href":"https:\/\/www.prwrestling.com\/nw\/wp-json\/wp\/v2\/posts\/276648","targetHints":{"allow":["GET"]}}],"collection":[{"href":"https:\/\/www.prwrestling.com\/nw\/wp-json\/wp\/v2\/posts"}],"about":[{"href":"https:\/\/www.prwrestling.com\/nw\/wp-json\/wp\/v2\/types\/post"}],"author":[{"embeddable":true,"href":"https:\/\/www.prwrestling.com\/nw\/wp-json\/wp\/v2\/users\/1"}],"replies":[{"embeddable":true,"href":"https:\/\/www.prwrestling.com\/nw\/wp-json\/wp\/v2\/comments?post=276648"}],"version-history":[{"count":1,"href":"https:\/\/www.prwrestling.com\/nw\/wp-json\/wp\/v2\/posts\/276648\/revisions"}],"predecessor-version":[{"id":276651,"href":"https:\/\/www.prwrestling.com\/nw\/wp-json\/wp\/v2\/posts\/276648\/revisions\/276651"}],"wp:featuredmedia":[{"embeddable":true,"href":"https:\/\/www.prwrestling.com\/nw\/wp-json\/wp\/v2\/media\/276650"}],"wp:attachment":[{"href":"https:\/\/www.prwrestling.com\/nw\/wp-json\/wp\/v2\/media?parent=276648"}],"wp:term":[{"taxonomy":"category","embeddable":true,"href":"https:\/\/www.prwrestling.com\/nw\/wp-json\/wp\/v2\/categories?post=276648"},{"taxonomy":"post_tag","embeddable":true,"href":"https:\/\/www.prwrestling.com\/nw\/wp-json\/wp\/v2\/tags?post=276648"}],"curies":[{"name":"wp","href":"https:\/\/api.w.org\/{rel}","templated":true}]}}