{"id":277035,"date":"2025-03-16T10:54:40","date_gmt":"2025-03-16T14:54:40","guid":{"rendered":"https:\/\/www.prwrestling.com\/nw\/?p=277035"},"modified":"2025-03-16T10:54:40","modified_gmt":"2025-03-16T14:54:40","slug":"campeon-de-la-wwe-rompe-su-personaje-para-mostrar-respeto-a-aj-styles-en-evento-en-vivo","status":"publish","type":"post","link":"https:\/\/www.prwrestling.com\/nw\/campeon-de-la-wwe-rompe-su-personaje-para-mostrar-respeto-a-aj-styles-en-evento-en-vivo\/","title":{"rendered":"Campe\u00f3n de la WWE rompe su personaje para mostrar respeto a AJ Styles en evento en vivo"},"content":{"rendered":"<p>AJ Styles estuvo en acci\u00f3n contra Gunther en el reciente evento en vivo de WWE en Alemania. The Ring General mostr\u00f3 su respeto a The Phenomenal One despu\u00e9s de derrotarlo en un combate en jaula de acero.<\/p>\n<p><!--more--><div id=\"ad-slot\" style=\"min-width: 300px; min-height: 250px;\">\r\n<p style=\"text-align: center;\">\r\n<script async src=\"https:\/\/pagead2.googlesyndication.com\/pagead\/js\/adsbygoogle.js\"><\/script>\r\n<!-- 300x250 sc a -->\r\n<ins class=\"adsbygoogle\"\r\n     style=\"display:inline-block;width:300px;height:250px\"\r\n     data-ad-client=\"ca-pub-1244235910658811\"\r\n     data-ad-slot=\"8592682546\"><\/ins>\r\n<script>\r\n     (adsbygoogle = window.adsbygoogle || []).push({});\r\n<\/script><\/center>\r\n<\/p><\/div><\/p>\n<p><a href=\"https:\/\/www.prwrestling.com\/nw\/tag\/gunther\" target=\"_blank\" rel=\"noopener noreferrer\" data-is-sponsored=\"false\">Gunther<\/a> tambi\u00e9n apareci\u00f3 en la \u00faltima edici\u00f3n de WWE SmackDown, donde se enfrent\u00f3 a la mitad del actual Campe\u00f3n de Parejas de NXT, Axiom. Este \u00faltimo llev\u00f3 a The Ring General al l\u00edmite, pero no logr\u00f3 asegurar una victoria sorpresa en su pa\u00eds natal.<\/p>\n<p>Tras aparecer en el SmackDown en Barcelona, Gunther viaj\u00f3 a Alemania, donde defendi\u00f3 con \u00e9xito el Campeonato Mundial de Peso Pesado contra Styles en un show en vivo en Dortmund. Despu\u00e9s del combate, mostr\u00f3 respeto al ex Campe\u00f3n de WWE.<\/p>\n<div id=\"ad-slot\" style=\"min-width: 300px; min-height: 250px;\"><p style=\"text-align: center;\">\r\n<script async src=\"https:\/\/pagead2.googlesyndication.com\/pagead\/js\/adsbygoogle.js\"><\/script>\r\n<!-- Responsive sc c -->\r\n<ins class=\"adsbygoogle\"\r\n     style=\"display:block\"\r\n     data-ad-client=\"ca-pub-1244235910658811\"\r\n     data-ad-slot=\"4234005358\"\r\n     data-ad-format=\"auto\"\r\n     data-full-width-responsive=\"true\"><\/ins>\r\n<script>\r\n     (adsbygoogle = window.adsbygoogle || []).push({});\r\n<\/script><\/p><\/div>\n<p><em>Mira el video a continuaci\u00f3n:<\/em><\/p>\n<p><iframe loading=\"lazy\" title=\"GUNTHER rompe su personaje para mostrar respeto a AJ Styles en evento en vivo.\" src=\"https:\/\/www.youtube.com\/embed\/2mJWEDRJAJY\" width=\"100%\" height=\"434\" frameborder=\"0\" allowfullscreen=\"allowfullscreen\"><span data-mce-type=\"bookmark\" style=\"display: inline-block; width: 0px; overflow: hidden; line-height: 0;\" class=\"mce_SELRES_start\">\ufeff<\/span><\/iframe><\/p>\n<h2>AJ Styles explic\u00f3 qu\u00e9 es lo que m\u00e1s extra\u00f1ar\u00e1 tras retirarse de la lucha libre profesional<\/h2>\n<p><a href=\"https:\/\/www.prwrestling.com\/nw\/tag\/aj-styles\" target=\"_blank\" rel=\"noopener noreferrer\" data-is-sponsored=\"false\">AJ Styles<\/a> ha hablado sobre sus planes de retirarse de la lucha libre profesional y qu\u00e9 es lo que m\u00e1s extra\u00f1ar\u00e1. Explic\u00f3 el ascenso de Dominik Mysterio y c\u00f3mo la superestrella de 27 a\u00f1os se ha establecido como uno de los mejores en la industria.<\/p>\n<p>Hablando en <em>INSIGHT<\/em> con Chris Van Vliet, The Phenomenal One afirm\u00f3 que extra\u00f1ar\u00e1 ver el crecimiento de sus compa\u00f1eros. Dijo:<\/p>\n<blockquote><p>&#8220;Oh hombre, Dominik Mysterio, tan incre\u00edblemente bueno. Ver de d\u00f3nde estaba a d\u00f3nde est\u00e1 ahora, f\u00e1cilmente en mi opini\u00f3n, el heel estelar. Como si no pudiera generar rechazo como \u00e9l lo hace. Pero ver d\u00f3nde estaba cuando lleg\u00f3 por primera vez, eso es genial. Me gusta ver eso. Eso es lo que voy a extra\u00f1ar cuando todo termine, \u00bfverdad? Solo ver a la gente hacerlo realmente bien y encontrar una manera de llegar a la cima.&#8221;<\/p><\/blockquote>\n<p><iframe loading=\"lazy\" title=\"\u201cDirty\u201d Dominik Mysterio interrupts AJ Styles during his return: Raw highlights, Feb. 10, 2025\" src=\"https:\/\/www.youtube.com\/embed\/9qbYh_EVvKw\" width=\"100%\" height=\"414\" frameborder=\"0\" allowfullscreen=\"allowfullscreen\"><span data-mce-type=\"bookmark\" style=\"display: inline-block; width: 0px; overflow: hidden; line-height: 0;\" class=\"mce_SELRES_start\">\ufeff<\/span><\/iframe><br \/>\nAJ Styles est\u00e1 actualmente en una rivalidad con Logan Paul en Monday Night RAW. Las dos superestrellas se cruzaron y pelearon despu\u00e9s de que The Maverick atacara al comediante Andrew Schulz, quien estaba sentado en primera fila durante una reciente edici\u00f3n de RAW. Es probable que WWE programe un combate entre Styles y Paul para WrestleMania 41.<\/p>\n","protected":false},"excerpt":{"rendered":"<p>AJ Styles estuvo en acci\u00f3n contra Gunther en el reciente evento en vivo de WWE en Alemania. The Ring General mostr\u00f3 su respeto a The Phenomenal One despu\u00e9s de derrotarlo en un combate en jaula de acero.<\/p>\n","protected":false},"author":1,"featured_media":277036,"comment_status":"closed","ping_status":"closed","sticky":false,"template":"","format":"standard","meta":{"footnotes":""},"categories":[5,38],"tags":[],"class_list":{"0":"post-277035","1":"post","2":"type-post","3":"status-publish","4":"format-standard","5":"has-post-thumbnail","7":"category-noticias","8":"category-noticias-y-rumores-de-la-wwe"},"_links":{"self":[{"href":"https:\/\/www.prwrestling.com\/nw\/wp-json\/wp\/v2\/posts\/277035","targetHints":{"allow":["GET"]}}],"collection":[{"href":"https:\/\/www.prwrestling.com\/nw\/wp-json\/wp\/v2\/posts"}],"about":[{"href":"https:\/\/www.prwrestling.com\/nw\/wp-json\/wp\/v2\/types\/post"}],"author":[{"embeddable":true,"href":"https:\/\/www.prwrestling.com\/nw\/wp-json\/wp\/v2\/users\/1"}],"replies":[{"embeddable":true,"href":"https:\/\/www.prwrestling.com\/nw\/wp-json\/wp\/v2\/comments?post=277035"}],"version-history":[{"count":1,"href":"https:\/\/www.prwrestling.com\/nw\/wp-json\/wp\/v2\/posts\/277035\/revisions"}],"predecessor-version":[{"id":277037,"href":"https:\/\/www.prwrestling.com\/nw\/wp-json\/wp\/v2\/posts\/277035\/revisions\/277037"}],"wp:featuredmedia":[{"embeddable":true,"href":"https:\/\/www.prwrestling.com\/nw\/wp-json\/wp\/v2\/media\/277036"}],"wp:attachment":[{"href":"https:\/\/www.prwrestling.com\/nw\/wp-json\/wp\/v2\/media?parent=277035"}],"wp:term":[{"taxonomy":"category","embeddable":true,"href":"https:\/\/www.prwrestling.com\/nw\/wp-json\/wp\/v2\/categories?post=277035"},{"taxonomy":"post_tag","embeddable":true,"href":"https:\/\/www.prwrestling.com\/nw\/wp-json\/wp\/v2\/tags?post=277035"}],"curies":[{"name":"wp","href":"https:\/\/api.w.org\/{rel}","templated":true}]}}