{"id":277160,"date":"2025-03-19T09:44:40","date_gmt":"2025-03-19T13:44:40","guid":{"rendered":"https:\/\/www.prwrestling.com\/nw\/?p=277160"},"modified":"2025-03-18T22:07:02","modified_gmt":"2025-03-19T02:07:02","slug":"lo-que-debe-pasar-entre-cody-rhodes-y-john-cena-la-proxima-semana-en-raw-segun-ex-campeon-de-la-wwe","status":"publish","type":"post","link":"https:\/\/www.prwrestling.com\/nw\/lo-que-debe-pasar-entre-cody-rhodes-y-john-cena-la-proxima-semana-en-raw-segun-ex-campeon-de-la-wwe\/","title":{"rendered":"Lo que debe pasar entre Cody Rhodes y John Cena la pr\u00f3xima semana en RAW, seg\u00fan ex campe\u00f3n de la WWE?"},"content":{"rendered":"<p>Esta semana en Monday Night RAW, Cody Rhodes y <a href=\"https:\/\/www.prwrestling.com\/nw\/tag\/john-cena\" target=\"_blank\" rel=\"noopener noreferrer\" data-is-sponsored=\"false\">John Cena<\/a> se encontraron cara a cara por primera vez desde Elimination Chamber 2025. Aunque no pas\u00f3 mucho entre los dos durante este enfrentamiento, Cena y Rhodes tendr\u00e1n nuevamente la oportunidad de expresar sus pensamientos el uno al otro.<\/p>\n<p><!--more--><div id=\"ad-slot\" style=\"min-width: 300px; min-height: 250px;\">\r\n<p style=\"text-align: center;\">\r\n<!-- Site name: prwrestling.com\r\nZone name: prwrestling.com_banner_300x250\r\nZone id: 2109741734\r\nType: banner\r\nFormat: 300x250\r\n --> \r\n\r\n<!-- Copy and paste this code on the page. -->\r\n<div id='zone_2109741734' ><\/div>\r\n<script>\r\n    (function(w,d,o,g,r,a,m){\r\n        var cid='zone_2109741734';\r\n        w[r]=w[r]||function(){(w[r+'l']=w[r+'l']||[]).push(arguments)};\r\n        function e(b,w,r){if((w[r+'h']=b.pop())&&!w.ABN){\r\n            var a=d.createElement(o),p=d.getElementsByTagName(o)[0];a.async=1;\r\n            a.src='https:\/\/cdn.'+w[r+'h']+'\/libs\/e.js';a.onerror=function(){e(g,w,r)};\r\n            p.parentNode.insertBefore(a,p)}}e(g,w,r);\r\n        w[r](cid,{id:2109741734,domain:w[r+'h']});\r\n    })(window,document,'script',['traffmovie.com'],'ABNS');\r\n<\/script>\r\n\r\n<!--\r\nWhen setting the zone code, make sure:\r\n  - you have provided all domains from which the area code will be called\r\n  - the site does not limit the loading in the Content Security Policy\r\n  - the area code is installed in the ad space inside the page\r\n  - site layout allows you to display the banner on mobile devices in full size\r\nUse data-cp1={customParam1} data-cp2={customParam2}... attributes for sending custom params\r\n-->\r\n<\/p><\/div><\/p>\n<p>La pr\u00f3xima semana en Monday Night RAW, Rhodes y Cena se enfrentar\u00e1n nuevamente en Glasgow. Dado que el primero no habl\u00f3 con The American Nightmare esta semana y solo despotric\u00f3 contra el Universo WWE, se espera que Cena aborde a Rhodes y su pr\u00f3ximo combate por el t\u00edtulo.<\/p>\n<p>Aunque hay muchas expectativas y especulaciones sobre lo que deber\u00eda pasar, el exmiembro de New Day, Big E, narr\u00f3 lo que \u00e9l piensa que debe suceder entre las dos superestrellas la pr\u00f3xima semana. Durante una aparici\u00f3n en <em>RAW Recap<\/em>, Big E sugiri\u00f3:<\/p>\n<div id=\"ad-slot\" style=\"min-width: 300px; min-height: 250px;\"><p style=\"text-align: center;\">\r\n<script async src=\"https:\/\/pagead2.googlesyndication.com\/pagead\/js\/adsbygoogle.js\"><\/script>\r\n<!-- Responsive sc c -->\r\n<ins class=\"adsbygoogle\"\r\n     style=\"display:block\"\r\n     data-ad-client=\"ca-pub-1244235910658811\"\r\n     data-ad-slot=\"4234005358\"\r\n     data-ad-format=\"auto\"\r\n     data-full-width-responsive=\"true\"><\/ins>\r\n<script>\r\n     (adsbygoogle = window.adsbygoogle || []).push({});\r\n<\/script><\/p><\/div>\n<blockquote><p>&#8220;S\u00ed, hombre. Son dos maestros del micr\u00f3fono. Dos tipos que se conocen a fondo. Es esta nueva versi\u00f3n de John Cena. De nuevo, esa no es la \u00fanica capa. S\u00e9 que hay otra capa de Cena que necesita ser descubierta. As\u00ed que, no puedo esperar al lunes.&#8221; [Desde 1:02:07 en adelante]<\/p><\/blockquote>\n<p><iframe loading=\"lazy\" src=\"https:\/\/www.youtube.com\/embed\/_FvSPFXqt1I\" width=\"100%\" height=\"470\" frameborder=\"0\" allowfullscreen=\"allowfullscreen\" data-mce-fragment=\"1\"><\/iframe><\/p>\n<h2>Big E tambi\u00e9n se neg\u00f3 a creer en el discurso de John Cena en RAW<\/h2>\n<p>En el RAW de esta semana, John Cena solidific\u00f3 a\u00fan m\u00e1s su giro a heel. Aunque Cena no tuvo mucho que decirle a <a href=\"https:\/\/www.prwrestling.com\/nw\/tag\/cody-rhodes\" target=\"_blank\" rel=\"noopener noreferrer\" data-is-sponsored=\"false\">Cody Rhodes<\/a>, no se contuvo cuando se trat\u00f3 del Universo WWE. El campe\u00f3n mundial 16 veces de WWE lanz\u00f3 una diatriba contra los fan\u00e1ticos, lo que llev\u00f3 a que la multitud lo abucheara.<\/p>\n<p>Esto mostr\u00f3 que Cena tuvo \u00e9xito en hacer que el Universo <a href=\"https:\/\/www.prwrestling.com\/nw\/category\/noticias-wwe\/\" target=\"_blank\" rel=\"noopener noreferrer\" data-is-sponsored=\"false\">WWE<\/a> creyera en todo lo que ten\u00eda que decir. Sin embargo, alguien que se neg\u00f3 a comprar su actuaci\u00f3n fue Big E. Durante el mismo episodio de <em>RAW Recap<\/em> mencionado arriba, Big E dijo:<\/p>\n<blockquote><p>&#8220;Mira, nadie puede negar lo que John Cena ha contribuido a este negocio. He conocido a este hombre desde FCW. Todos sol\u00edamos entrenar en su gimnasio desde 2010. \u00c9l sol\u00eda decirnos que la audiencia es tu par\u00e1metro. Son lo m\u00e1s honesto en esta industria. (\u2026) Hay mucho que desglosar en lo que Cena tuvo que decir. Pero ese es mi primer pensamiento, &#8216;John, no me lo creo.'&#8221; [Desde 1:30 en adelante]<\/p><\/blockquote>\n<p><iframe loading=\"lazy\" src=\"https:\/\/www.youtube.com\/embed\/QETsYX-2Ygs\" width=\"100%\" height=\"470\" frameborder=\"0\" allowfullscreen=\"allowfullscreen\" data-mce-fragment=\"1\"><\/iframe><\/p>\n<p>El discurso de John Cena en RAW fue inusual porque la mayor\u00eda de los fan\u00e1ticos de WWE nunca han visto este lado de \u00e9l. Ser\u00e1 interesante ver si Cena permanece como heel durante toda su gira de despedida o si abandona su persona de villano para volver a ser un favorito del p\u00fablico.<\/p>\n","protected":false},"excerpt":{"rendered":"<p>Esta semana en Monday Night RAW, Cody Rhodes y John Cena se encontraron cara a cara por primera vez desde Elimination Chamber 2025. Aunque no pas\u00f3 mucho entre los dos durante este enfrentamiento, Cena y Rhodes tendr\u00e1n nuevamente la oportunidad de expresar sus pensamientos el uno al otro.<\/p>\n","protected":false},"author":1,"featured_media":277161,"comment_status":"closed","ping_status":"closed","sticky":false,"template":"","format":"standard","meta":{"footnotes":""},"categories":[5,38],"tags":[],"class_list":["post-277160","post","type-post","status-publish","format-standard","has-post-thumbnail","category-noticias","category-noticias-y-rumores-de-la-wwe"],"_links":{"self":[{"href":"https:\/\/www.prwrestling.com\/nw\/wp-json\/wp\/v2\/posts\/277160","targetHints":{"allow":["GET"]}}],"collection":[{"href":"https:\/\/www.prwrestling.com\/nw\/wp-json\/wp\/v2\/posts"}],"about":[{"href":"https:\/\/www.prwrestling.com\/nw\/wp-json\/wp\/v2\/types\/post"}],"author":[{"embeddable":true,"href":"https:\/\/www.prwrestling.com\/nw\/wp-json\/wp\/v2\/users\/1"}],"replies":[{"embeddable":true,"href":"https:\/\/www.prwrestling.com\/nw\/wp-json\/wp\/v2\/comments?post=277160"}],"version-history":[{"count":1,"href":"https:\/\/www.prwrestling.com\/nw\/wp-json\/wp\/v2\/posts\/277160\/revisions"}],"predecessor-version":[{"id":277163,"href":"https:\/\/www.prwrestling.com\/nw\/wp-json\/wp\/v2\/posts\/277160\/revisions\/277163"}],"wp:featuredmedia":[{"embeddable":true,"href":"https:\/\/www.prwrestling.com\/nw\/wp-json\/wp\/v2\/media\/277161"}],"wp:attachment":[{"href":"https:\/\/www.prwrestling.com\/nw\/wp-json\/wp\/v2\/media?parent=277160"}],"wp:term":[{"taxonomy":"category","embeddable":true,"href":"https:\/\/www.prwrestling.com\/nw\/wp-json\/wp\/v2\/categories?post=277160"},{"taxonomy":"post_tag","embeddable":true,"href":"https:\/\/www.prwrestling.com\/nw\/wp-json\/wp\/v2\/tags?post=277160"}],"curies":[{"name":"wp","href":"https:\/\/api.w.org\/{rel}","templated":true}]}}