{"id":277352,"date":"2025-03-23T11:01:48","date_gmt":"2025-03-23T15:01:48","guid":{"rendered":"https:\/\/www.prwrestling.com\/nw\/?p=277352"},"modified":"2025-04-13T10:55:43","modified_gmt":"2025-04-13T14:55:43","slug":"resumen-de-noticias-y-rumores-de-la-wwe-ex-campeon-no-regresara-a-la-competencia-en-el-ring-debido-a-problemas-de-salud-actualizacion-de-alexa-bliss-el-regreso-de-andrade-y-mas","status":"publish","type":"post","link":"https:\/\/www.prwrestling.com\/nw\/resumen-de-noticias-y-rumores-de-la-wwe-ex-campeon-no-regresara-a-la-competencia-en-el-ring-debido-a-problemas-de-salud-actualizacion-de-alexa-bliss-el-regreso-de-andrade-y-mas\/","title":{"rendered":"Resumen de noticias y rumores de la WWE: Ex campe\u00f3n no regresar\u00e1 a la competencia en el ring debido a problemas de salud, actualizaci\u00f3n de Alexa Bliss, el regreso de Andrade y m\u00e1s"},"content":{"rendered":"<p>Estamos de vuelta con otra emocionante edici\u00f3n del resumen de Noticias y Rumores de WWE de PRWrestling, donde discutimos todas las historias principales y chismes del mundo del gigante de la lucha libre profesional. En el art\u00edculo de hoy, veremos historias sobre Alexa Bliss y Andrade, entre otros temas interesantes.<\/p>\n<p><!--more--><div id=\"ad-slot\" style=\"min-width: 300px; min-height: 250px;\">\r\n<p style=\"text-align: center;\">\r\n<script async src=\"https:\/\/pagead2.googlesyndication.com\/pagead\/js\/adsbygoogle.js\"><\/script>\r\n<!-- 300x250 sc a -->\r\n<ins class=\"adsbygoogle\"\r\n     style=\"display:inline-block;width:300px;height:250px\"\r\n     data-ad-client=\"ca-pub-1244235910658811\"\r\n     data-ad-slot=\"8592682546\"><\/ins>\r\n<script>\r\n     (adsbygoogle = window.adsbygoogle || []).push({});\r\n<\/script><\/center>\r\n<\/p><\/div><\/p>\n<p>Adem\u00e1s, un ex campe\u00f3n ha confirmado que no volver\u00e1 a luchar debido a problemas de salud. As\u00ed que sin m\u00e1s demora, revisemos las noticias m\u00e1s candentes de la semana.<\/p>\n<h2>#1. Una leyenda regresa a WWE bajo un nuevo acuerdo<\/h2>\n<blockquote class=\"instagram-media\" style=\"background: #FFF; border: 0; border-radius: 3px; box-shadow: 0 0 1px 0 rgba(0,0,0,0.5),0 1px 10px 0 rgba(0,0,0,0.15); margin: 1px; max-width: 540px; min-width: 326px; padding: 0; width: calc(100% - 2px);\" data-instgrm-captioned=\"\" data-instgrm-permalink=\"https:\/\/www.instagram.com\/reel\/DHhAs6VpNRm\/?utm_source=ig_embed&amp;utm_campaign=loading\" data-instgrm-version=\"14\">\n<div style=\"padding: 16px;\">\n<p>&nbsp;<\/p>\n<div style=\"display: flex; flex-direction: row; align-items: center;\">\n<div style=\"background-color: #f4f4f4; border-radius: 50%; flex-grow: 0; height: 40px; margin-right: 14px; width: 40px;\"><\/div>\n<div style=\"display: flex; flex-direction: column; flex-grow: 1; justify-content: center;\">\n<div style=\"background-color: #f4f4f4; border-radius: 4px; flex-grow: 0; height: 14px; margin-bottom: 6px; width: 100px;\"><\/div>\n<div style=\"background-color: #f4f4f4; border-radius: 4px; flex-grow: 0; height: 14px; width: 60px;\"><\/div>\n<\/div>\n<\/div>\n<div style=\"padding: 19% 0;\"><\/div>\n<div style=\"display: block; height: 50px; margin: 0 auto 12px; width: 50px;\"><\/div>\n<div style=\"padding-top: 8px;\">\n<div style=\"color: #3897f0; font-family: Arial,sans-serif; font-size: 14px; font-style: normal; font-weight: 550; line-height: 18px;\">View this post on Instagram<\/div>\n<\/div>\n<div style=\"padding: 12.5% 0;\"><\/div>\n<div style=\"display: flex; flex-direction: row; margin-bottom: 14px; align-items: center;\">\n<div>\n<div style=\"background-color: #f4f4f4; border-radius: 50%; height: 12.5px; width: 12.5px; transform: translateX(0px) translateY(7px);\"><\/div>\n<div style=\"background-color: #f4f4f4; height: 12.5px; transform: rotate(-45deg) translateX(3px) translateY(1px); width: 12.5px; flex-grow: 0; margin-right: 14px; margin-left: 2px;\"><\/div>\n<div style=\"background-color: #f4f4f4; border-radius: 50%; height: 12.5px; width: 12.5px; transform: translateX(9px) translateY(-18px);\"><\/div>\n<\/div>\n<div style=\"margin-left: 8px;\">\n<div style=\"background-color: #f4f4f4; border-radius: 50%; flex-grow: 0; height: 20px; width: 20px;\"><\/div>\n<div style=\"width: 0; height: 0; border-top: 2px solid transparent; border-left: 6px solid #f4f4f4; border-bottom: 2px solid transparent; transform: translateX(16px) translateY(-4px) rotate(30deg);\"><\/div>\n<\/div>\n<div style=\"margin-left: auto;\">\n<div style=\"width: 0px; border-top: 8px solid #F4F4F4; border-right: 8px solid transparent; transform: translateY(16px);\"><\/div>\n<div style=\"background-color: #f4f4f4; flex-grow: 0; height: 12px; width: 16px; transform: translateY(-4px);\"><\/div>\n<div style=\"width: 0; height: 0; border-top: 8px solid #F4F4F4; border-left: 8px solid transparent; transform: translateY(-4px) translateX(8px);\"><\/div>\n<\/div>\n<\/div>\n<div style=\"display: flex; flex-direction: column; flex-grow: 1; justify-content: center; margin-bottom: 24px;\">\n<div style=\"background-color: #f4f4f4; border-radius: 4px; flex-grow: 0; height: 14px; margin-bottom: 6px; width: 224px;\"><\/div>\n<div style=\"background-color: #f4f4f4; border-radius: 4px; flex-grow: 0; height: 14px; width: 144px;\"><\/div>\n<\/div>\n<p>&nbsp;<\/p>\n<p style=\"color: #c9c8cd; font-family: Arial,sans-serif; font-size: 14px; line-height: 17px; margin-bottom: 0; margin-top: 8px; overflow: hidden; padding: 8px 0 7px; text-align: center; text-overflow: ellipsis; white-space: nowrap;\"><a style=\"color: #c9c8cd; font-family: Arial,sans-serif; font-size: 14px; font-style: normal; font-weight: normal; line-height: 17px; text-decoration: none;\" href=\"https:\/\/www.instagram.com\/reel\/DHhAs6VpNRm\/?utm_source=ig_embed&amp;utm_campaign=loading\" target=\"_blank\" rel=\"noopener\">A post shared by Stephanie Feiner | Lic. Real Estate Agent | TheMarkHenry.com (@stephaniefeiner821)<\/a><\/p>\n<\/div>\n<\/blockquote>\n<p><script async src=\"\/\/www.instagram.com\/embed.js\"><\/script><br \/>\n<a href=\"https:\/\/www.prwrestling.com\/nw\/tag\/mark-henry\">Mark Henry<\/a> ha regresado al gigante global despu\u00e9s de una breve etapa con AEW. El Hombre M\u00e1s Fuerte del Mundo fue parte de la promoci\u00f3n de Tony Khan desde 2021 hasta 2024. Sin embargo, se separ\u00f3 de la compa\u00f1\u00eda en mayo del a\u00f1o pasado.<\/p>\n<p>El ex campe\u00f3n recientemente confirm\u00f3 que ha firmado un &#8216;acuerdo de nostalgia&#8217; con WWE. Esto podr\u00eda incluir apariciones espor\u00e1dicas en la programaci\u00f3n de televisi\u00f3n, lo que parece ser tambi\u00e9n el caso con el contrato de Leyendas.<\/p>\n<div id=\"ad-slot\" style=\"min-width: 300px; min-height: 250px;\"><p style=\"text-align: center;\">\r\n<script async src=\"https:\/\/pagead2.googlesyndication.com\/pagead\/js\/adsbygoogle.js\"><\/script>\r\n<!-- Responsive sc c -->\r\n<ins class=\"adsbygoogle\"\r\n     style=\"display:block\"\r\n     data-ad-client=\"ca-pub-1244235910658811\"\r\n     data-ad-slot=\"4234005358\"\r\n     data-ad-format=\"auto\"\r\n     data-full-width-responsive=\"true\"><\/ins>\r\n<script>\r\n     (adsbygoogle = window.adsbygoogle || []).push({});\r\n<\/script><\/p><\/div>\n<h2>#2. Andrade regresa al cuadril\u00e1tero<\/h2>\n<p>Andrade no ha sido visto en SmackDown desde hace casi un mes, con muchos fan\u00e1ticos cuestionando su ausencia en el programa de tres horas. Sin embargo, el ex estrella de AEW estuvo en acci\u00f3n en el evento en vivo Road to WrestleMania recientemente concluido de la compa\u00f1\u00eda en Belfast, Irlanda.<\/p>\n<p>Andrade derrot\u00f3 a Carmelo Hayes en su combate de regreso. Sin embargo, no hay informaci\u00f3n sobre cu\u00e1ndo podr\u00eda volver a la programaci\u00f3n de televisi\u00f3n.<\/p>\n<h2>#3. Actualizaci\u00f3n sobre Alexa Bliss<\/h2>\n<p><a href=\"https:\/\/www.prwrestling.com\/nw\/tag\/alexa-bliss\" target=\"_blank\" rel=\"noopener noreferrer\" data-is-sponsored=\"false\">Alexa Bliss<\/a> regres\u00f3 a la acci\u00f3n en Royal Rumble despu\u00e9s de casi dos a\u00f1os al margen. Sin embargo, no ha hecho mucho desde su regreso y a\u00fan no est\u00e1 involucrada en ninguna historia notable en la marca azul.<\/p>\n<p>Bliss no ha sido vista en nuestras pantallas de televisi\u00f3n desde Elimination Chamber, lo que ha dejado a muchos confundidos sobre su estado de cara a WrestleMania 41. Recientemente fue retirada del evento WWE World de Fanatics, que tendr\u00e1 lugar durante el fin de semana de WrestleMania.<\/p>\n<p>Se se\u00f1al\u00f3 en un informe de <em>Fightful<\/em> que la ex Campeona Femenina de RAW no est\u00e1 lidiando con ninguna lesi\u00f3n, lo que significa que su ausencia probablemente se debe a razones creativas.<\/p>\n<h2>#4. Una leyenda de WWE termina con la competencia en el ring<\/h2>\n<p><iframe loading=\"lazy\" src=\"https:\/\/www.youtube.com\/embed\/jqj26n83-Ic\" width=\"100%\" height=\"470\" frameborder=\"0\" allowfullscreen=\"allowfullscreen\" data-mce-fragment=\"1\"><\/iframe><\/p>\n<p>El miembro del Sal\u00f3n de la Fama de WWE, <a href=\"https:\/\/www.prwrestling.com\/nw\/tag\/lurt-angle\">Kurt Angle<\/a>, confirm\u00f3 recientemente que no volver\u00e1 a luchar. La Leyenda enfrent\u00f3 muchos problemas de salud en sus d\u00edas activos y, por lo tanto, se\u00f1al\u00f3 que ya no era posible para \u00e9l hacer un regreso. Angle tambi\u00e9n confirm\u00f3 que quer\u00eda enfrentar a John Cena en su combate de retiro, pero Vince McMahon quer\u00eda que esperara un a\u00f1o para eso:<\/p>\n<blockquote><p>&#8220;Entonces, mientras hac\u00eda esto cada semana luchando, y ve\u00eda grabaciones de ello, pens\u00e9, &#8216;Oh Dios m\u00edo, odio c\u00f3mo me veo. Parezco un viejo.&#8217; Fue entonces cuando decid\u00ed que quer\u00eda retirarme, y le dije a Vince McMahon, &#8216;Vince, quiero retirarme.&#8217; Dije en WrestleMania, y quiero a John Cena. \u00c9l dijo, &#8216;No puedes tener a John Cena. Tienes un programa con Baron Corbin. Tienes que terminarlo.&#8217; As\u00ed que dije, &#8216;Est\u00e1 bien, lo entiendo.&#8217; \u00c9l dijo, &#8216;Si quieres a Cena, podr\u00edas esperar al pr\u00f3ximo a\u00f1o.&#8217; Y no quer\u00eda esperar otro a\u00f1o por c\u00f3mo estaba luchando&#8230; Sent\u00ed que ya no pod\u00eda hacerlo m\u00e1s. Est\u00e1 fuera de mis manos, y decid\u00ed que nunca volver\u00eda a pisar el ring, y me mantengo en eso hasta el d\u00eda de hoy.&#8221;<\/p><\/blockquote>\n<p>Sin embargo, Kurt Angle a\u00f1adi\u00f3 que est\u00e1 abierto a regresar a WWE en un rol diferente. Muchos quer\u00edan que dirigiera a American Made tras la formaci\u00f3n del grupo y la leyenda tambi\u00e9n estaba de acuerdo con la idea. Sin embargo, eso a\u00fan no ha sucedido.<\/p>\n","protected":false},"excerpt":{"rendered":"<p>Estamos de vuelta con otra emocionante edici\u00f3n del resumen de Noticias y Rumores de WWE de PRWrestling, donde discutimos todas las historias principales y chismes del mundo del gigante de la lucha libre profesional. En el art\u00edculo de hoy, veremos historias sobre Alexa Bliss y Andrade, entre otros temas interesantes.<\/p>\n","protected":false},"author":1,"featured_media":277353,"comment_status":"closed","ping_status":"closed","sticky":false,"template":"","format":"standard","meta":{"footnotes":""},"categories":[5,38],"tags":[7638,7639],"class_list":{"0":"post-277352","1":"post","2":"type-post","3":"status-publish","4":"format-standard","5":"has-post-thumbnail","7":"category-noticias","8":"category-noticias-y-rumores-de-la-wwe","9":"tag-noticias-y-rumores-de-la-wwe","10":"tag-rumores-de-la-wwe"},"_links":{"self":[{"href":"https:\/\/www.prwrestling.com\/nw\/wp-json\/wp\/v2\/posts\/277352","targetHints":{"allow":["GET"]}}],"collection":[{"href":"https:\/\/www.prwrestling.com\/nw\/wp-json\/wp\/v2\/posts"}],"about":[{"href":"https:\/\/www.prwrestling.com\/nw\/wp-json\/wp\/v2\/types\/post"}],"author":[{"embeddable":true,"href":"https:\/\/www.prwrestling.com\/nw\/wp-json\/wp\/v2\/users\/1"}],"replies":[{"embeddable":true,"href":"https:\/\/www.prwrestling.com\/nw\/wp-json\/wp\/v2\/comments?post=277352"}],"version-history":[{"count":1,"href":"https:\/\/www.prwrestling.com\/nw\/wp-json\/wp\/v2\/posts\/277352\/revisions"}],"predecessor-version":[{"id":277354,"href":"https:\/\/www.prwrestling.com\/nw\/wp-json\/wp\/v2\/posts\/277352\/revisions\/277354"}],"wp:featuredmedia":[{"embeddable":true,"href":"https:\/\/www.prwrestling.com\/nw\/wp-json\/wp\/v2\/media\/277353"}],"wp:attachment":[{"href":"https:\/\/www.prwrestling.com\/nw\/wp-json\/wp\/v2\/media?parent=277352"}],"wp:term":[{"taxonomy":"category","embeddable":true,"href":"https:\/\/www.prwrestling.com\/nw\/wp-json\/wp\/v2\/categories?post=277352"},{"taxonomy":"post_tag","embeddable":true,"href":"https:\/\/www.prwrestling.com\/nw\/wp-json\/wp\/v2\/tags?post=277352"}],"curies":[{"name":"wp","href":"https:\/\/api.w.org\/{rel}","templated":true}]}}