{"id":277530,"date":"2025-03-26T21:52:24","date_gmt":"2025-03-27T01:52:24","guid":{"rendered":"https:\/\/www.prwrestling.com\/nw\/?p=277530"},"modified":"2025-03-26T21:52:31","modified_gmt":"2025-03-27T01:52:31","slug":"wwe-convoca-una-reunion-y-anuncia-oficialmente-al-nuevo-gerente-general","status":"publish","type":"post","link":"https:\/\/www.prwrestling.com\/nw\/wwe-convoca-una-reunion-y-anuncia-oficialmente-al-nuevo-gerente-general\/","title":{"rendered":"WWE convoca una reuni\u00f3n y anuncia oficialmente a nuevo Gerente General"},"content":{"rendered":"<p>Tras Nick Aldis, Adam Pearce y Ava, WWE ha anunciado oficialmente un nuevo Gerente General. El anuncio se realiz\u00f3 durante una reuni\u00f3n del Ayuntamiento.<\/p>\n<p><!--more--><div id=\"ad-slot\" style=\"min-width: 300px; min-height: 250px;\">\r\n<p style=\"text-align: center;\">\r\n<!-- Site name: prwrestling.com\r\nZone name: prwrestling.com_banner_300x250\r\nZone id: 2109741734\r\nType: banner\r\nFormat: 300x250\r\n --> \r\n\r\n<!-- Copy and paste this code on the page. -->\r\n<div id='zone_2109741734' ><\/div>\r\n<script>\r\n    (function(w,d,o,g,r,a,m){\r\n        var cid='zone_2109741734';\r\n        w[r]=w[r]||function(){(w[r+'l']=w[r+'l']||[]).push(arguments)};\r\n        function e(b,w,r){if((w[r+'h']=b.pop())&&!w.ABN){\r\n            var a=d.createElement(o),p=d.getElementsByTagName(o)[0];a.async=1;\r\n            a.src='https:\/\/cdn.'+w[r+'h']+'\/libs\/e.js';a.onerror=function(){e(g,w,r)};\r\n            p.parentNode.insertBefore(a,p)}}e(g,w,r);\r\n        w[r](cid,{id:2109741734,domain:w[r+'h']});\r\n    })(window,document,'script',['traffmovie.com'],'ABNS');\r\n<\/script>\r\n\r\n<!--\r\nWhen setting the zone code, make sure:\r\n  - you have provided all domains from which the area code will be called\r\n  - the site does not limit the loading in the Content Security Policy\r\n  - the area code is installed in the ad space inside the page\r\n  - site layout allows you to display the banner on mobile devices in full size\r\nUse data-cp1={customParam1} data-cp2={customParam2}... attributes for sending custom params\r\n-->\r\n<\/p><\/div><\/p>\n<p>Los tres Gerentes Generales actuales se han vuelto sin\u00f3nimos de sus marcas y han hecho un buen trabajo en su posici\u00f3n. <a href=\"https:\/\/www.prwrestling.com\/nw\/tag\/ava-raine\" target=\"_blank\" rel=\"noopener noreferrer\" data-is-sponsored=\"false\">Ava<\/a> fue anunciada como la encargada de Evolve por Shawn Michaels cuando el programa se introdujo hace unas semanas. Ahora, ha felicitado a Stevie Turner y anunciado que es su turno de ser Gerente General.<\/p>\n<blockquote><p>&#8220;Stevie, has sido absolutamente fenomenal durante las \u00faltimas semanas. Los combates que me has propuesto, el talento que has adquirido. Incluso tienes a un Campe\u00f3n OG de Evolve en el programa. Estoy muy impresionada. Absolutamente pienso que es hora del pr\u00f3ximo paso en tu viaje.&#8221;<\/p><\/blockquote>\n<div id=\"ad-slot\" style=\"min-width: 300px; min-height: 250px;\"><p style=\"text-align: center;\">\r\n<script async src=\"https:\/\/pagead2.googlesyndication.com\/pagead\/js\/adsbygoogle.js\"><\/script>\r\n<!-- Responsive sc c -->\r\n<ins class=\"adsbygoogle\"\r\n     style=\"display:block\"\r\n     data-ad-client=\"ca-pub-1244235910658811\"\r\n     data-ad-slot=\"4234005358\"\r\n     data-ad-format=\"auto\"\r\n     data-full-width-responsive=\"true\"><\/ins>\r\n<script>\r\n     (adsbygoogle = window.adsbygoogle || []).push({});\r\n<\/script><\/p><\/div>\n<p>Se convoc\u00f3 una reuni\u00f3n del ayuntamiento para el inicio del episodio de esta semana de WWE Evolve, donde Stevie Turner fue confirmada oficialmente como la nueva Gerente General del programa. Turner hab\u00eda estado trabajando en nombre de Ava durante las \u00faltimas semanas.<\/p>\n<div style=\"height: 0px; overflow: hidden; padding-top: 56.25%; position: relative; width: 100%;\"><iframe style=\"position: absolute; top: 0px; left: 0px; width: 100%; height: 100%;\" title=\"YouTube video player\" src=\"https:\/\/tube.rvere.com\/embed?v=C7PVViz6QGg\" frameborder=\"0\" allowfullscreen=\"allowfullscreen\"><br \/>\n<\/iframe><\/div>\n<p>Ella dijo que se sent\u00eda honrada y agradecida por la confianza que Ava le hab\u00eda mostrado al nombrarla como la nueva Gerente General de WWE. Est\u00e1n ocurriendo grandes cambios, ya que Turner ahora ha reemplazado a Ava, y queda por verse hacia d\u00f3nde guiar\u00e1 esta marca.<\/p>\n","protected":false},"excerpt":{"rendered":"<p>Tras Nick Aldis, Adam Pearce y Ava, WWE ha anunciado oficialmente un nuevo Gerente General. El anuncio se realiz\u00f3 durante una reuni\u00f3n del Ayuntamiento.<\/p>\n","protected":false},"author":1,"featured_media":277532,"comment_status":"closed","ping_status":"closed","sticky":false,"template":"","format":"standard","meta":{"footnotes":""},"categories":[5,38],"tags":[],"class_list":["post-277530","post","type-post","status-publish","format-standard","has-post-thumbnail","category-noticias","category-noticias-y-rumores-de-la-wwe"],"_links":{"self":[{"href":"https:\/\/www.prwrestling.com\/nw\/wp-json\/wp\/v2\/posts\/277530","targetHints":{"allow":["GET"]}}],"collection":[{"href":"https:\/\/www.prwrestling.com\/nw\/wp-json\/wp\/v2\/posts"}],"about":[{"href":"https:\/\/www.prwrestling.com\/nw\/wp-json\/wp\/v2\/types\/post"}],"author":[{"embeddable":true,"href":"https:\/\/www.prwrestling.com\/nw\/wp-json\/wp\/v2\/users\/1"}],"replies":[{"embeddable":true,"href":"https:\/\/www.prwrestling.com\/nw\/wp-json\/wp\/v2\/comments?post=277530"}],"version-history":[{"count":2,"href":"https:\/\/www.prwrestling.com\/nw\/wp-json\/wp\/v2\/posts\/277530\/revisions"}],"predecessor-version":[{"id":277535,"href":"https:\/\/www.prwrestling.com\/nw\/wp-json\/wp\/v2\/posts\/277530\/revisions\/277535"}],"wp:featuredmedia":[{"embeddable":true,"href":"https:\/\/www.prwrestling.com\/nw\/wp-json\/wp\/v2\/media\/277532"}],"wp:attachment":[{"href":"https:\/\/www.prwrestling.com\/nw\/wp-json\/wp\/v2\/media?parent=277530"}],"wp:term":[{"taxonomy":"category","embeddable":true,"href":"https:\/\/www.prwrestling.com\/nw\/wp-json\/wp\/v2\/categories?post=277530"},{"taxonomy":"post_tag","embeddable":true,"href":"https:\/\/www.prwrestling.com\/nw\/wp-json\/wp\/v2\/tags?post=277530"}],"curies":[{"name":"wp","href":"https:\/\/api.w.org\/{rel}","templated":true}]}}