{"id":277821,"date":"2025-04-01T18:06:39","date_gmt":"2025-04-01T22:06:39","guid":{"rendered":"https:\/\/www.prwrestling.com\/nw\/?p=277821"},"modified":"2025-04-01T18:06:48","modified_gmt":"2025-04-01T22:06:48","slug":"la-leyenda-de-la-wwe-mick-foley-sufre-lesiones-tras-un-accidente-automovilistico","status":"publish","type":"post","link":"https:\/\/www.prwrestling.com\/nw\/la-leyenda-de-la-wwe-mick-foley-sufre-lesiones-tras-un-accidente-automovilistico\/","title":{"rendered":"La leyenda de la WWE Mick Foley sufre lesiones tras un accidente automovil\u00edstico"},"content":{"rendered":"<p>La leyenda de WWE, Mick Foley, comparti\u00f3 hoy una actualizaci\u00f3n de salud en redes sociales despu\u00e9s de sufrir un accidente automovil\u00edstico. Foley fue inducido al Sal\u00f3n de la Fama de WWE en 2013.<\/p>\n<p><!--more--><div id=\"ad-slot\" style=\"min-width: 300px; min-height: 250px;\">\r\n<p style=\"text-align: center;\">\r\n<script async src=\"https:\/\/pagead2.googlesyndication.com\/pagead\/js\/adsbygoogle.js\"><\/script>\r\n<!-- 300x250 sc a -->\r\n<ins class=\"adsbygoogle\"\r\n     style=\"display:inline-block;width:300px;height:250px\"\r\n     data-ad-client=\"ca-pub-1244235910658811\"\r\n     data-ad-slot=\"8592682546\"><\/ins>\r\n<script>\r\n     (adsbygoogle = window.adsbygoogle || []).push({});\r\n<\/script><\/center>\r\n<\/p><\/div><\/p>\n<p><a href=\"https:\/\/www.prwrestling.com\/nw\/tag\/mick-foley\" target=\"_blank\" rel=\"noopener noreferrer\" data-is-sponsored=\"false\">Mick Foley<\/a> recurri\u00f3 a su cuenta oficial de Facebook hoy m\u00e1s temprano para revelar que hab\u00eda estado en un accidente automovil\u00edstico. Comparti\u00f3 una foto de su auto, que mostraba una cantidad sustancial de da\u00f1os por el choque. Foley admiti\u00f3 que no ten\u00eda idea de c\u00f3mo a\u00fan pod\u00eda caminar despu\u00e9s del accidente y revel\u00f3 que estaba muy adolorido y hab\u00eda sufrido una conmoci\u00f3n cerebral leve.<\/p>\n<blockquote><p>&#8220;\u00a1D\u00cdA DIF\u00cdCIL PARA MICK! No tengo idea de c\u00f3mo sigo caminando despu\u00e9s de este accidente. Estoy en el hospital ahora, y estoy adolorido desde las rodillas hasta el cuello, incluyendo una conmoci\u00f3n cerebral leve,&#8221; escribi\u00f3.<\/p><\/blockquote>\n<div id=\"ad-slot\" style=\"min-width: 300px; min-height: 250px;\"><p style=\"text-align: center;\">\r\n<script async src=\"https:\/\/pagead2.googlesyndication.com\/pagead\/js\/adsbygoogle.js\"><\/script>\r\n<!-- Responsive sc c -->\r\n<ins class=\"adsbygoogle\"\r\n     style=\"display:block\"\r\n     data-ad-client=\"ca-pub-1244235910658811\"\r\n     data-ad-slot=\"4234005358\"\r\n     data-ad-format=\"auto\"\r\n     data-full-width-responsive=\"true\"><\/ins>\r\n<script>\r\n     (adsbygoogle = window.adsbygoogle || []).push({});\r\n<\/script><\/p><\/div>\n<p>Foley recientemente insinu\u00f3 un regreso al ring pero <a href=\"https:\/\/www.prwrestling.com\/nw\/mick-foley-comparte-importante-actualizacion-de-salud-motivo-de-la-cancelacion-de-su-combate-de-regreso\/\" target=\"_blank\" rel=\"noopener noreferrer\" data-is-sponsored=\"false\">decidi\u00f3 no hacerlo<\/a> despu\u00e9s de sufrir una conmoci\u00f3n cerebral mientras entrenaba.<br \/>\n<img data-dominant-color=\"646d72\" data-has-transparency=\"false\" decoding=\"async\" class=\"alignnone  wp-image-277824 not-transparent\" src=\"https:\/\/www.prwrestling.com\/nw\/wp-content\/uploads\/2025\/04\/foley_11zon.jpg\" alt=\"Mick Foley\" width=\"100%\" height=\"100%\" style=\"--dominant-color: #646d72; max-width:400px;max-height:600px srcset=\"https:\/\/www.prwrestling.com\/nw\/wp-content\/uploads\/2025\/04\/foley_11zon.jpg 773w, https:\/\/www.prwrestling.com\/nw\/wp-content\/uploads\/2025\/04\/foley_11zon-190x300.jpg 190w, https:\/\/www.prwrestling.com\/nw\/wp-content\/uploads\/2025\/04\/foley_11zon-683x1080.jpg 683w, https:\/\/www.prwrestling.com\/nw\/wp-content\/uploads\/2025\/04\/foley_11zon-768x1214.jpg 768w, https:\/\/www.prwrestling.com\/nw\/wp-content\/uploads\/2025\/04\/foley_11zon-82x130.jpg 82w\" sizes=\"(max-width: 773px) 100vw, 773px\" \/><\/p>\n<h2>Un analista de WWE reacciona a Mick Foley ganando el t\u00edtulo<\/h2>\n<p>El Dr. Chris Featherstone comparti\u00f3 recientemente sus pensamientos sobre Mick Foley convirti\u00e9ndose en Campe\u00f3n de <a href=\"https:\/\/www.prwrestling.com\/nw\/category\/noticias-wwe\/\">WWE<\/a> en aquel entonces.<\/p>\n<p>La Leyenda Hardcore derrot\u00f3 a The Rock en el episodio del 4 de enero de 1999 de RAW. El momento se ha vuelto infame, ya que el comentarista de WCW, Tony Schiavone, lo anunci\u00f3 de antemano, pero la movida sali\u00f3 completamente al rev\u00e9s. Cientos de miles de personas cambiaron de canal de WCW a WWE tras los comentarios de Schiavone.<\/p>\n<p>Hablando en el programa <em>The Wrestling Outlaws<\/em>, Chris Featherstone revel\u00f3 que fue una de las personas que cambi\u00f3 de canal. Se\u00f1al\u00f3 que fue incre\u00edble ver a Foley capturar el t\u00edtulo, ya que fue completamente inesperado.<\/p>\n<blockquote><p>&#8220;Fue extra\u00f1o porque era como una cosa de Rock y Austin y la gente se preguntaba como, &#8216;\u00bfFoley? Espera, Schiavone. Espera un segundo. \u00bfFoley? \u00bfEn serio?&#8217; Quiero decir, yo estaba pensando eso, y fui una de las 400,000 personas que cambiaron de canal. Lo recuerdo porque ten\u00eda curiosidad porque Foley no estaba realmente en todo eso. Era m\u00e1s una cosa de Rock y Austin, y fue bueno ver ese momento culminante para Foley,&#8221; dijo.<\/p><\/blockquote>\n<div style=\"height: 0px; overflow: hidden; padding-top: 56.25%; position: relative; width: 100%;\"><iframe style=\"position: absolute; top: 0px; left: 0px; width: 100%; height: 100%;\" title=\"YouTube video player\" src=\"https:\/\/tube.rvere.com\/embed?v=eJjbnFZ6yA8\" frameborder=\"0\" allowfullscreen=\"allowfullscreen\"><br \/>\n<\/iframe><\/div>\n<p>Le deseamos a Mick Foley una pronta recuperaci\u00f3n de las lesiones que sufri\u00f3 en el accidente automovil\u00edstico.<\/p>\n","protected":false},"excerpt":{"rendered":"<p>La leyenda de WWE, Mick Foley, comparti\u00f3 hoy una actualizaci\u00f3n de salud en redes sociales despu\u00e9s de sufrir un accidente automovil\u00edstico. Foley fue inducido al Sal\u00f3n de la Fama de WWE en 2013.<\/p>\n","protected":false},"author":1,"featured_media":277822,"comment_status":"closed","ping_status":"closed","sticky":false,"template":"","format":"standard","meta":{"footnotes":""},"categories":[5,38],"tags":[1411],"class_list":{"0":"post-277821","1":"post","2":"type-post","3":"status-publish","4":"format-standard","5":"has-post-thumbnail","7":"category-noticias","8":"category-noticias-y-rumores-de-la-wwe","9":"tag-mick-foley"},"_links":{"self":[{"href":"https:\/\/www.prwrestling.com\/nw\/wp-json\/wp\/v2\/posts\/277821","targetHints":{"allow":["GET"]}}],"collection":[{"href":"https:\/\/www.prwrestling.com\/nw\/wp-json\/wp\/v2\/posts"}],"about":[{"href":"https:\/\/www.prwrestling.com\/nw\/wp-json\/wp\/v2\/types\/post"}],"author":[{"embeddable":true,"href":"https:\/\/www.prwrestling.com\/nw\/wp-json\/wp\/v2\/users\/1"}],"replies":[{"embeddable":true,"href":"https:\/\/www.prwrestling.com\/nw\/wp-json\/wp\/v2\/comments?post=277821"}],"version-history":[{"count":4,"href":"https:\/\/www.prwrestling.com\/nw\/wp-json\/wp\/v2\/posts\/277821\/revisions"}],"predecessor-version":[{"id":277828,"href":"https:\/\/www.prwrestling.com\/nw\/wp-json\/wp\/v2\/posts\/277821\/revisions\/277828"}],"wp:featuredmedia":[{"embeddable":true,"href":"https:\/\/www.prwrestling.com\/nw\/wp-json\/wp\/v2\/media\/277822"}],"wp:attachment":[{"href":"https:\/\/www.prwrestling.com\/nw\/wp-json\/wp\/v2\/media?parent=277821"}],"wp:term":[{"taxonomy":"category","embeddable":true,"href":"https:\/\/www.prwrestling.com\/nw\/wp-json\/wp\/v2\/categories?post=277821"},{"taxonomy":"post_tag","embeddable":true,"href":"https:\/\/www.prwrestling.com\/nw\/wp-json\/wp\/v2\/tags?post=277821"}],"curies":[{"name":"wp","href":"https:\/\/api.w.org\/{rel}","templated":true}]}}